

{"id":25382,"date":"2016-07-05T11:31:59","date_gmt":"2016-07-05T14:31:59","guid":{"rendered":"http:\/\/portalfloresnoar.com\/floresnoar\/?p=25382"},"modified":"2016-07-05T11:31:59","modified_gmt":"2016-07-05T14:31:59","slug":"sociedade-pede-ampliacao-do-parque-nacional-da-chapada-dos-veadeiros","status":"publish","type":"post","link":"https:\/\/portalfloresnoar.com\/floresnoar\/sociedade-pede-ampliacao-do-parque-nacional-da-chapada-dos-veadeiros\/","title":{"rendered":"Sociedade pede amplia\u00e7\u00e3o do Parque Nacional da Chapada dos Veadeiros"},"content":{"rendered":"<p><iframe loading=\"lazy\" src=\"https:\/\/www.youtube.com\/embed\/-Fm0ygCZWeo\" height=\"315\" width=\"560\" allowfullscreen=\"\" frameborder=\"0\"><\/iframe><\/p>\n<p>Unidade de Conserva\u00e7\u00e3o em Goi\u00e1s, o Parque Nacional da Chapada dos Veadeiros aguarda apenas a assinatura da Casa Civil para ter a \u00e1rea ampliada de 65 mil para 249 mil hectares.<\/p>\n<p>A Funda\u00e7\u00e3o MAIS Cerrado pede aten\u00e7\u00e3o especial ao ministro da Casa Civil, Eliseu Padilha, solicitando celeridade na assinatura da proposta de amplia\u00e7\u00e3o do Parque Nacional da Chapada dos Veadeiros, iniciativa fundamental para a conserva\u00e7\u00e3o do bioma Cerrado.<\/p>\n<p>Aprovada pelo Minist\u00e9rio do Meio Ambiente e pelo Governo de Goi\u00e1s, a proposta \u00e9 uma iniciativa urgente para fortalecer a conserva\u00e7\u00e3o do Cerrado, bioma que representa 22% do territ\u00f3rio brasileiro, \u00e9 considerado a savana com a maior biodiversidade do planeta e corre s\u00e9rios riscos de extin\u00e7\u00e3o.<\/p>\n<p>Quem prop\u00f5e a amplia\u00e7\u00e3o \u00e9 o Instituto Chico Mendes de Conserva\u00e7\u00e3o da Biodiversidade (ICMBio), gestor de todas as unidades de conserva\u00e7\u00e3o (UC) do Brasil. O Parque foi criado em 1961 com uma \u00e1rea original de 625 mil hectares e chamado de Parque Nacional do Tocantis, mas teve seu tamanho reduzido a 171 mil hectares em 1972, quando mudou de nome, e aos atuais 65 mil hectares em 1981, quando precisou abrir espa\u00e7o para a constru\u00e7\u00e3o da rodovia GO-239.<\/p>\n<p><strong>ASSINE A PETI\u00c7\u00c3O <span style=\"text-decoration: underline;\"><a href=\"https:\/\/goo.gl\/XZ2irF\" target=\"_blank\">AQUI<\/a><\/span>!<\/strong><\/p>\n<p><strong>Porque ampliar o Parque?<\/strong><br \/>\nAmpliar o Parque foi uma decis\u00e3o baseada em estudos t\u00e9cnicos e consultas p\u00fablicas \u00e0 sociedade, inclusive comunidades locais, conclu\u00eddos recentemente pelo ICMBio. Com o decreto presidencial assinado, a \u00e1rea atual ser\u00e1 multiplicada quatro vezes e retomar\u00e1 seu espa\u00e7o original, consolidando n\u00e3o s\u00f3 objetivos locais e nacionais de conserva\u00e7\u00e3o, mas tamb\u00e9m o reconhecimento internacional, por meio do t\u00edtulo de Patrim\u00f4nio Mundial Natural.<\/p>\n<p>A Funda\u00e7\u00e3o MAIS Cerrado sabe que ampliar o Parque significa mais compromisso com a conserva\u00e7\u00e3o do Cerrado e est\u00e1 preocupada com a demora na assinatura da Casa Civil, j\u00e1 que a proposta tem aprova\u00e7\u00e3o tanto do Minist\u00e9rio do Meio Ambiente e quanto do Governo de Goi\u00e1s.<\/p>\n<p><strong>Rica biodiversidade<\/strong><br \/>\nIntegrante da zona mais importante (a zona n\u00facleo) da Reserva da Biosfera do Cerrado e do corredor ecol\u00f3gico Paran\u00e3-Pirineus, o Parque Nacional da Chapada dos Veadeiros abriga ecossistemas importantes ou singulares, t\u00edpico de cerrado de altitude, com grande variedade de vegeta\u00e7\u00e3o, como campos rupestres, matas de galerias, matas ciliares, palmeirais, campos limpos, campos sujos e, com a amplia\u00e7\u00e3o, engloba tamb\u00e9m uma \u00e1rea de mata seca.<\/p>\n<p>O parque nacional \u00e9 ref\u00fagio de esp\u00e9cies amea\u00e7adas (de extin\u00e7\u00e3o) ou end\u00eamicas (que s\u00f3 existem no local), como o cervo-do-Pantanal, gato-do-mato, lobo-guar\u00e1, gato-maracaj\u00e1, pato-mergulh\u00e3o, tamandu\u00e1-bandeira, codorna-buraqueira, tatu-canastra, \u00e1guia-cinzenta, soc\u00f3-jararaca e a on\u00e7a pintada, maior mam\u00edfero carn\u00edvoro da Am\u00e9rica do Sul e inclu\u00eddo na lista de esp\u00e9cies da fauna brasileira em risco de extin\u00e7\u00e3o.<\/p>\n<p>Alguns desses animais, como a on\u00e7a-pintada, necessitam de grandes \u00e1reas para a sua sobreviv\u00eancia. H\u00e1 uma aten\u00e7\u00e3o especial para o pato-mergulh\u00e3o, severamente amea\u00e7ado, que encontra nessa regi\u00e3o seu segundo habitat em import\u00e2ncia, em termos de nidifica\u00e7\u00e3o, para garantir sua sobreviv\u00eancia.<\/p>\n","protected":false},"excerpt":{"rendered":"<p>Unidade de Conserva\u00e7\u00e3o em Goi\u00e1s, o Parque Nacional da Chapada dos Veadeiros aguarda apenas a assinatura da Casa Civil para ter a \u00e1rea ampliada de 65 mil para 249 mil hectares. A Funda\u00e7\u00e3o MAIS Cerrado pede aten\u00e7\u00e3o especial ao ministro da Casa Civil, Eliseu Padilha, solicitando celeridade na assinatura da proposta de amplia\u00e7\u00e3o do Parque [&hellip;]<\/p>\n","protected":false},"author":1,"featured_media":25383,"comment_status":"open","ping_status":"open","sticky":false,"template":"","format":"standard","meta":{"om_disable_all_campaigns":false,"_monsterinsights_skip_tracking":false,"_monsterinsights_sitenote_active":false,"_monsterinsights_sitenote_note":"","_monsterinsights_sitenote_category":0,"footnotes":""},"categories":[9],"tags":[26],"acf":[],"publishpress_future_action":{"enabled":false,"date":"1969-12-31 21:00:00","action":"","terms":[],"taxonomy":"","browser_timezone_offset":0},"_links":{"self":[{"href":"https:\/\/portalfloresnoar.com\/floresnoar\/wp-json\/wp\/v2\/posts\/25382"}],"collection":[{"href":"https:\/\/portalfloresnoar.com\/floresnoar\/wp-json\/wp\/v2\/posts"}],"about":[{"href":"https:\/\/portalfloresnoar.com\/floresnoar\/wp-json\/wp\/v2\/types\/post"}],"author":[{"embeddable":true,"href":"https:\/\/portalfloresnoar.com\/floresnoar\/wp-json\/wp\/v2\/users\/1"}],"replies":[{"embeddable":true,"href":"https:\/\/portalfloresnoar.com\/floresnoar\/wp-json\/wp\/v2\/comments?post=25382"}],"version-history":[{"count":0,"href":"https:\/\/portalfloresnoar.com\/floresnoar\/wp-json\/wp\/v2\/posts\/25382\/revisions"}],"wp:featuredmedia":[{"embeddable":true,"href":"https:\/\/portalfloresnoar.com\/floresnoar\/wp-json\/wp\/v2\/media\/25383"}],"wp:attachment":[{"href":"https:\/\/portalfloresnoar.com\/floresnoar\/wp-json\/wp\/v2\/media?parent=25382"}],"wp:term":[{"taxonomy":"category","embeddable":true,"href":"https:\/\/portalfloresnoar.com\/floresnoar\/wp-json\/wp\/v2\/categories?post=25382"},{"taxonomy":"post_tag","embeddable":true,"href":"https:\/\/portalfloresnoar.com\/floresnoar\/wp-json\/wp\/v2\/tags?post=25382"}],"curies":[{"name":"wp","href":"https:\/\/api.w.org\/{rel}","templated":true}]}}