

{"id":25376,"date":"2016-07-05T10:36:11","date_gmt":"2016-07-05T13:36:11","guid":{"rendered":"http:\/\/portalfloresnoar.com\/floresnoar\/?p=25376"},"modified":"2016-08-15T10:56:51","modified_gmt":"2016-08-15T13:56:51","slug":"festival-ilumina-acontece-neste-sabado-em-alto-paraiso-go","status":"publish","type":"post","link":"https:\/\/portalfloresnoar.com\/floresnoar\/festival-ilumina-acontece-neste-sabado-em-alto-paraiso-go\/","title":{"rendered":"[AGENDA GO] Festival Ilumina acontece dia 9\/7\/2016 em Alto Para\u00edso"},"content":{"rendered":"<p><iframe loading=\"lazy\" src=\"https:\/\/www.youtube.com\/embed\/cO_1ry1zsrg\" height=\"315\" width=\"560\" allowfullscreen=\"\" frameborder=\"0\"><\/iframe><\/p>\n<p><span style=\"line-height: 1.71429; letter-spacing: 0em;\">No dia 9 de julho, acontece o Festival Ilumina 2016, um evento hol\u00edstico que re\u00fane m\u00fasica, dan\u00e7a, medita\u00e7\u00e3o, viv\u00eancias terap\u00eauticas e programa\u00e7\u00e3o infanto-juvenil em um dia celebrativo na Chapada dos Veadeiros. Uma oportunidade para integrar corpo, mente e esp\u00edrito em um clima de paz, amor e alegria. Festa vegana e consciente (sem uso de drogas ou \u00e1lcool).<\/span><\/p>\n<p>O Festival \u00e9 realizado durante todo o dia, a partir das 8 da manh\u00e3, no Novo Portal da Chapada (ampla \u00e1rea com lindo visual, vegeta\u00e7\u00e3o nativa do cerrado, jardins naturais, cachoeira e piscinas).<\/p>\n<p><strong>Mais informa\u00e7\u00f5es:<\/strong>\u00a0<a href=\"http:\/\/l.facebook.com\/l.php?u=http%3A%2F%2Fwww.novoportaldachapada.com.br%2F&amp;h=iAQG0mrRs&amp;enc=AZPxqHQFSd9iJ1j9TbxoNEOysuTGDbYEj4iAZz8X1lB1qceyr2P6qEdmxLNq93mnjBk&amp;s=1\" target=\"_blank\" rel=\"nofollow nofollow\">www.novoportaldachapada.co<wbr \/>m.br<\/a><\/p>\n<p><strong>PROGRAMA\u00c7\u00c3O 2016<\/strong><br \/>\n8:00 \u2013 Medita\u00e7\u00e3o de Abertura com Cl\u00e1udia Gon\u00e7alves (Florais do Cerrado)<br \/>\n8:30 \u2013 Medita\u00e7\u00e3o Valores Awaken Love<br \/>\n9:30 \u2013 O-DGI (O Despertar do Guerreiro Interno) com Fernando Belatto<br \/>\n11:00 &#8211; YogaDance com Fernanda Cunha<br \/>\n12:30 as 14:00 \u2013 Jam Love Session com Alisson Sindeaux, Miag Makibara e Thomaz Ay\u00ea<\/p>\n<p>14:00 \u2013 Cantos do Sagrado Feminino com Tribo da Lua<br \/>\n14:30 \u2013 Dan\u00e7a Circular com Manuela Barroso (Piracanga)<br \/>\n15:00 &#8211; Oficina Dan\u00e7a dos Orix\u00e1s com Guilherme Maciel<br \/>\n16:00 &#8211; Dan\u00e7aTerapia com Pio Campo<br \/>\n17:00 &#8211; Medita\u00e7\u00e3o Osho Kundalini com Ekatala Keller<br \/>\n18:00 &#8211; Discotecagem Lara Luzuah<br \/>\n18:50 \u2013 Prem Sundari (Dan\u00e7a e Canto)<\/p>\n<p>19:00 \u2013 Abertura do Espa\u00e7o do Fogo com Sri Prem Baba e Banda Awaken Love<br \/>\n20:00 \u2013 Marie Gabriella (Pocket Show)<br \/>\n20:15 &#8211; Performance de dan\u00e7a com Ambar Yanina<br \/>\n20:25 \u2013 Show Nicole Salmi e Banda<br \/>\n21:30 \u2013 Performance de dan\u00e7a com Prem Supunya<br \/>\n21:40 \u2013 Show Fl\u00e1via Wenceslau<br \/>\n23:00 \u2013 Concerto Chandramukha Swami &amp; Krishna Bandhu<\/p>\n<p><strong>Programa\u00e7\u00e3o (((Ilu)))mininha | Para crian\u00e7as e adolescentes<\/strong><\/p>\n<p>Trupe Encantada : Jogos e Brincadeiras, ca\u00e7a ao tesouro, acrobacia, conta\u00e7\u00e3o de est\u00f3ria, oficina de artes circenses, m\u00e1gicas, acroyoga, invoca\u00e7\u00e3o do palha\u00e7o interior<\/p>\n<p>Mimosas Flores, com Marie Gabriella (show para crian\u00e7as)<\/p>\n<p>Arte (em breve + artistas e vjs)<br \/>\nLive Painting com Mateus Dutra e Pema Marpo<br \/>\nVJ Beto Salvinorin<\/p>\n<p><strong>Ingressos Antecipados:\u00a0<\/strong><a href=\"https:\/\/www.eventbrite.com.br\/e\/festival-ilumina-musica-vibrando-cura-tickets-24639421172\" target=\"_blank\" rel=\"nofollow nofollow\">https:\/\/<wbr \/>www.eventbrite.com.br\/e\/<wbr \/>festival-ilumina-musica-vib<wbr \/>rando-cura-tickets-2463942<wbr \/>1172<\/a><\/p>\n<p><strong>Fan Page:<\/strong>\u00a0<a href=\"https:\/\/www.facebook.com\/ilumina.chapadadosveadeiros\" target=\"_blank\">https:\/\/www.facebook.com\/ilumina.chapadadosveadeiros<\/a><br \/>\n<strong>Evento:<\/strong>\u00a0<a href=\"https:\/\/www.facebook.com\/events\/229101910799399\/\" target=\"_blank\">https:\/\/www.facebook.com\/events\/229101910799399\/<\/a><\/p>\n","protected":false},"excerpt":{"rendered":"<p>No dia 9 de julho, acontece o Festival Ilumina 2016, um evento hol\u00edstico que re\u00fane m\u00fasica, dan\u00e7a, medita\u00e7\u00e3o, viv\u00eancias terap\u00eauticas e programa\u00e7\u00e3o infanto-juvenil em um dia celebrativo na Chapada dos Veadeiros. Uma oportunidade para integrar corpo, mente e esp\u00edrito em um clima de paz, amor e alegria. Festa vegana e consciente (sem uso de drogas [&hellip;]<\/p>\n","protected":false},"author":1,"featured_media":25380,"comment_status":"open","ping_status":"open","sticky":false,"template":"","format":"standard","meta":{"om_disable_all_campaigns":false,"_monsterinsights_skip_tracking":false,"_monsterinsights_sitenote_active":false,"_monsterinsights_sitenote_note":"","_monsterinsights_sitenote_category":0,"footnotes":""},"categories":[8,335],"tags":[295,336],"acf":[],"publishpress_future_action":{"enabled":false,"date":"1969-12-31 21:00:00","action":"","terms":[],"taxonomy":"","browser_timezone_offset":0},"_links":{"self":[{"href":"https:\/\/portalfloresnoar.com\/floresnoar\/wp-json\/wp\/v2\/posts\/25376"}],"collection":[{"href":"https:\/\/portalfloresnoar.com\/floresnoar\/wp-json\/wp\/v2\/posts"}],"about":[{"href":"https:\/\/portalfloresnoar.com\/floresnoar\/wp-json\/wp\/v2\/types\/post"}],"author":[{"embeddable":true,"href":"https:\/\/portalfloresnoar.com\/floresnoar\/wp-json\/wp\/v2\/users\/1"}],"replies":[{"embeddable":true,"href":"https:\/\/portalfloresnoar.com\/floresnoar\/wp-json\/wp\/v2\/comments?post=25376"}],"version-history":[{"count":0,"href":"https:\/\/portalfloresnoar.com\/floresnoar\/wp-json\/wp\/v2\/posts\/25376\/revisions"}],"wp:featuredmedia":[{"embeddable":true,"href":"https:\/\/portalfloresnoar.com\/floresnoar\/wp-json\/wp\/v2\/media\/25380"}],"wp:attachment":[{"href":"https:\/\/portalfloresnoar.com\/floresnoar\/wp-json\/wp\/v2\/media?parent=25376"}],"wp:term":[{"taxonomy":"category","embeddable":true,"href":"https:\/\/portalfloresnoar.com\/floresnoar\/wp-json\/wp\/v2\/categories?post=25376"},{"taxonomy":"post_tag","embeddable":true,"href":"https:\/\/portalfloresnoar.com\/floresnoar\/wp-json\/wp\/v2\/tags?post=25376"}],"curies":[{"name":"wp","href":"https:\/\/api.w.org\/{rel}","templated":true}]}}