

{"id":25340,"date":"2016-07-05T09:19:35","date_gmt":"2016-07-05T12:19:35","guid":{"rendered":"http:\/\/portalfloresnoar.com\/floresnoar\/?p=25340"},"modified":"2016-07-14T11:45:20","modified_gmt":"2016-07-14T14:45:20","slug":"palestra-complexos-parentais-olhar-junguiano-sobre-a-familia-dia-287-no-lumen-novum","status":"publish","type":"post","link":"https:\/\/portalfloresnoar.com\/floresnoar\/palestra-complexos-parentais-olhar-junguiano-sobre-a-familia-dia-287-no-lumen-novum\/","title":{"rendered":"[AGENDA PE] Palestra &#8216;Complexos parentais: olhar Junguiano sobre a fam\u00edlia&#8217; dia 28\/7 no Lumen Novum"},"content":{"rendered":"<p><img decoding=\"async\" loading=\"lazy\" class=\"aligncenter size-full wp-image-25341\" alt=\"momento junguiano\" src=\"http:\/\/portalfloresnoar.com\/floresnoar\/wp-content\/uploads\/2016\/06\/momento-junguiano.jpg\" width=\"648\" height=\"909\" srcset=\"https:\/\/portalfloresnoar.com\/floresnoar\/wp-content\/uploads\/2016\/06\/momento-junguiano.jpg 648w, https:\/\/portalfloresnoar.com\/floresnoar\/wp-content\/uploads\/2016\/06\/momento-junguiano-213x300.jpg 213w\" sizes=\"(max-width: 648px) 100vw, 648px\" \/><\/p>\n<p>A psic\u00f3loga, arteterapeuta e especialista em Teoria e Pr\u00e1tica Junguiana Maria Odette Sucupira Maciel ministra no dia 28 de julho, a palestra\u00a0\u00a0&#8216;Complexos parentais: olhar Junguiano sobre a fam\u00edlia&#8217; , dentro do projeto &#8216;Momento Junguiano&#8217;, do Lumen Novum. O encontro das 18h30 \u00e0s 20h.<\/p>\n<p>SERVI\u00c7O<br \/>\n<strong>MOMENTO JUNGUIANO &#8211; Palestra &#8216;Complexos parentais: olhar Junguiano sobre a fam\u00edlia&#8217;<\/strong><br \/>\n<strong>Data:<\/strong> 28 de julho de 2016<br \/>\n<strong>Hora:<\/strong> 18h30 \u00e0s 20h<br \/>\n<strong>Local: Lumen Novum &#8211; Rua Comendador Bernardino Costa, 117, Casa Forte, Recife<br \/>\n<strong>Valor:<\/strong> R$ 20,00<br \/>\n<strong>Mais informa\u00e7\u00f5es:<\/strong> (81) 3266.3044\/ 9 9659.6131 (WhatsApp)<\/strong><\/p>\n","protected":false},"excerpt":{"rendered":"<p>A psic\u00f3loga, arteterapeuta e especialista em Teoria e Pr\u00e1tica Junguiana Maria Odette Sucupira Maciel ministra no dia 28 de julho, a palestra\u00a0\u00a0&#8216;Complexos parentais: olhar Junguiano sobre a fam\u00edlia&#8217; , dentro do projeto &#8216;Momento Junguiano&#8217;, do Lumen Novum. O encontro das 18h30 \u00e0s 20h. SERVI\u00c7O MOMENTO JUNGUIANO &#8211; Palestra &#8216;Complexos parentais: olhar Junguiano sobre a fam\u00edlia&#8217; [&hellip;]<\/p>\n","protected":false},"author":1,"featured_media":25342,"comment_status":"open","ping_status":"open","sticky":false,"template":"","format":"standard","meta":{"om_disable_all_campaigns":false,"_monsterinsights_skip_tracking":false,"_monsterinsights_sitenote_active":false,"_monsterinsights_sitenote_note":"","_monsterinsights_sitenote_category":0,"footnotes":""},"categories":[8,224,214],"tags":[60,305],"acf":[],"publishpress_future_action":{"enabled":false,"date":"1969-12-31 21:00:00","action":"","terms":[],"taxonomy":"","browser_timezone_offset":0},"_links":{"self":[{"href":"https:\/\/portalfloresnoar.com\/floresnoar\/wp-json\/wp\/v2\/posts\/25340"}],"collection":[{"href":"https:\/\/portalfloresnoar.com\/floresnoar\/wp-json\/wp\/v2\/posts"}],"about":[{"href":"https:\/\/portalfloresnoar.com\/floresnoar\/wp-json\/wp\/v2\/types\/post"}],"author":[{"embeddable":true,"href":"https:\/\/portalfloresnoar.com\/floresnoar\/wp-json\/wp\/v2\/users\/1"}],"replies":[{"embeddable":true,"href":"https:\/\/portalfloresnoar.com\/floresnoar\/wp-json\/wp\/v2\/comments?post=25340"}],"version-history":[{"count":0,"href":"https:\/\/portalfloresnoar.com\/floresnoar\/wp-json\/wp\/v2\/posts\/25340\/revisions"}],"wp:featuredmedia":[{"embeddable":true,"href":"https:\/\/portalfloresnoar.com\/floresnoar\/wp-json\/wp\/v2\/media\/25342"}],"wp:attachment":[{"href":"https:\/\/portalfloresnoar.com\/floresnoar\/wp-json\/wp\/v2\/media?parent=25340"}],"wp:term":[{"taxonomy":"category","embeddable":true,"href":"https:\/\/portalfloresnoar.com\/floresnoar\/wp-json\/wp\/v2\/categories?post=25340"},{"taxonomy":"post_tag","embeddable":true,"href":"https:\/\/portalfloresnoar.com\/floresnoar\/wp-json\/wp\/v2\/tags?post=25340"}],"curies":[{"name":"wp","href":"https:\/\/api.w.org\/{rel}","templated":true}]}}