

{"id":25311,"date":"2016-05-29T11:49:04","date_gmt":"2016-05-29T14:49:04","guid":{"rendered":"http:\/\/portalfloresnoar.com\/floresnoar\/?p=25311"},"modified":"2016-07-06T15:09:57","modified_gmt":"2016-07-06T18:09:57","slug":"vivencias-ecologicas-e-de-saude-movimentam-a-feira-agroecologica-de-setubal-neste-sabado","status":"publish","type":"post","link":"https:\/\/portalfloresnoar.com\/floresnoar\/vivencias-ecologicas-e-de-saude-movimentam-a-feira-agroecologica-de-setubal-neste-sabado\/","title":{"rendered":"Viv\u00eancias ecol\u00f3gicas e de sa\u00fade movimentam a Feira Agroecol\u00f3gica de Set\u00fabal dia 2\/7"},"content":{"rendered":"<figure id=\"attachment_25313\" aria-describedby=\"caption-attachment-25313\" style=\"width: 700px\" class=\"wp-caption aligncenter\"><img decoding=\"async\" loading=\"lazy\" class=\"size-full wp-image-25313\" alt=\"feira set\u00fabal_foto Lu Rabelo (1)\" src=\"http:\/\/portalfloresnoar.com\/floresnoar\/wp-content\/uploads\/2016\/06\/feira-set\u00fabal_foto-Lu-Rabelo-1.jpg\" width=\"700\" height=\"392\" srcset=\"https:\/\/portalfloresnoar.com\/floresnoar\/wp-content\/uploads\/2016\/06\/feira-set\u00fabal_foto-Lu-Rabelo-1.jpg 700w, https:\/\/portalfloresnoar.com\/floresnoar\/wp-content\/uploads\/2016\/06\/feira-set\u00fabal_foto-Lu-Rabelo-1-300x168.jpg 300w\" sizes=\"(max-width: 700px) 100vw, 700px\" \/><figcaption id=\"caption-attachment-25313\" class=\"wp-caption-text\">Fotos: Luciana Rabelo\/ Flores no Ar<\/figcaption><\/figure>\n<p>Neste s\u00e1bado tem Feira Agroecol\u00f3gica de Set\u00fabal, das 7h \u00e0s 10h30, no Canal do Rio Jord\u00e3o (atr\u00e1s da Escola Americana do Recife). A novidade \u00e9 que todo primeiro s\u00e1bado do m\u00eas o Coletivo Set\u00fabal organizar\u00e1, junto com os feirantes e outros parceiros, um evento na feira, visando promover pr\u00e1ticas ecol\u00f3gicas e de sa\u00fade.<\/p>\n<p>Al\u00e9m das barracas &#8211; com hortali\u00e7as e frutas org\u00e2nicas e diversos produtos naturais, como p\u00e3es, bolos, sandu\u00edches, mel, sucos e fitoter\u00e1picos -, neste s\u00e1bado tamb\u00e9m haver\u00e1 viv\u00eancias para adultos e crian\u00e7as.<\/p>\n<figure id=\"attachment_25314\" aria-describedby=\"caption-attachment-25314\" style=\"width: 392px\" class=\"wp-caption alignleft\"><img decoding=\"async\" loading=\"lazy\" class=\"wp-image-25314 \" alt=\"yoga feira setubal\" src=\"http:\/\/portalfloresnoar.com\/floresnoar\/wp-content\/uploads\/2016\/06\/yoga-feira-setubal.jpg\" width=\"392\" height=\"220\" srcset=\"https:\/\/portalfloresnoar.com\/floresnoar\/wp-content\/uploads\/2016\/06\/yoga-feira-setubal.jpg 700w, https:\/\/portalfloresnoar.com\/floresnoar\/wp-content\/uploads\/2016\/06\/yoga-feira-setubal-300x168.jpg 300w\" sizes=\"(max-width: 392px) 100vw, 392px\" \/><figcaption id=\"caption-attachment-25314\" class=\"wp-caption-text\">Garuda Yoga facilitar\u00e1 viv\u00eancia de Respira\u00e7\u00e3o<\/figcaption><\/figure>\n<p style=\"text-align: left;\">\u00c0s 9h, a instrutora de Yoga Heliane Garcia, do Garuda Yoga, far\u00e1 uma viv\u00eancia com o tema &#8216;Respirando a seu favor&#8217;. &#8220;Vamos trabalhar os Pranayamas (exerc\u00edcios respirat\u00f3rios), captando prana e eliminando toxinas, e percebendo a import\u00e2ncia da respira\u00e7\u00e3o no controle da ansiedade, compulsividade e rea\u00e7\u00f5es&#8221;, explica Heliane. Os interessados em participar devem levar canga, esteira, toalha ou tapetinho de yoga, al\u00e9m de ir com roupas confort\u00e1veis.<\/p>\n<p>\u00c0s 10h haver\u00e1 atividade de plantio de mini milhos, voltada para crian\u00e7as. Quem facilitar\u00e1 \u00e9 o coordenador da feira, Amadeu Petroni. Quem desejar participar deve levar vasos, jarros ou garrafas pet cortadas para realiza\u00e7\u00e3o do plantio.<\/p>\n<p>Durante toda a manh\u00e3 quem for \u00e0 feira tamb\u00e9m poder\u00e1 se beneficiar com a Terapia de Regenera\u00e7\u00e3o Celular Ren\u00e9 Mey, que estar\u00e1 sendo aplicada pela terapeuta Vera Alice. A Terapia de Regenera\u00e7\u00e3o Celular \u00e9 baseada na entrega de amor ao sistema nervoso central, com comprova\u00e7\u00f5es cient\u00edficas de seus efeitos (c\u00e9lulas emocionais). Trata-se de uma t\u00e9cnica transmitida pelos Seres de Luz com a finalidade de ajudar as pessoas a estimularem o Sistema Nervoso atrav\u00e9s de pequenos toques na coluna vertebral.<\/p>\n<p>SORTEIO &#8211; Outra novidade \u00e9 que a partir deste s\u00e1bado os consumidores que levarem suas pr\u00f3prias sacolas receber\u00e3o cupons das barracas para participarem de um sorteio de uma cesta de alimentos. O sorteio ser\u00e1 realizado todo \u00faltimo s\u00e1bado do m\u00eas. A ideia \u00e9 incentivar o uso de sacolas retorn\u00e1veis, evitando o uso das sacolas pl\u00e1sticas.<\/p>\n<p>A Feira Agroecol\u00f3gica de Set\u00fabal \u00e9 realizada pela Associa\u00e7\u00e3o Agroflorestal Terra &amp; Vida, Agroflor, Amarftsa, Mocot\u00f3, Acampamento Chico Mendes e Coletivo Set\u00fabal, e conta com o apoio da Universidade Federal Rural de Pernambuco (UFRPE), Vegaria, Portal Flores no Ar e Garuda Yoga.<\/p>\n<p>&#8220;A Agroecologia se preocupa n\u00e3o s\u00f3 com os alimentos saud\u00e1veis para o consumidor, mas com um sistema de produ\u00e7\u00e3o mais saud\u00e1vel, respeitando a natureza e garantindo sa\u00fade a todos os envolvidos no processo&#8221;, declara Amadeu Petroni, da Associa\u00e7\u00e3o Agroflorestal Terra &amp; Vida.<\/p>\n<p>SERVI\u00c7O<br \/>\n<strong>Feira Agroecol\u00f3gica de Set\u00fabal<\/strong><br \/>\n<strong>Dia:<\/strong> todo s\u00e1bado<br \/>\n<strong>Hora:<\/strong> das 7h \u00e0s 10h30<br \/>\n<strong>Local: <\/strong>Canal do Rio Jord\u00e3o (atr\u00e1s da Escola Americana do Recife)<br \/>\n<strong>Fanpage:<\/strong> <a href=\"https:\/\/www.facebook.com\/feirasetubal\" target=\"_blank\">https:\/\/www.facebook.com\/feirasetubal<\/a><\/p>\n<p><em>Confira a localiza\u00e7\u00e3o da Feira Agroecol\u00f3gica de Set\u00fabal:<\/em><\/p>\n<p><img decoding=\"async\" loading=\"lazy\" class=\"aligncenter size-full wp-image-25120\" alt=\"mapa feira 2\" src=\"http:\/\/portalfloresnoar.com\/floresnoar\/wp-content\/uploads\/2016\/06\/mapa-feira-2.jpg\" width=\"742\" height=\"580\" srcset=\"https:\/\/portalfloresnoar.com\/floresnoar\/wp-content\/uploads\/2016\/06\/mapa-feira-2.jpg 742w, https:\/\/portalfloresnoar.com\/floresnoar\/wp-content\/uploads\/2016\/06\/mapa-feira-2-300x234.jpg 300w\" sizes=\"(max-width: 742px) 100vw, 742px\" \/><\/p>\n","protected":false},"excerpt":{"rendered":"<p>Neste s\u00e1bado tem Feira Agroecol\u00f3gica de Set\u00fabal, das 7h \u00e0s 10h30, no Canal do Rio Jord\u00e3o (atr\u00e1s da Escola Americana do Recife). A novidade \u00e9 que todo primeiro s\u00e1bado do m\u00eas o Coletivo Set\u00fabal organizar\u00e1, junto com os feirantes e outros parceiros, um evento na feira, visando promover pr\u00e1ticas ecol\u00f3gicas e de sa\u00fade. Al\u00e9m das [&hellip;]<\/p>\n","protected":false},"author":1,"featured_media":25315,"comment_status":"open","ping_status":"open","sticky":false,"template":"","format":"standard","meta":{"om_disable_all_campaigns":false,"_monsterinsights_skip_tracking":false,"_monsterinsights_sitenote_active":false,"_monsterinsights_sitenote_note":"","_monsterinsights_sitenote_category":0,"footnotes":""},"categories":[8,224,214],"tags":[241,333,180],"acf":[],"publishpress_future_action":{"enabled":false,"date":"1969-12-31 21:00:00","action":"","terms":[],"taxonomy":"","browser_timezone_offset":0},"_links":{"self":[{"href":"https:\/\/portalfloresnoar.com\/floresnoar\/wp-json\/wp\/v2\/posts\/25311"}],"collection":[{"href":"https:\/\/portalfloresnoar.com\/floresnoar\/wp-json\/wp\/v2\/posts"}],"about":[{"href":"https:\/\/portalfloresnoar.com\/floresnoar\/wp-json\/wp\/v2\/types\/post"}],"author":[{"embeddable":true,"href":"https:\/\/portalfloresnoar.com\/floresnoar\/wp-json\/wp\/v2\/users\/1"}],"replies":[{"embeddable":true,"href":"https:\/\/portalfloresnoar.com\/floresnoar\/wp-json\/wp\/v2\/comments?post=25311"}],"version-history":[{"count":0,"href":"https:\/\/portalfloresnoar.com\/floresnoar\/wp-json\/wp\/v2\/posts\/25311\/revisions"}],"wp:featuredmedia":[{"embeddable":true,"href":"https:\/\/portalfloresnoar.com\/floresnoar\/wp-json\/wp\/v2\/media\/25315"}],"wp:attachment":[{"href":"https:\/\/portalfloresnoar.com\/floresnoar\/wp-json\/wp\/v2\/media?parent=25311"}],"wp:term":[{"taxonomy":"category","embeddable":true,"href":"https:\/\/portalfloresnoar.com\/floresnoar\/wp-json\/wp\/v2\/categories?post=25311"},{"taxonomy":"post_tag","embeddable":true,"href":"https:\/\/portalfloresnoar.com\/floresnoar\/wp-json\/wp\/v2\/tags?post=25311"}],"curies":[{"name":"wp","href":"https:\/\/api.w.org\/{rel}","templated":true}]}}