

{"id":25305,"date":"2016-05-29T10:43:05","date_gmt":"2016-05-29T13:43:05","guid":{"rendered":"http:\/\/portalfloresnoar.com\/floresnoar\/?p=25305"},"modified":"2016-07-12T10:57:54","modified_gmt":"2016-07-12T13:57:54","slug":"encontro-de-feng-shui-numa-visao-sistemica-com-prem-achala-dias-9-e-10-de-julho","status":"publish","type":"post","link":"https:\/\/portalfloresnoar.com\/floresnoar\/encontro-de-feng-shui-numa-visao-sistemica-com-prem-achala-dias-9-e-10-de-julho\/","title":{"rendered":"Encontro de Feng Shui numa Vis\u00e3o Sist\u00eamica com Prem Achala dias 9 e 10 de julho"},"content":{"rendered":"<p><img decoding=\"async\" loading=\"lazy\" class=\"aligncenter size-full wp-image-25374\" alt=\"feng shui prem achala\" src=\"http:\/\/portalfloresnoar.com\/floresnoar\/wp-content\/uploads\/2016\/06\/feng-shui-prem-achala1.jpg\" width=\"644\" height=\"860\" srcset=\"https:\/\/portalfloresnoar.com\/floresnoar\/wp-content\/uploads\/2016\/06\/feng-shui-prem-achala1.jpg 644w, https:\/\/portalfloresnoar.com\/floresnoar\/wp-content\/uploads\/2016\/06\/feng-shui-prem-achala1-224x300.jpg 224w\" sizes=\"(max-width: 644px) 100vw, 644px\" \/><\/p>\n<p>O Reflorescer promove nos dias 9 e 10 de julho, no <a href=\"https:\/\/www.facebook.com\/DojoRecife\/\" target=\"_blank\">Centro Cultural Georges Stobbaerts<\/a>, o <a href=\"https:\/\/www.facebook.com\/events\/535755443277544\/\" target=\"_blank\">Encontro de Feng Shui numa Vis\u00e3o Sist\u00eamica<\/a> com Prem Achala.<\/p>\n<p>O Feng Shui \u00e9 considerado como a arte de harmonizar os ambientes, colocada em pr\u00e1tica h\u00e1 mais de 4000 anos. Mestres tao\u00edstas que desenvolveram esta arte, consideravam-na um instrumento de equil\u00edbrio junto com outras pr\u00e1ticas, como a Medicina Tradicional Chinesa, a Acupuntura e a Medita\u00e7\u00e3o.<\/p>\n<p>&#8220;Esse ser\u00e1 um encontro te\u00f3rico\/vivencial, apresentando as t\u00e9cnicas do ancestral Feng Shui associadas aos princ\u00edpios b\u00e1sicos da Constela\u00e7\u00e3o Sist\u00eamica e Familiar. Se destina a iniciantes, e ser\u00e1 aberto a todos&#8221;, explica Prem Achala.<\/p>\n<p>PROGRAMA\u00c7\u00c3O DO ENCONTRO<br \/>\n<strong>A Sabedoria Ancestral do Feng Shui <\/strong><br \/>\n\u2022 As principais escolas do Feng Shui<br \/>\n\u2022 As energias Yin e Yang<br \/>\n\u2022 O Ba-gu\u00e1 e a for\u00e7a dos s\u00edmbolos<\/p>\n<p><strong>Consci\u00eancia Sist\u00eamica e Integra\u00e7\u00e3o<\/strong><br \/>\n\u2022 Estar presente no aqui e agora<br \/>\n\u2022 As mudan\u00e7as energ\u00e9ticas que acompanham os ciclos da natureza<br \/>\n\u2022 Conex\u00e3o com a ancestralidade, a for\u00e7a interior, o equil\u00edbrio e a harmonia Sist\u00eamica<br \/>\n<strong><br \/>\nAplica\u00e7\u00e3o do Feng Shui<\/strong><br \/>\n\u2022 Um olhar para o interior e o exterior<br \/>\n\u2022 Harmoniza\u00e7\u00e3o, Expans\u00e3o e Prosperidade<\/p>\n<p>Sobre a Facilitadora: h\u00e1 mais de 21 anos Prem Achala vem desenvolvendo seu caminho profissional, se especializando como psicoterapeuta e posteriormente em reiki, medita\u00e7\u00e3o, feng shui e constela\u00e7\u00e3o sist\u00eamica e familiar. Em setembro de 2003 aprofundou seus conhecimentos em Feng Shui com o Mestre I Ming, passando a fazer parte da Sociedade Feng Shui como difusora, facilitadora de cursos e terapeuta de ambientes. \u00c9 idealizadora do Projeto Reflorescer, que tem como objetivo: &#8220;o cuidar da morada interior e exterior em sintonia com a autorrealiza\u00e7\u00e3o&#8221;.<\/p>\n<p><strong>Carga hor\u00e1ria:<\/strong> 8h<br \/>\nS\u00e1bado: 15h \u00e0s 19h<br \/>\nDomingo: 9h \u00e0s 13h<br \/>\n\u00c9 sugerido chegar com 10 minutos de anteced\u00eancia.<\/p>\n<p><strong>Investimento:<\/strong> R$ 120,00<\/p>\n<p><strong>Inscri\u00e7\u00f5es: <\/strong><br \/>\n&#8211; reflorescer7@gmail.com ou inbox via Reflorescer<br \/>\n&#8211; Centro Cultural Georges Stobbaerts de segunda \u00e0 sexta a partir de 17h, e s\u00e1bados no turno da manh\u00e3.<\/p>\n<p>Obs.: visando a organiza\u00e7\u00e3o, a qualidade do encontro e a garantia da vaga (limitada), sugerimos que as inscri\u00e7\u00f5es sejam realizadas com anteced\u00eancia.<\/p>\n<p><strong>Local do Encontro:<\/strong> Centro Cultural Georges Stobbaerts &#8211; Rua Pe. Anchieta 571, Madalena &#8211; Recife\/PE.<\/p>\n<p><strong>Evento no Facebook: <\/strong><a href=\"https:\/\/www.facebook.com\/events\/535755443277544\/\" target=\"_blank\">https:\/\/www.facebook.com\/events\/535755443277544\/<\/a><\/p>\n<p><strong>Mais informa\u00e7\u00f5es: <\/strong><br \/>\n(81) 99969-0239 Tim<br \/>\n(81) 98336-3273 Oi e WhatsApp<\/p>\n","protected":false},"excerpt":{"rendered":"<p>O Reflorescer promove nos dias 9 e 10 de julho, no Centro Cultural Georges Stobbaerts, o Encontro de Feng Shui numa Vis\u00e3o Sist\u00eamica com Prem Achala. O Feng Shui \u00e9 considerado como a arte de harmonizar os ambientes, colocada em pr\u00e1tica h\u00e1 mais de 4000 anos. Mestres tao\u00edstas que desenvolveram esta arte, consideravam-na um instrumento [&hellip;]<\/p>\n","protected":false},"author":1,"featured_media":25307,"comment_status":"open","ping_status":"open","sticky":false,"template":"","format":"standard","meta":{"om_disable_all_campaigns":false,"_monsterinsights_skip_tracking":false,"_monsterinsights_sitenote_active":false,"_monsterinsights_sitenote_note":"","_monsterinsights_sitenote_category":0,"footnotes":""},"categories":[8,214],"tags":[143,304],"acf":[],"publishpress_future_action":{"enabled":false,"date":"1969-12-31 21:00:00","action":"","terms":[],"taxonomy":"","browser_timezone_offset":0},"_links":{"self":[{"href":"https:\/\/portalfloresnoar.com\/floresnoar\/wp-json\/wp\/v2\/posts\/25305"}],"collection":[{"href":"https:\/\/portalfloresnoar.com\/floresnoar\/wp-json\/wp\/v2\/posts"}],"about":[{"href":"https:\/\/portalfloresnoar.com\/floresnoar\/wp-json\/wp\/v2\/types\/post"}],"author":[{"embeddable":true,"href":"https:\/\/portalfloresnoar.com\/floresnoar\/wp-json\/wp\/v2\/users\/1"}],"replies":[{"embeddable":true,"href":"https:\/\/portalfloresnoar.com\/floresnoar\/wp-json\/wp\/v2\/comments?post=25305"}],"version-history":[{"count":0,"href":"https:\/\/portalfloresnoar.com\/floresnoar\/wp-json\/wp\/v2\/posts\/25305\/revisions"}],"wp:featuredmedia":[{"embeddable":true,"href":"https:\/\/portalfloresnoar.com\/floresnoar\/wp-json\/wp\/v2\/media\/25307"}],"wp:attachment":[{"href":"https:\/\/portalfloresnoar.com\/floresnoar\/wp-json\/wp\/v2\/media?parent=25305"}],"wp:term":[{"taxonomy":"category","embeddable":true,"href":"https:\/\/portalfloresnoar.com\/floresnoar\/wp-json\/wp\/v2\/categories?post=25305"},{"taxonomy":"post_tag","embeddable":true,"href":"https:\/\/portalfloresnoar.com\/floresnoar\/wp-json\/wp\/v2\/tags?post=25305"}],"curies":[{"name":"wp","href":"https:\/\/api.w.org\/{rel}","templated":true}]}}