

{"id":25301,"date":"2016-05-29T05:12:07","date_gmt":"2016-05-29T08:12:07","guid":{"rendered":"http:\/\/portalfloresnoar.com\/floresnoar\/?p=25301"},"modified":"2016-07-07T10:40:32","modified_gmt":"2016-07-07T13:40:32","slug":"exposicao-a-casa-do-cachorro-preto-em-cartaz-de-306-a-37","status":"publish","type":"post","link":"https:\/\/portalfloresnoar.com\/floresnoar\/exposicao-a-casa-do-cachorro-preto-em-cartaz-de-306-a-37\/","title":{"rendered":"Exposi\u00e7\u00e3o &#8216;A Casa do Cachorro Preto em Cartaz&#8217; de 30\/6 a 3\/7"},"content":{"rendered":"<p><img decoding=\"async\" loading=\"lazy\" class=\"aligncenter size-full wp-image-25303\" alt=\"em cartaz\" src=\"http:\/\/portalfloresnoar.com\/floresnoar\/wp-content\/uploads\/2016\/06\/em-cartaz.jpg\" width=\"697\" height=\"607\" srcset=\"https:\/\/portalfloresnoar.com\/floresnoar\/wp-content\/uploads\/2016\/06\/em-cartaz.jpg 697w, https:\/\/portalfloresnoar.com\/floresnoar\/wp-content\/uploads\/2016\/06\/em-cartaz-300x261.jpg 300w\" sizes=\"(max-width: 697px) 100vw, 697px\" \/><\/p>\n<p>A Casa do Cachorro Preto, em Olinda promove exposi\u00e7\u00e3o de originais dos cartazes das atividades l\u00e1 realizadas. S\u00e3o obras que viraram cartazes e cartazes que s\u00e3o verdadeiras obras de arte. Uma das caracter\u00edsticas de toda atividade d\u2019A Casa do Cachorro Preto \u00e9 o cartaz de sua divulga\u00e7\u00e3o. De 30 de junho a 3 de julho estar\u00e3o \u00e0 mostra<br \/>\noriginais de alguns desses cartazes. S\u00e3o cerca de 30 desenhos, pinturas, gravuras. Uma coletiva que conta com a participa\u00e7\u00e3o de artistas como Raoni Assis, Ayod\u00ea Fran\u00e7a, Shiko, Jeims Duarte, Carol Merlo e Maur\u00edcio Castro.<\/p>\n<p><strong>Visita\u00e7\u00e3o<\/strong><br \/>\nExposi\u00e7\u00e3o A Casa do Cachorro Preto em Cartaz<br \/>\nMostra de Originais<br \/>\nDe Quinta a Domingo<br \/>\nDas 16h \u00e0s 22h<\/p>\n<p><strong>Local<\/strong><br \/>\nNa Casa do Cachorro Preto<br \/>\nRua 13 de maio, 99<br \/>\nCidade Alta \u2013 Olinda<\/p>\n<p><strong>Informa\u00e7\u00f5es<\/strong><br \/>\n81 \u2013 982001399 (zap)<\/p>\n<p><strong>Evento no Facebook: <\/strong>https:\/\/www.facebook.com\/events\/1690204871241970\/<\/p>\n","protected":false},"excerpt":{"rendered":"<p>A Casa do Cachorro Preto, em Olinda promove exposi\u00e7\u00e3o de originais dos cartazes das atividades l\u00e1 realizadas. S\u00e3o obras que viraram cartazes e cartazes que s\u00e3o verdadeiras obras de arte. Uma das caracter\u00edsticas de toda atividade d\u2019A Casa do Cachorro Preto \u00e9 o cartaz de sua divulga\u00e7\u00e3o. De 30 de junho a 3 de julho [&hellip;]<\/p>\n","protected":false},"author":1,"featured_media":25302,"comment_status":"open","ping_status":"open","sticky":false,"template":"","format":"standard","meta":{"om_disable_all_campaigns":false,"_monsterinsights_skip_tracking":false,"_monsterinsights_sitenote_active":false,"_monsterinsights_sitenote_note":"","_monsterinsights_sitenote_category":0,"footnotes":""},"categories":[8,214],"tags":[44,332],"acf":[],"publishpress_future_action":{"enabled":false,"date":"1969-12-31 21:00:00","action":"","terms":[],"taxonomy":"","browser_timezone_offset":0},"_links":{"self":[{"href":"https:\/\/portalfloresnoar.com\/floresnoar\/wp-json\/wp\/v2\/posts\/25301"}],"collection":[{"href":"https:\/\/portalfloresnoar.com\/floresnoar\/wp-json\/wp\/v2\/posts"}],"about":[{"href":"https:\/\/portalfloresnoar.com\/floresnoar\/wp-json\/wp\/v2\/types\/post"}],"author":[{"embeddable":true,"href":"https:\/\/portalfloresnoar.com\/floresnoar\/wp-json\/wp\/v2\/users\/1"}],"replies":[{"embeddable":true,"href":"https:\/\/portalfloresnoar.com\/floresnoar\/wp-json\/wp\/v2\/comments?post=25301"}],"version-history":[{"count":0,"href":"https:\/\/portalfloresnoar.com\/floresnoar\/wp-json\/wp\/v2\/posts\/25301\/revisions"}],"wp:featuredmedia":[{"embeddable":true,"href":"https:\/\/portalfloresnoar.com\/floresnoar\/wp-json\/wp\/v2\/media\/25302"}],"wp:attachment":[{"href":"https:\/\/portalfloresnoar.com\/floresnoar\/wp-json\/wp\/v2\/media?parent=25301"}],"wp:term":[{"taxonomy":"category","embeddable":true,"href":"https:\/\/portalfloresnoar.com\/floresnoar\/wp-json\/wp\/v2\/categories?post=25301"},{"taxonomy":"post_tag","embeddable":true,"href":"https:\/\/portalfloresnoar.com\/floresnoar\/wp-json\/wp\/v2\/tags?post=25301"}],"curies":[{"name":"wp","href":"https:\/\/api.w.org\/{rel}","templated":true}]}}