

{"id":25281,"date":"2016-06-29T19:44:17","date_gmt":"2016-06-29T22:44:17","guid":{"rendered":"http:\/\/portalfloresnoar.com\/floresnoar\/?p=25281"},"modified":"2016-07-20T10:16:04","modified_gmt":"2016-07-20T13:16:04","slug":"oficinas-de-linguagens-visuais-com-goretti-varella-no-atelie-da-luz","status":"publish","type":"post","link":"https:\/\/portalfloresnoar.com\/floresnoar\/oficinas-de-linguagens-visuais-com-goretti-varella-no-atelie-da-luz\/","title":{"rendered":"[AGENDA PE] Oficinas de Linguagens Visuais, com Goretti Varella, no Ateli\u00ea da Luz"},"content":{"rendered":"<p><img decoding=\"async\" loading=\"lazy\" class=\"aligncenter size-full wp-image-25283\" alt=\"obras-famosas-van-gogh\" src=\"http:\/\/portalfloresnoar.com\/floresnoar\/wp-content\/uploads\/2016\/06\/obras-famosas-van-gogh.jpg\" width=\"712\" height=\"350\" srcset=\"https:\/\/portalfloresnoar.com\/floresnoar\/wp-content\/uploads\/2016\/06\/obras-famosas-van-gogh.jpg 712w, https:\/\/portalfloresnoar.com\/floresnoar\/wp-content\/uploads\/2016\/06\/obras-famosas-van-gogh-300x147.jpg 300w\" sizes=\"(max-width: 712px) 100vw, 712px\" \/><\/p>\n<p>A artista pl\u00e1stica e arteterapeuta Goretti Varella facilitar\u00e1, a partir de julho, Oficinas de Linguagens Visuais, no Ateli\u00ea da Luz. &#8216;Qual a cor da minha emo\u00e7\u00e3o?&#8217; ser\u00e1 o mote da primeira oficina, que, baseada no Expressionismo, visa\u00a0experienciar sensa\u00e7\u00f5es atrav\u00e9s da cor e suas misturas. A viv\u00eancia acontecer\u00e1 no dia 23 de julho, das 9h \u00e0s 12h.<\/p>\n<p>&#8220;Iremos explorar t\u00e9cnicas de pintura com tinta acr\u00edlica sob suportes variados, tendo como refer\u00eancias art\u00edsticas nessa caminhada um pouco da vida e obra de Van Gogh e Edvard Munch&#8221;, explica Goretti.<\/p>\n<p><img decoding=\"async\" loading=\"lazy\" class=\" wp-image-25282 alignleft\" alt=\"Goretti Varella\" src=\"http:\/\/portalfloresnoar.com\/floresnoar\/wp-content\/uploads\/2016\/06\/Goretti-Varella.jpg\" width=\"206\" height=\"253\" \/><\/p>\n<p>Goretti Varella \u00e9 bacharel em Artes Visuais, especialista em Arteterapia, artista Pl\u00e1stica, Ilustradora de livros infantis, ministra oficinas e cursos de Artes e Hist\u00f3ria da Arte Ocidental com metodologia te\u00f3rico-vivencial, realiza atendimentos individuais como arteterapeuta, facilita grupos vivenciais e supervis\u00e3o em arteterapia.\u200b\u200b<\/p>\n<p>SERVI\u00c7O<br \/>\n<strong>Oficinas de Linguagens Visuais<\/strong><br \/>\n<strong>Data:<\/strong> 23\/07 (S\u00e1bado)<br \/>\n<strong>Hor\u00e1rio:<\/strong>\u00a09h \u00e0s 12h<br \/>\n<strong>Valor:<\/strong> R$ 100,00 para inscri\u00e7\u00f5es at\u00e9 15\/07 ou R$ 120,00 ap\u00f3s o dia 15 (Material Incluso!)<br \/>\n<strong>Local: <\/strong>Atelier da Luz \u2013 Rua Rio Formoso, 130, Iputinga<br \/>\n<strong>Contato:<\/strong> (81) 3272-3043 \/ 9.9619-6372 (whatsapp)<\/p>\n","protected":false},"excerpt":{"rendered":"<p>A artista pl\u00e1stica e arteterapeuta Goretti Varella facilitar\u00e1, a partir de julho, Oficinas de Linguagens Visuais, no Ateli\u00ea da Luz. &#8216;Qual a cor da minha emo\u00e7\u00e3o?&#8217; ser\u00e1 o mote da primeira oficina, que, baseada no Expressionismo, visa\u00a0experienciar sensa\u00e7\u00f5es atrav\u00e9s da cor e suas misturas. A viv\u00eancia acontecer\u00e1 no dia 23 de julho, das 9h \u00e0s [&hellip;]<\/p>\n","protected":false},"author":1,"featured_media":25283,"comment_status":"open","ping_status":"open","sticky":false,"template":"","format":"standard","meta":{"om_disable_all_campaigns":false,"_monsterinsights_skip_tracking":false,"_monsterinsights_sitenote_active":false,"_monsterinsights_sitenote_note":"","_monsterinsights_sitenote_category":0,"footnotes":""},"categories":[8,224,214],"tags":[44,328,150],"acf":[],"publishpress_future_action":{"enabled":false,"date":"1969-12-31 21:00:00","action":"","terms":[],"taxonomy":"","browser_timezone_offset":0},"_links":{"self":[{"href":"https:\/\/portalfloresnoar.com\/floresnoar\/wp-json\/wp\/v2\/posts\/25281"}],"collection":[{"href":"https:\/\/portalfloresnoar.com\/floresnoar\/wp-json\/wp\/v2\/posts"}],"about":[{"href":"https:\/\/portalfloresnoar.com\/floresnoar\/wp-json\/wp\/v2\/types\/post"}],"author":[{"embeddable":true,"href":"https:\/\/portalfloresnoar.com\/floresnoar\/wp-json\/wp\/v2\/users\/1"}],"replies":[{"embeddable":true,"href":"https:\/\/portalfloresnoar.com\/floresnoar\/wp-json\/wp\/v2\/comments?post=25281"}],"version-history":[{"count":0,"href":"https:\/\/portalfloresnoar.com\/floresnoar\/wp-json\/wp\/v2\/posts\/25281\/revisions"}],"wp:featuredmedia":[{"embeddable":true,"href":"https:\/\/portalfloresnoar.com\/floresnoar\/wp-json\/wp\/v2\/media\/25283"}],"wp:attachment":[{"href":"https:\/\/portalfloresnoar.com\/floresnoar\/wp-json\/wp\/v2\/media?parent=25281"}],"wp:term":[{"taxonomy":"category","embeddable":true,"href":"https:\/\/portalfloresnoar.com\/floresnoar\/wp-json\/wp\/v2\/categories?post=25281"},{"taxonomy":"post_tag","embeddable":true,"href":"https:\/\/portalfloresnoar.com\/floresnoar\/wp-json\/wp\/v2\/tags?post=25281"}],"curies":[{"name":"wp","href":"https:\/\/api.w.org\/{rel}","templated":true}]}}