

{"id":25243,"date":"2016-06-03T16:32:04","date_gmt":"2016-06-03T19:32:04","guid":{"rendered":"http:\/\/portalfloresnoar.com\/floresnoar\/?p=25243"},"modified":"2016-07-19T12:03:38","modified_gmt":"2016-07-19T15:03:38","slug":"vivencia-criativa-com-os-florais-da-amazonia-dia-167-no-lapis-lazuli","status":"publish","type":"post","link":"https:\/\/portalfloresnoar.com\/floresnoar\/vivencia-criativa-com-os-florais-da-amazonia-dia-167-no-lapis-lazuli\/","title":{"rendered":"Viv\u00eancia Criativa com os Florais da Amaz\u00f4nia dia 16\/7 no Lapis Lazuli"},"content":{"rendered":"<p style=\"text-align: center;\"><img decoding=\"async\" loading=\"lazy\" class=\"aligncenter  wp-image-25244\" alt=\"Altar Urucum\" src=\"http:\/\/portalfloresnoar.com\/floresnoar\/wp-content\/uploads\/2016\/06\/Altar-Urucum.jpg\" width=\"696\" height=\"452\" srcset=\"https:\/\/portalfloresnoar.com\/floresnoar\/wp-content\/uploads\/2016\/06\/Altar-Urucum.jpg 773w, https:\/\/portalfloresnoar.com\/floresnoar\/wp-content\/uploads\/2016\/06\/Altar-Urucum-300x194.jpg 300w\" sizes=\"(max-width: 696px) 100vw, 696px\" \/><\/p>\n<p style=\"text-align: right;\"><em>\u201c&#8230;Me concentro firme no objetivo e encontro o que procuro.\u201d<\/em><br \/>\n<em> (Flor de Urucum)<\/em><\/p>\n<p>O Espa\u00e7o Lapis Lazuli promove no dia 16\/07\/2016 uma viv\u00eancia de autoconhecimento para mulheres utilizando a ess\u00eancia floral Urucum, do Sistema Florais da Amaz\u00f4nia, aliado a uma experimenta\u00e7\u00e3o art\u00edstica, objetivando a canaliza\u00e7\u00e3o da experi\u00eancia terap\u00eautica. O encontro ser\u00e1 facilitado pelas terapeutas Morgana Maria e Paula Frassinetti.<\/p>\n<p>&#8220;A ess\u00eancia da flor de Urucum trabalha com conte\u00fados que est\u00e3o em nossa consci\u00eancia e est\u00e1 ligada \u00e0 energia feminina, tratando dist\u00farbios relacionados a esta identidade, para que possa desenvolver os sentimentos de maternidade (n\u00e3o somente biol\u00f3gica, como espiritual), matura\u00e7\u00e3o, feminilidade e amor consciente&#8221;, explicam as terapeutas.<\/p>\n<p>PROGRAMA\u00c7\u00c3O<br \/>\n* Consumo da ess\u00eancia floral do Urucum durante todo o processo da viv\u00eancia;<br \/>\n* Momento meditativo;<br \/>\n* Produ\u00e7\u00e3o da aquarela a partir das sementes do Urucum;<br \/>\n* Experimenta\u00e7\u00e3o art\u00edstica com a aquarela produzida durante a viv\u00eancia;<br \/>\n* Socializa\u00e7\u00e3o de experi\u00eancias.<\/p>\n<p>FACILITADORAS<br \/>\nPaula Frassinetti \u00e9 graduanda do curso de Pedagogia na FAFIRE. \u00c9 Terapeuta Reikiana. Terapeuta do Sistema Florais da Amaz\u00f4nia, cuja forma\u00e7\u00e3o foi realizada por Maria Alice Campos Freire e Isabel Bars\u00e9, sintonizadoras do Sistema e Doula em forma\u00e7\u00e3o.<\/p>\n<p>Morgana Maria \u00e9 formada em Artes Pl\u00e1sticas pela Universidade Federal de Pernambuco; Terapeuta Reikiana; Vivenciou e estudou o caminho dos 22 Arcanos Maiores do Tarot de Marselha. \u00c9 Terapeuta do Sistema Florais da Amaz\u00f4nia, cuja forma\u00e7\u00e3o foi realizada por Maria Alice Campos Freire, sintonizadora do Sistema. Participou do Workshop de Autoconhecimento Feminino &#8211; Meus Ciclos, Minhas Fases e a Lua, ministrado por Julia Larotonda. Fez dois cursos de Dan\u00e7a do Ventre Curativa. E tamb\u00e9m estuda Agroecologia e Fitoterapia.<\/p>\n<p>SERVI\u00c7O<br \/>\n<strong>Viv\u00eancia Criativa com os Florais da Amaz\u00f4nia &#8211; Nutrindo o Feminino<\/strong><br \/>\n<strong>Data:<\/strong>16\/07\/2016<br \/>\n<strong>Hor\u00e1rio:<\/strong>14h \u00e0s 17h<br \/>\n<strong>Local:<\/strong> Espa\u00e7o Terap\u00eautico Lapis Lazuli<br \/>\n<strong>Facilitadoras:<\/strong> Paula Frassinetti e Morgana Maria<br \/>\nInvestimento: R$70<\/p>\n<p><strong>Inscri\u00e7\u00f5es e informa\u00e7\u00f5es:<\/strong><br \/>\n7sereias@gmail.com<br \/>\n997940225 \/ 984572630<\/p>\n<p><strong>Evento no facebook:<\/strong> <a href=\"https:\/\/www.facebook.com\/events\/584268318398508\/\" target=\"_blank\">https:\/\/www.facebook.com\/events\/584268318398508\/<\/a><\/p>\n","protected":false},"excerpt":{"rendered":"<p>\u201c&#8230;Me concentro firme no objetivo e encontro o que procuro.\u201d (Flor de Urucum) O Espa\u00e7o Lapis Lazuli promove no dia 16\/07\/2016 uma viv\u00eancia de autoconhecimento para mulheres utilizando a ess\u00eancia floral Urucum, do Sistema Florais da Amaz\u00f4nia, aliado a uma experimenta\u00e7\u00e3o art\u00edstica, objetivando a canaliza\u00e7\u00e3o da experi\u00eancia terap\u00eautica. O encontro ser\u00e1 facilitado pelas terapeutas Morgana [&hellip;]<\/p>\n","protected":false},"author":1,"featured_media":25244,"comment_status":"open","ping_status":"open","sticky":false,"template":"","format":"standard","meta":{"om_disable_all_campaigns":false,"_monsterinsights_skip_tracking":false,"_monsterinsights_sitenote_active":false,"_monsterinsights_sitenote_note":"","_monsterinsights_sitenote_category":0,"footnotes":""},"categories":[8,224,214],"tags":[70,22,304],"acf":[],"publishpress_future_action":{"enabled":false,"date":"1969-12-31 21:00:00","action":"","terms":[],"taxonomy":"","browser_timezone_offset":0},"_links":{"self":[{"href":"https:\/\/portalfloresnoar.com\/floresnoar\/wp-json\/wp\/v2\/posts\/25243"}],"collection":[{"href":"https:\/\/portalfloresnoar.com\/floresnoar\/wp-json\/wp\/v2\/posts"}],"about":[{"href":"https:\/\/portalfloresnoar.com\/floresnoar\/wp-json\/wp\/v2\/types\/post"}],"author":[{"embeddable":true,"href":"https:\/\/portalfloresnoar.com\/floresnoar\/wp-json\/wp\/v2\/users\/1"}],"replies":[{"embeddable":true,"href":"https:\/\/portalfloresnoar.com\/floresnoar\/wp-json\/wp\/v2\/comments?post=25243"}],"version-history":[{"count":0,"href":"https:\/\/portalfloresnoar.com\/floresnoar\/wp-json\/wp\/v2\/posts\/25243\/revisions"}],"wp:featuredmedia":[{"embeddable":true,"href":"https:\/\/portalfloresnoar.com\/floresnoar\/wp-json\/wp\/v2\/media\/25244"}],"wp:attachment":[{"href":"https:\/\/portalfloresnoar.com\/floresnoar\/wp-json\/wp\/v2\/media?parent=25243"}],"wp:term":[{"taxonomy":"category","embeddable":true,"href":"https:\/\/portalfloresnoar.com\/floresnoar\/wp-json\/wp\/v2\/categories?post=25243"},{"taxonomy":"post_tag","embeddable":true,"href":"https:\/\/portalfloresnoar.com\/floresnoar\/wp-json\/wp\/v2\/tags?post=25243"}],"curies":[{"name":"wp","href":"https:\/\/api.w.org\/{rel}","templated":true}]}}