

{"id":25193,"date":"2016-07-15T07:21:39","date_gmt":"2016-07-15T10:21:39","guid":{"rendered":"http:\/\/portalfloresnoar.com\/floresnoar\/?p=25193"},"modified":"2016-07-15T09:50:44","modified_gmt":"2016-07-15T12:50:44","slug":"cursos-com-a-terapeuta-rosangela-vecchi-bittar-no-recife","status":"publish","type":"post","link":"https:\/\/portalfloresnoar.com\/floresnoar\/cursos-com-a-terapeuta-rosangela-vecchi-bittar-no-recife\/","title":{"rendered":"[AGENDA PE] Cursos com a terapeuta Rosangela Vecchi Bittar no Recife"},"content":{"rendered":"<p><img decoding=\"async\" loading=\"lazy\" class=\" wp-image-23530 alignleft\" alt=\"aromaterapia_pixabay_free\" src=\"http:\/\/portalfloresnoar.com\/floresnoar\/wp-content\/uploads\/2016\/01\/aromaterapia_pixabay_free.jpg\" width=\"302\" height=\"302\" srcset=\"https:\/\/portalfloresnoar.com\/floresnoar\/wp-content\/uploads\/2016\/01\/aromaterapia_pixabay_free.jpg 720w, https:\/\/portalfloresnoar.com\/floresnoar\/wp-content\/uploads\/2016\/01\/aromaterapia_pixabay_free-150x150.jpg 150w, https:\/\/portalfloresnoar.com\/floresnoar\/wp-content\/uploads\/2016\/01\/aromaterapia_pixabay_free-300x300.jpg 300w, https:\/\/portalfloresnoar.com\/floresnoar\/wp-content\/uploads\/2016\/01\/aromaterapia_pixabay_free-100x100.jpg 100w\" sizes=\"(max-width: 302px) 100vw, 302px\" \/>A terapeuta e professora Rosangela Vecchi Bittar realiza no segundo semestre de 2016, em Boa Viagem, os cursos: Florais de Saint Germain na Oncologia; III m\u00f3dulo da Forma\u00e7\u00e3o em Aromaterapia; Curso B\u00e1sico de Florias de Saint Germain; e Fisiologia Energ\u00e9tica &#8211; Estudo dos Chakras, Emo\u00e7\u00f5es, Doen\u00e7as e os Florais de Saint Germain para Equil\u00edbrio M\u00f3dulo II da Forma\u00e7\u00e3o).<\/p>\n<p>Rosangela Vecchi Bittar \u00e9 especialista em Terapia Floral, Aromaterapeuta, pesquisadora e escritora com cinco livros publicados. \u00c9 Mestre autorizada a ministrar cursos do Sistema Floral de Saint Germain desde 2012.<\/p>\n<p><em>Confira abaixo as datas e hor\u00e1rio de cada curso!<\/em><\/p>\n<p>CURSO B\u00c1SICO DO SISTEMA FLORAL DE SAINT GERMAIN (m\u00f3dulo I)<br \/>\n<strong>Data:<\/strong>\u00a005 e 06 de agosto<br \/>\n<strong>Hor\u00e1rio:<\/strong>\u00a0sexta das 15h \u00e0s 18h e s\u00e1bado das 9h \u00e0s 17h<br \/>\n<strong>Conte\u00fado:\u00a0<\/strong>apresenta\u00e7\u00e3o e descri\u00e7\u00e3o das ess\u00eancias do sistema e seu uso na pr\u00e1tica cl\u00ednica.<br \/>\n<em>Obs: Confere certificado do Sistema Floral de Saint Germain e material.<\/em><\/p>\n<p>FORMA\u00c7\u00c3O EM AROMATERAPIA (m\u00f3dulo III)<br \/>\n<strong>Data<\/strong>: 27 de agosto de 2016<br \/>\n<strong>Hor\u00e1rio:<\/strong> de 9h \u00e0s 17 h<\/p>\n<p>FISIOLOGIA ENERG\u00c9TICA ESTUDO DOS CHACRAS, EMO\u00c7\u00d5ES, DOEN\u00c7AS E OS FLORAIS DE SAINT GERMAIN PARA EQUIL\u00cdBRIO. (MOD II FORMA\u00c7\u00c3O)<br \/>\n<strong>Data:<\/strong> 10 e 11 de setembro de 2016<b>\u00a0<\/b><\/p>\n<p><b>01\/10 e 02\/10 CURSO B\u00c1SICO DO SISTEMA FLORAL DE BACH<\/b><\/p>\n<p><b>28 E 29\/10 CURSO AS ESS\u00caNCIAS FLORAIS DE SAINT GERMAIN NA ONCOLOGIA<\/b><\/p>\n<p><b>\u00a0<\/b><strong>Inscri\u00e7\u00f5es e mais informa\u00e7\u00f5es:<\/strong><br \/>\nE-mail: rosangelaflorais@gmail.com<br \/>\nSite: <a href=\"http:\/\/www.pensandonatural.com.br\" target=\"_blank\">www.pensandonatural.com.br<\/a><br \/>\nTelefone: (81)98\u200b843-0584\/ (81)99221-0072<\/p>\n","protected":false},"excerpt":{"rendered":"<p>A terapeuta e professora Rosangela Vecchi Bittar realiza no segundo semestre de 2016, em Boa Viagem, os cursos: Florais de Saint Germain na Oncologia; III m\u00f3dulo da Forma\u00e7\u00e3o em Aromaterapia; Curso B\u00e1sico de Florias de Saint Germain; e Fisiologia Energ\u00e9tica &#8211; Estudo dos Chakras, Emo\u00e7\u00f5es, Doen\u00e7as e os Florais de Saint Germain para Equil\u00edbrio M\u00f3dulo [&hellip;]<\/p>\n","protected":false},"author":1,"featured_media":23530,"comment_status":"open","ping_status":"open","sticky":false,"template":"","format":"standard","meta":{"om_disable_all_campaigns":false,"_monsterinsights_skip_tracking":false,"_monsterinsights_sitenote_active":false,"_monsterinsights_sitenote_note":"","_monsterinsights_sitenote_category":0,"footnotes":""},"categories":[8,224,214],"tags":[73,167,70],"acf":[],"publishpress_future_action":{"enabled":false,"date":"1969-12-31 21:00:00","action":"","terms":[],"taxonomy":"","browser_timezone_offset":0},"_links":{"self":[{"href":"https:\/\/portalfloresnoar.com\/floresnoar\/wp-json\/wp\/v2\/posts\/25193"}],"collection":[{"href":"https:\/\/portalfloresnoar.com\/floresnoar\/wp-json\/wp\/v2\/posts"}],"about":[{"href":"https:\/\/portalfloresnoar.com\/floresnoar\/wp-json\/wp\/v2\/types\/post"}],"author":[{"embeddable":true,"href":"https:\/\/portalfloresnoar.com\/floresnoar\/wp-json\/wp\/v2\/users\/1"}],"replies":[{"embeddable":true,"href":"https:\/\/portalfloresnoar.com\/floresnoar\/wp-json\/wp\/v2\/comments?post=25193"}],"version-history":[{"count":0,"href":"https:\/\/portalfloresnoar.com\/floresnoar\/wp-json\/wp\/v2\/posts\/25193\/revisions"}],"wp:featuredmedia":[{"embeddable":true,"href":"https:\/\/portalfloresnoar.com\/floresnoar\/wp-json\/wp\/v2\/media\/23530"}],"wp:attachment":[{"href":"https:\/\/portalfloresnoar.com\/floresnoar\/wp-json\/wp\/v2\/media?parent=25193"}],"wp:term":[{"taxonomy":"category","embeddable":true,"href":"https:\/\/portalfloresnoar.com\/floresnoar\/wp-json\/wp\/v2\/categories?post=25193"},{"taxonomy":"post_tag","embeddable":true,"href":"https:\/\/portalfloresnoar.com\/floresnoar\/wp-json\/wp\/v2\/tags?post=25193"}],"curies":[{"name":"wp","href":"https:\/\/api.w.org\/{rel}","templated":true}]}}