

{"id":25177,"date":"2016-07-05T04:35:31","date_gmt":"2016-07-05T07:35:31","guid":{"rendered":"http:\/\/portalfloresnoar.com\/floresnoar\/?p=25177"},"modified":"2016-08-17T17:53:27","modified_gmt":"2016-08-17T20:53:27","slug":"inscricoes-abertas-para-o-1o-congresso-internacional-de-saude-consciente","status":"publish","type":"post","link":"https:\/\/portalfloresnoar.com\/floresnoar\/inscricoes-abertas-para-o-1o-congresso-internacional-de-saude-consciente\/","title":{"rendered":"Inscri\u00e7\u00f5es abertas para o 1\u00ba Congresso Internacional de Sa\u00fade Consciente"},"content":{"rendered":"<p style=\"text-align: center;\"><img decoding=\"async\" loading=\"lazy\" class=\"aligncenter  wp-image-25180\" alt=\"Congresso Internacional de Sa\u00fade Consciente\" src=\"http:\/\/portalfloresnoar.com\/floresnoar\/wp-content\/uploads\/2016\/06\/Congresso-Internacional-de-Sa\u00fade-Consciente.jpg\" width=\"636\" height=\"337\" srcset=\"https:\/\/portalfloresnoar.com\/floresnoar\/wp-content\/uploads\/2016\/06\/Congresso-Internacional-de-Sa\u00fade-Consciente.jpg 795w, https:\/\/portalfloresnoar.com\/floresnoar\/wp-content\/uploads\/2016\/06\/Congresso-Internacional-de-Sa\u00fade-Consciente-300x158.jpg 300w\" sizes=\"(max-width: 636px) 100vw, 636px\" \/><\/p>\n<p><span style=\"line-height: 1.71429; letter-spacing: 0em;\">Recife sedia de 19 a 21 de agosto o<\/span><span style=\"line-height: 1.71429; letter-spacing: 0em; text-decoration: underline;\"><a href=\"http:\/\/congressosaudeconsciente.com.br\/1-cisc\/?ref=R4466039L\" target=\"_blank\"> 1\u00ba Congresso Internacional de Sa\u00fade Consciente (CISC)<\/a><\/span><span style=\"line-height: 1.71429; letter-spacing: 0em;\">, trazendo grandes nomes do cen\u00e1rio mundial para legitimar o conceito de Sa\u00fade Consciente, que engloba o bem-estar como uma das principais ferramentas para uma vida. Quem n\u00e3o puder participar presencialmente, poder\u00e1 assistir ao congresso pela internet. As inscri\u00e7\u00f5es j\u00e1 est\u00e3o abertas e podem ser feitas pelas internet <\/span><span style=\"line-height: 1.71429; letter-spacing: 0em; text-decoration: underline;\"><a href=\"http:\/\/congressosaudeconsciente.com.br\/1-cisc\/?ref=R4466039L\" target=\"_blank\">neste link<\/a><\/span><span style=\"line-height: 1.71429; letter-spacing: 0em;\">!<\/span><\/p>\n<p>M\u00e9dicos, pesquisadores e \u00edcones do setor participar\u00e3o do congresso, que abordar\u00e1 assuntos como: Yoga, Aromatologia, Medita\u00e7\u00e3o, F\u00edsica Qu\u00e2ntica, Alimenta\u00e7\u00e3o Funcional e Reaproveit\u00e1vel, Sa\u00fade dos Intestinos (considerado, atualmente, como o segundo c\u00e9rebro), uso dos Probi\u00f3ticos, entre outros.<\/p>\n<p>O objetivo do evento \u00e9 proporcionar aos participantes o contato com tais conte\u00fados e, que eles sejam, principalmente, \u00fateis no dia a dia na preven\u00e7\u00e3o e cura das doen\u00e7as f\u00edsicas e emocionais. O p\u00fablico-alvo do congresso s\u00e3o os profissionais e estudiosos da \u00e1rea de sa\u00fade, terapeutas hol\u00edsticos e qualquer ser humano que queira conhecer e aplicar esses conte\u00fados.<\/p>\n<p>&#8220;Estamos, cada vez mais, nos permitindo ser iludidos por p\u00edlulas m\u00e1gicas que nos prometem a magreza, beleza, felicidade e prosperidade. Mas, a verdadeira mudan\u00e7a come\u00e7a com pequenos h\u00e1bitos e \u00e9 atrav\u00e9s do valioso conhecimento e das descobertas trazidas por pesquisadores e cientistas, que voc\u00ea conseguir\u00e1 se manter uma pessoa mais saud\u00e1vel (f\u00edsica, mental e espiritual) e feliz&#8221;, declara Ma Prem Zaki, idealizadora e coordenadora do 1\u00ba CISC.<\/p>\n<p><strong>PROGRAMA\u00c7\u00c3O<\/strong><\/p>\n<p style=\"text-align: center;\"><img decoding=\"async\" loading=\"lazy\" class=\"aligncenter  wp-image-25178\" alt=\"programa\u00e7\u00e3o congresso\" src=\"http:\/\/portalfloresnoar.com\/floresnoar\/wp-content\/uploads\/2016\/06\/programa\u00e7\u00e3o-congresso.jpg\" width=\"785\" height=\"497\" srcset=\"https:\/\/portalfloresnoar.com\/floresnoar\/wp-content\/uploads\/2016\/06\/programa\u00e7\u00e3o-congresso.jpg 969w, https:\/\/portalfloresnoar.com\/floresnoar\/wp-content\/uploads\/2016\/06\/programa\u00e7\u00e3o-congresso-300x189.jpg 300w\" sizes=\"(max-width: 785px) 100vw, 785px\" \/><\/p>\n<p><strong>1\u00ba Congresso Internacional de Sa\u00fade Consciente<\/strong><br \/>\n<strong>Data:<\/strong> 19 a 21 de agosto de 2016<br \/>\n<strong>Local:<\/strong> <a href=\"http:\/\/www.dorisol.com.br\/\" target=\"_blank\">Hotel Dorisol<\/a>, Piedade, Jaboat\u00e3o dos Guararapes\/PE<br \/>\n<strong>Mais informa\u00e7\u00f5es:<\/strong> 3097.5184<\/p>\n<h4>INSCREVA-SE <a href=\"http:\/\/congressosaudeconsciente.com.br\/1-cisc\/?ref=R4466039L\" target=\"_blank\"><span style=\"text-decoration: underline;\"><strong>AQUI<\/strong><\/span><\/a>!<\/h4>\n","protected":false},"excerpt":{"rendered":"<p>Recife sedia de 19 a 21 de agosto o 1\u00ba Congresso Internacional de Sa\u00fade Consciente (CISC), trazendo grandes nomes do cen\u00e1rio mundial para legitimar o conceito de Sa\u00fade Consciente, que engloba o bem-estar como uma das principais ferramentas para uma vida. Quem n\u00e3o puder participar presencialmente, poder\u00e1 assistir ao congresso pela internet. As inscri\u00e7\u00f5es j\u00e1 [&hellip;]<\/p>\n","protected":false},"author":1,"featured_media":25180,"comment_status":"open","ping_status":"open","sticky":false,"template":"","format":"standard","meta":{"om_disable_all_campaigns":false,"_monsterinsights_skip_tracking":false,"_monsterinsights_sitenote_active":false,"_monsterinsights_sitenote_note":"","_monsterinsights_sitenote_category":0,"footnotes":""},"categories":[8,214],"tags":[321,295,127],"acf":[],"publishpress_future_action":{"enabled":false,"date":"1969-12-31 21:00:00","action":"","terms":[],"taxonomy":"","browser_timezone_offset":0},"_links":{"self":[{"href":"https:\/\/portalfloresnoar.com\/floresnoar\/wp-json\/wp\/v2\/posts\/25177"}],"collection":[{"href":"https:\/\/portalfloresnoar.com\/floresnoar\/wp-json\/wp\/v2\/posts"}],"about":[{"href":"https:\/\/portalfloresnoar.com\/floresnoar\/wp-json\/wp\/v2\/types\/post"}],"author":[{"embeddable":true,"href":"https:\/\/portalfloresnoar.com\/floresnoar\/wp-json\/wp\/v2\/users\/1"}],"replies":[{"embeddable":true,"href":"https:\/\/portalfloresnoar.com\/floresnoar\/wp-json\/wp\/v2\/comments?post=25177"}],"version-history":[{"count":0,"href":"https:\/\/portalfloresnoar.com\/floresnoar\/wp-json\/wp\/v2\/posts\/25177\/revisions"}],"wp:featuredmedia":[{"embeddable":true,"href":"https:\/\/portalfloresnoar.com\/floresnoar\/wp-json\/wp\/v2\/media\/25180"}],"wp:attachment":[{"href":"https:\/\/portalfloresnoar.com\/floresnoar\/wp-json\/wp\/v2\/media?parent=25177"}],"wp:term":[{"taxonomy":"category","embeddable":true,"href":"https:\/\/portalfloresnoar.com\/floresnoar\/wp-json\/wp\/v2\/categories?post=25177"},{"taxonomy":"post_tag","embeddable":true,"href":"https:\/\/portalfloresnoar.com\/floresnoar\/wp-json\/wp\/v2\/tags?post=25177"}],"curies":[{"name":"wp","href":"https:\/\/api.w.org\/{rel}","templated":true}]}}