

{"id":25158,"date":"2016-05-13T20:44:26","date_gmt":"2016-05-13T23:44:26","guid":{"rendered":"http:\/\/portalfloresnoar.com\/floresnoar\/?p=25158"},"modified":"2016-06-21T16:25:04","modified_gmt":"2016-06-21T19:25:04","slug":"lu-rabelo-faz-show-nesta-sexta-no-projeto-tropicamericanas","status":"publish","type":"post","link":"https:\/\/portalfloresnoar.com\/floresnoar\/lu-rabelo-faz-show-nesta-sexta-no-projeto-tropicamericanas\/","title":{"rendered":"Lu Rabelo faz show nesta sexta no projeto Tropicamericanas"},"content":{"rendered":"<p><span style=\"line-height: 1.71429; letter-spacing: 0em;\"><img decoding=\"async\" loading=\"lazy\" class=\"aligncenter size-full wp-image-25159\" alt=\"tropicamericanas_Lu Rabelo\" src=\"http:\/\/portalfloresnoar.com\/floresnoar\/wp-content\/uploads\/2016\/06\/tropicamericanas_Lu-Rabelo.jpg\" width=\"697\" height=\"600\" srcset=\"https:\/\/portalfloresnoar.com\/floresnoar\/wp-content\/uploads\/2016\/06\/tropicamericanas_Lu-Rabelo.jpg 697w, https:\/\/portalfloresnoar.com\/floresnoar\/wp-content\/uploads\/2016\/06\/tropicamericanas_Lu-Rabelo-300x258.jpg 300w\" sizes=\"(max-width: 697px) 100vw, 697px\" \/>A cantadeira <\/span><a style=\"line-height: 1.71429; letter-spacing: 0em;\" href=\" https:\/\/www.facebook.com\/cantodelu7\/\" target=\"_blank\">Lu Rabelo<\/a><span style=\"line-height: 1.71429; letter-spacing: 0em;\"> se apresenta nesta sexta-feira (17) , \u00e0s 20h, no projeto Noites Tropicamericanas, no Terra Caf\u00e9 Bar, acompanhada do violonista Ant\u00f4nio de Hollanda e do percussionista Cleto Campos. No repert\u00f3rio, m\u00fasicas e poemas autorais, costurados por can\u00e7\u00f5es de Lula C\u00f4rtes, Chico C\u00e9sar, Daniel Viglietti e do v\u00e9i Gonzaga.\u00a0<\/span><\/p>\n<p>O projeto Noites Tropicamericanas \u00e9 encabe\u00e7ado pelo artista Juvenil Silva e acontece todas as sextas no Terra Caf\u00e9 Bar. A discotecagem fica por conta dos m\u00fasicos que se apresentam na noite. A contribui\u00e7\u00e3o \u00e9 de R$ 10,00.<\/p>\n<p>\u201cEm tempos de golpe, a apresenta\u00e7\u00e3o ter\u00e1 uma pegada de protesto, mas sem deixar de lado as can\u00e7\u00f5es coracionais. Tamb\u00e9m vamos aproveitar a \u00e9poca junina pra cantar uns xotes de Luiz Gonzaga, que sou apaixonada desde muito pequena\u201d, conta Lu.<\/p>\n<p>Guiadas pela intui\u00e7\u00e3o, emo\u00e7\u00e3o, espontaneidade e experimentalismo, as poesias e can\u00e7\u00f5es de Lu Rabelo t\u00eam como motes a Natureza, as Paix\u00f5es, a Poesia, o Tempo, o Ser&#8230; \u201cEscrever, compor, declamar, cantar me tornam inteira e nua\u201d, declara a cantadeira.<\/p>\n<p>POESIA &#8211; A raiz pajeuzeira (a m\u00e3e \u00e9 de S\u00e3o Jos\u00e9 do Egito e o pai de Tupanaci, vilarejo de Mirandiba, ambos munic\u00edpios \u00e0 beira do rio Paje\u00fa, no Sert\u00e3o pernambucano), com forte pegada da Poesia Popular, \u00e9 evidente na obra da artista, que nasceu em Bras\u00edlia em 1973 e, entre idas e vindas, mora h\u00e1 mais de 30 anos no Recife.<\/p>\n<p>Desde 2000 a poesia j\u00e1 \u00e9 uma das principais formas de express\u00e3o de Lu, que tem v\u00e1rios cord\u00e9is lan\u00e7ados. \u201cA rima e a m\u00e9trica me surpreendem com as possibilidades de dizer o que sinto de um jeito diferente do que diria sem \u2018a forma\u2019. E a poesia livre me faz expressar sentimentos e pensamentos num outro ritmo, de mesma intensidade\u201d. Seu primeiro cordel, escrito em 2006 e intitulado \u2018O Cordel da TV Digital\u2019, tornou-se nacionalmente conhecido por ter sido lido publicamente pelo artista e ent\u00e3o ministro da Cultura Gilberto Gil. Lu Rabelo tamb\u00e9m integra, com a artista Ana\u00edra Mahin, a premiada dupla po\u00e9tica &#8216;As Cumade&#8217;.<\/p>\n<p>M\u00daSICA &#8211; Em 2010 come\u00e7aram a surgir as melodias, e muitos dos poemas de Lu Rabelo se transformaram em can\u00e7\u00f5es. E outras can\u00e7\u00f5es surgiram trazendo novos poemas. Junto com o multi-instrumentista Rog\u00ea Victor, que arranjou quase todas as m\u00fasicas da artista, nasceram blues, reggaes, xotes, sambas, baladas, ciranda, coco, maracatu, ijex\u00e1, carimb\u00f3\u2026<\/p>\n<p>SERVI\u00c7O<br \/>\n<strong>Show de Lu Rabelo, acompanhada dos m\u00fasicos Ant\u00f4nio de Hollanda e Cleto Campos<\/strong><br \/>\n<strong>Dia:<\/strong> 17\/6 (sexta-feira)<br \/>\n<strong>Hora:<\/strong> 20h<br \/>\n<strong>Local:<\/strong> Terra Caf\u00e9 Bar- Rua Artur Orlando, 113, Boa Vista, Recife\/PE<br \/>\n<strong>Contribui\u00e7\u00e3o:<\/strong> R$ 10<\/p>\n<p><strong>Evento no facebook:<\/strong>\u00a0<a href=\"https:\/\/www.facebook.com\/events\/1696490657281684\/\" target=\"_blank\">https:\/\/www.facebook.com\/events\/1696490657281684\/<\/a><\/p>\n<p><strong>Fanpage:<\/strong> https:\/\/www.facebook.com\/cantodelu7\/<br \/>\n<strong>V\u00eddeos:<\/strong> https:\/\/www.youtube.com\/user\/lucianarabelo7<br \/>\n<strong>\u00c1udios:<\/strong> https:\/\/soundcloud.com\/lurabelo<\/p>\n<p>&nbsp;<\/p>\n","protected":false},"excerpt":{"rendered":"<p>A cantadeira Lu Rabelo se apresenta nesta sexta-feira (17) , \u00e0s 20h, no projeto Noites Tropicamericanas, no Terra Caf\u00e9 Bar, acompanhada do violonista Ant\u00f4nio de Hollanda e do percussionista Cleto Campos. No repert\u00f3rio, m\u00fasicas e poemas autorais, costurados por can\u00e7\u00f5es de Lula C\u00f4rtes, Chico C\u00e9sar, Daniel Viglietti e do v\u00e9i Gonzaga.\u00a0 O projeto Noites Tropicamericanas [&hellip;]<\/p>\n","protected":false},"author":1,"featured_media":25160,"comment_status":"open","ping_status":"open","sticky":false,"template":"","format":"standard","meta":{"om_disable_all_campaigns":false,"_monsterinsights_skip_tracking":false,"_monsterinsights_sitenote_active":false,"_monsterinsights_sitenote_note":"","_monsterinsights_sitenote_category":0,"footnotes":""},"categories":[8,214],"tags":[125],"acf":[],"publishpress_future_action":{"enabled":false,"date":"1969-12-31 21:00:00","action":"","terms":[],"taxonomy":"","browser_timezone_offset":0},"_links":{"self":[{"href":"https:\/\/portalfloresnoar.com\/floresnoar\/wp-json\/wp\/v2\/posts\/25158"}],"collection":[{"href":"https:\/\/portalfloresnoar.com\/floresnoar\/wp-json\/wp\/v2\/posts"}],"about":[{"href":"https:\/\/portalfloresnoar.com\/floresnoar\/wp-json\/wp\/v2\/types\/post"}],"author":[{"embeddable":true,"href":"https:\/\/portalfloresnoar.com\/floresnoar\/wp-json\/wp\/v2\/users\/1"}],"replies":[{"embeddable":true,"href":"https:\/\/portalfloresnoar.com\/floresnoar\/wp-json\/wp\/v2\/comments?post=25158"}],"version-history":[{"count":0,"href":"https:\/\/portalfloresnoar.com\/floresnoar\/wp-json\/wp\/v2\/posts\/25158\/revisions"}],"wp:featuredmedia":[{"embeddable":true,"href":"https:\/\/portalfloresnoar.com\/floresnoar\/wp-json\/wp\/v2\/media\/25160"}],"wp:attachment":[{"href":"https:\/\/portalfloresnoar.com\/floresnoar\/wp-json\/wp\/v2\/media?parent=25158"}],"wp:term":[{"taxonomy":"category","embeddable":true,"href":"https:\/\/portalfloresnoar.com\/floresnoar\/wp-json\/wp\/v2\/categories?post=25158"},{"taxonomy":"post_tag","embeddable":true,"href":"https:\/\/portalfloresnoar.com\/floresnoar\/wp-json\/wp\/v2\/tags?post=25158"}],"curies":[{"name":"wp","href":"https:\/\/api.w.org\/{rel}","templated":true}]}}