

{"id":25061,"date":"2016-05-07T11:33:11","date_gmt":"2016-05-07T14:33:11","guid":{"rendered":"http:\/\/portalfloresnoar.com\/floresnoar\/?p=25061"},"modified":"2016-06-21T16:29:54","modified_gmt":"2016-06-21T19:29:54","slug":"encontro-de-biodanca-em-aldeia-dia-186","status":"publish","type":"post","link":"https:\/\/portalfloresnoar.com\/floresnoar\/encontro-de-biodanca-em-aldeia-dia-186\/","title":{"rendered":"Encontro de Biodan\u00e7a em Aldeia no dia 18 de junho"},"content":{"rendered":"<p><img decoding=\"async\" loading=\"lazy\" class=\"aligncenter size-full wp-image-25066\" alt=\"Biodan\u00e7a4\" src=\"http:\/\/portalfloresnoar.com\/floresnoar\/wp-content\/uploads\/2016\/06\/Biodan\u00e7a4.jpg\" width=\"764\" height=\"414\" srcset=\"https:\/\/portalfloresnoar.com\/floresnoar\/wp-content\/uploads\/2016\/06\/Biodan\u00e7a4.jpg 764w, https:\/\/portalfloresnoar.com\/floresnoar\/wp-content\/uploads\/2016\/06\/Biodan\u00e7a4-300x162.jpg 300w\" sizes=\"(max-width: 764px) 100vw, 764px\" \/><\/p>\n<p>Neste m\u00eas de junho, excepcionalmente, o encontro de Biodan\u00e7a realizado no Lapis Lazuli (unidade Aldeia) ser\u00e1 realizado no dia 18, por conta das festividades de S\u00e3o Jo\u00e3o. Normalmente os encontros de Biodan\u00e7a em Aldeia acontecem sempre no \u00faltimo s\u00e1bado de cada m\u00eas, das 10h \u00e0s 18h.<\/p>\n<p>A Biodan\u00e7a \u00e9 um trabalho realizado em grupo que estimula o aprendizado da comunica\u00e7\u00e3o, do cuidado e da coopera\u00e7\u00e3o, o que leva as pessoas a se relacionarem melhor e estabelecer v\u00ednculos afetivos. A pr\u00e1tica estimula a renova\u00e7\u00e3o e equil\u00edbrio org\u00e2nico, a resist\u00eancia imunol\u00f3gica, a energia vital e disposi\u00e7\u00e3o para a a\u00e7\u00e3o, substituindo o estresse pela harmonia.<\/p>\n<p><strong>Alguns benef\u00edcios da Biodan\u00e7a:<\/strong><br \/>\n&#8211; Revitaliza todo o organismo<br \/>\n&#8211; Combate o estresse e ins\u00f4nia<br \/>\n&#8211; Antidepressivo<br \/>\n&#8211; Fortalece o Sistema Imunol\u00f3gico<br \/>\n&#8211; Equilibra sistema neuroend\u00f3crino<br \/>\n&#8211; Restabelece as fun\u00e7\u00f5es sexuais<br \/>\n&#8211; Eleva a autoestima<br \/>\n&#8211; Promove assertividade e criatividade<\/p>\n<p>GRUPO MENSAL DE BIODAN\u00c7A NO LAPIS LAZULI (UNIDADE ALDEIA)<br \/>\n<strong>Data:<\/strong> 18 de junho de 2016 (nos outros meses acontece sempre no \u00faltimo s\u00e1bado do m\u00eas)<br \/>\n<strong>Hora:\u00a0<\/strong>10h \u00e0s 18h.<br \/>\n<strong>Local:<\/strong> Ch\u00e1cara Esmeralda-Rua Breno Martins, s\/n\u00ba-Estrada de Aldeia, km 8,2 (Veja o mapa com a localiza\u00e7\u00e3o: https:\/\/goo.gl\/maps\/wpPJFvzhjcx )<br \/>\n<strong>Mensalidade: <\/strong>R$ 80,00 (individual); R$ 120,00 (casal)<br \/>\n<strong>Facilitador:<\/strong> Roberto Pagano &#8211;\u00a0Licenciado pela International Biocentric Fundation (IBF);\u00a0Especializa\u00e7\u00e3o em Projeto Minotauro e \u00c1rvore dos Desejos.<\/p>\n<p><strong>Informa\u00e7\u00f5es\/Inscri\u00e7\u00f5es <\/strong><br \/>\nRoberto Pagano \u2013 9 8899.8261 (Whatsapp) robertopaganoluz@gmail.com<br \/>\nGoretti Melo \u2013 3426.8737\/98855-6581 (Whatsapp) <a href=\"mailto:falagorettimelo@gmail.com\">falagorettimelo@gmail.com<\/a><\/p>\n<p><strong>Conhe\u00e7a os trabalhos do Espa\u00e7o Terap\u00eautico Lapis Lazuli:<\/strong><br \/>\n<span style=\"font-family: Arial, serif;\"><span style=\"font-size: medium;\"><a href=\"http:\/\/lapislazuli-recife.blogspot.com.br\/\">http:\/\/lapislazuli-recife.blogspot.com.br\/<\/a><br \/>\n<a href=\"http:\/\/www.facebook.com\/espacolapislazuli\">www.facebook.com\/espacolapislazuli<\/a><\/span><\/span><\/p>\n","protected":false},"excerpt":{"rendered":"<p>Neste m\u00eas de junho, excepcionalmente, o encontro de Biodan\u00e7a realizado no Lapis Lazuli (unidade Aldeia) ser\u00e1 realizado no dia 18, por conta das festividades de S\u00e3o Jo\u00e3o. Normalmente os encontros de Biodan\u00e7a em Aldeia acontecem sempre no \u00faltimo s\u00e1bado de cada m\u00eas, das 10h \u00e0s 18h. A Biodan\u00e7a \u00e9 um trabalho realizado em grupo que [&hellip;]<\/p>\n","protected":false},"author":1,"featured_media":21243,"comment_status":"open","ping_status":"open","sticky":false,"template":"","format":"standard","meta":{"om_disable_all_campaigns":false,"_monsterinsights_skip_tracking":false,"_monsterinsights_sitenote_active":false,"_monsterinsights_sitenote_note":"","_monsterinsights_sitenote_category":0,"footnotes":""},"categories":[8,214],"tags":[66,137],"acf":[],"publishpress_future_action":{"enabled":false,"date":"1969-12-31 21:00:00","action":"","terms":[],"taxonomy":"","browser_timezone_offset":0},"_links":{"self":[{"href":"https:\/\/portalfloresnoar.com\/floresnoar\/wp-json\/wp\/v2\/posts\/25061"}],"collection":[{"href":"https:\/\/portalfloresnoar.com\/floresnoar\/wp-json\/wp\/v2\/posts"}],"about":[{"href":"https:\/\/portalfloresnoar.com\/floresnoar\/wp-json\/wp\/v2\/types\/post"}],"author":[{"embeddable":true,"href":"https:\/\/portalfloresnoar.com\/floresnoar\/wp-json\/wp\/v2\/users\/1"}],"replies":[{"embeddable":true,"href":"https:\/\/portalfloresnoar.com\/floresnoar\/wp-json\/wp\/v2\/comments?post=25061"}],"version-history":[{"count":0,"href":"https:\/\/portalfloresnoar.com\/floresnoar\/wp-json\/wp\/v2\/posts\/25061\/revisions"}],"wp:featuredmedia":[{"embeddable":true,"href":"https:\/\/portalfloresnoar.com\/floresnoar\/wp-json\/wp\/v2\/media\/21243"}],"wp:attachment":[{"href":"https:\/\/portalfloresnoar.com\/floresnoar\/wp-json\/wp\/v2\/media?parent=25061"}],"wp:term":[{"taxonomy":"category","embeddable":true,"href":"https:\/\/portalfloresnoar.com\/floresnoar\/wp-json\/wp\/v2\/categories?post=25061"},{"taxonomy":"post_tag","embeddable":true,"href":"https:\/\/portalfloresnoar.com\/floresnoar\/wp-json\/wp\/v2\/tags?post=25061"}],"curies":[{"name":"wp","href":"https:\/\/api.w.org\/{rel}","templated":true}]}}