

{"id":24963,"date":"2016-05-30T14:26:04","date_gmt":"2016-05-30T17:26:04","guid":{"rendered":"http:\/\/portalfloresnoar.com\/floresnoar\/?p=24963"},"modified":"2016-06-02T19:49:32","modified_gmt":"2016-06-02T22:49:32","slug":"feira-agroecologica-de-setubal-acontece-neste-domingo","status":"publish","type":"post","link":"https:\/\/portalfloresnoar.com\/floresnoar\/feira-agroecologica-de-setubal-acontece-neste-domingo\/","title":{"rendered":"FEIRA AGROECOL\u00d3GICA DE SET\u00daBAL ACONTECE NESTE DOMINGO"},"content":{"rendered":"<figure id=\"attachment_24964\" aria-describedby=\"caption-attachment-24964\" style=\"width: 691px\" class=\"wp-caption aligncenter\"><img decoding=\"async\" loading=\"lazy\" class=\" wp-image-24964\" alt=\"feira agroecologica setubal\" src=\"http:\/\/portalfloresnoar.com\/floresnoar\/wp-content\/uploads\/2016\/05\/feira-agroecologica-setubal.jpg\" width=\"691\" height=\"389\" srcset=\"https:\/\/portalfloresnoar.com\/floresnoar\/wp-content\/uploads\/2016\/05\/feira-agroecologica-setubal.jpg 960w, https:\/\/portalfloresnoar.com\/floresnoar\/wp-content\/uploads\/2016\/05\/feira-agroecologica-setubal-300x168.jpg 300w\" sizes=\"(max-width: 691px) 100vw, 691px\" \/><figcaption id=\"caption-attachment-24964\" class=\"wp-caption-text\">Foto: Lu Rabelo\/ Flores no Ar<\/figcaption><\/figure>\n<p>Neste domingo (5), das 8h \u00e0s 11h, ser\u00e1 realizada mais uma edi\u00e7\u00e3o da Ferira Agroecol\u00f3gica de Set\u00fabal, no canal do Rio Jord\u00e3o (atr\u00e1s da Escola Americana), na Zona Sul do Recife.<\/p>\n<p>No local ser\u00e3o comercializadas hortali\u00e7as e frutas org\u00e2nicas e diversos produtos naturais, como p\u00e3es, bolos, sandu\u00edches, mel, sucos e fitoter\u00e1picos.<\/p>\n<p>A Feira Agroecol\u00f3gica de Set\u00fabal \u00e9 realizada pela Associa\u00e7\u00e3o Agroflorestal Terra &amp; Vida, Agroflor, Amarftsa, Mocot\u00f3, Acampamento Chico Mendes e Coletivo Set\u00fabal, e conta com o apoio da Universidade Federal Rural de Pernambuco (UFRPE), Vegaria, Portal Flores no Ar e Garuda Yoga.<\/p>\n<p>&#8220;A Agroecologia se preocupa n\u00e3o s\u00f3 com os alimentos saud\u00e1veis para o consumidor, mas com um sistema de produ\u00e7\u00e3o mais saud\u00e1vel, respeitando a natureza e garantindo sa\u00fade a todos os envolvidos no processo&#8221;, declara Amadeu Petroni, da Associa\u00e7\u00e3o Agroflorestal Terra &amp; Vida.<\/p>\n<p>O evento tamb\u00e9m oferecer\u00e1, \u00e0s 9h, aula de Yoga com instrutores do Garuda Yoga e , para crian\u00e7ada, \u00e0s 10h30, viv\u00eancia de plantio de mini milhos.<\/p>\n","protected":false},"excerpt":{"rendered":"<p>Neste domingo (5), das 8h \u00e0s 11h, ser\u00e1 realizada mais uma edi\u00e7\u00e3o da Ferira Agroecol\u00f3gica de Set\u00fabal, no canal do Rio Jord\u00e3o (atr\u00e1s da Escola Americana), na Zona Sul do Recife. No local ser\u00e3o comercializadas hortali\u00e7as e frutas org\u00e2nicas e diversos produtos naturais, como p\u00e3es, bolos, sandu\u00edches, mel, sucos e fitoter\u00e1picos. A Feira Agroecol\u00f3gica de [&hellip;]<\/p>\n","protected":false},"author":1,"featured_media":24964,"comment_status":"open","ping_status":"open","sticky":false,"template":"","format":"standard","meta":{"om_disable_all_campaigns":false,"_monsterinsights_skip_tracking":false,"_monsterinsights_sitenote_active":false,"_monsterinsights_sitenote_note":"","_monsterinsights_sitenote_category":0,"footnotes":""},"categories":[8,224,214],"tags":[241,329,180],"acf":[],"publishpress_future_action":{"enabled":false,"date":"1969-12-31 21:00:00","action":"","terms":[],"taxonomy":"","browser_timezone_offset":0},"_links":{"self":[{"href":"https:\/\/portalfloresnoar.com\/floresnoar\/wp-json\/wp\/v2\/posts\/24963"}],"collection":[{"href":"https:\/\/portalfloresnoar.com\/floresnoar\/wp-json\/wp\/v2\/posts"}],"about":[{"href":"https:\/\/portalfloresnoar.com\/floresnoar\/wp-json\/wp\/v2\/types\/post"}],"author":[{"embeddable":true,"href":"https:\/\/portalfloresnoar.com\/floresnoar\/wp-json\/wp\/v2\/users\/1"}],"replies":[{"embeddable":true,"href":"https:\/\/portalfloresnoar.com\/floresnoar\/wp-json\/wp\/v2\/comments?post=24963"}],"version-history":[{"count":0,"href":"https:\/\/portalfloresnoar.com\/floresnoar\/wp-json\/wp\/v2\/posts\/24963\/revisions"}],"wp:featuredmedia":[{"embeddable":true,"href":"https:\/\/portalfloresnoar.com\/floresnoar\/wp-json\/wp\/v2\/media\/24964"}],"wp:attachment":[{"href":"https:\/\/portalfloresnoar.com\/floresnoar\/wp-json\/wp\/v2\/media?parent=24963"}],"wp:term":[{"taxonomy":"category","embeddable":true,"href":"https:\/\/portalfloresnoar.com\/floresnoar\/wp-json\/wp\/v2\/categories?post=24963"},{"taxonomy":"post_tag","embeddable":true,"href":"https:\/\/portalfloresnoar.com\/floresnoar\/wp-json\/wp\/v2\/tags?post=24963"}],"curies":[{"name":"wp","href":"https:\/\/api.w.org\/{rel}","templated":true}]}}