

{"id":24832,"date":"2016-03-19T09:51:22","date_gmt":"2016-03-19T12:51:22","guid":{"rendered":"http:\/\/portalfloresnoar.com\/floresnoar\/?p=24832"},"modified":"2016-06-05T14:44:03","modified_gmt":"2016-06-05T17:44:03","slug":"oficinas-de-consciencia-corporal-para-gestantes-a-partir-de-46-no-luminaris","status":"publish","type":"post","link":"https:\/\/portalfloresnoar.com\/floresnoar\/oficinas-de-consciencia-corporal-para-gestantes-a-partir-de-46-no-luminaris\/","title":{"rendered":"OFICINAS DE CONSCI\u00caNCIA CORPORAL PARA GESTANTES A PARTIR DE 4\/6 NO LUMINARIS"},"content":{"rendered":"<p style=\"text-align: center;\"><img decoding=\"async\" loading=\"lazy\" class=\"aligncenter  wp-image-24835\" alt=\"consci\u00eancia corporal gestantes\" src=\"http:\/\/portalfloresnoar.com\/floresnoar\/wp-content\/uploads\/2016\/05\/consci\u00eancia-corporal-gestantes.jpg\" width=\"656\" height=\"926\" srcset=\"https:\/\/portalfloresnoar.com\/floresnoar\/wp-content\/uploads\/2016\/05\/consci\u00eancia-corporal-gestantes.jpg 820w, https:\/\/portalfloresnoar.com\/floresnoar\/wp-content\/uploads\/2016\/05\/consci\u00eancia-corporal-gestantes-212x300.jpg 212w, https:\/\/portalfloresnoar.com\/floresnoar\/wp-content\/uploads\/2016\/05\/consci\u00eancia-corporal-gestantes-725x1024.jpg 725w\" sizes=\"(max-width: 656px) 100vw, 656px\" \/><\/p>\n<p>A terapeuta e dan\u00e7arina Adriana Ayub realiza no Luminaris, a partir do dia 4 de junho, viv\u00eancias de consci\u00eancia corporal para gestantes.\u00a0Ser\u00e3o quatro mini oficinas tem\u00e1ticas, nos dias 4\/6, 6\/8, 1\/10 e 3\/12, sempre das 9h \u00e0s 13h. \u00a0O investimento para participar \u00e9 de R$ 80,00 por oficina, ou R$ 200,00\u00a0o pacote com os quatro encontros.<\/p>\n<p>As aulas s\u00e3o destinadas para gestantes de qualquer idade gestacional que desejam entrar em contato com o pr\u00f3prio corpo, se conectando mais consigo mesma e tamb\u00e9m com o seu beb\u00ea.<\/p>\n<p>Na primeira oficina, no dia 4 de junho, ser\u00e1 trabalhada a rela\u00e7\u00e3o de peso e apoios e como isso influencia na din\u00e2mica corporal da gestante e no momento do parto.<\/p>\n<p>&#8220;O corpo \u00e9 nosso instrumento de ser e estar neste mundo f\u00edsico e tendemos a deix\u00e1-lo em segundo plano &#8211; \u00e0s vezes em d\u00e9cimo &#8211; numa sociedade que supervaloriza os processos mentais em detrimento dos corporais. Sabemos, entretanto, que guardamos mem\u00f3rias e que o corpo tem seu saber pr\u00f3prio. No momento da gesta\u00e7\u00e3o e parto, \u00e9 importante mergulharmos nestas sensa\u00e7\u00f5es e saberes para que nos entreguemos a este momento de forma mais tranquila e consciente&#8221;, declara Drica.<\/p>\n<p><em>Veja outros benef\u00edcios das oficinas de consci\u00eancia corporal:\u00a0<\/em><br \/>\n&#8211; Diminui\u00e7\u00e3o das dores caracter\u00edsticas da gesta\u00e7\u00e3o;<br \/>\n&#8211; Maior flexibilidade e fortalecimento de m\u00fasculos;<br \/>\n&#8211; Maior escuta corporal, bem importante no momento do parto;<br \/>\n&#8211; Aux\u00edlio nos processos emocionais;<br \/>\n&#8211; Maior adaptabilidade a mudan\u00e7a de peso e centro gravitacional;<br \/>\n&#8211; Relaxamento;<br \/>\n&#8211; Maior conex\u00e3o e consci\u00eancia corporal;<br \/>\n&#8211; Estabelecimento e fortalecimento de v\u00ednculo m\u00e3e-beb\u00ea.<\/p>\n<p>LOCAL: <strong>Luminaris N\u00facleo de Desenvolvimento Humano<\/strong> &#8211; Rua Jac\u00f3 Velosino,\u00a0\u00a0101, Casa Forte, Recife\/PE.<\/p>\n<p>MAIS INFORMA\u00c7\u00d5ES<br \/>\n(81) 99811.7770 (tim- zap)<br \/>\n(81) 98262.7770 (vivo)<\/p>\n","protected":false},"excerpt":{"rendered":"<p>A terapeuta e dan\u00e7arina Adriana Ayub realiza no Luminaris, a partir do dia 4 de junho, viv\u00eancias de consci\u00eancia corporal para gestantes.\u00a0Ser\u00e3o quatro mini oficinas tem\u00e1ticas, nos dias 4\/6, 6\/8, 1\/10 e 3\/12, sempre das 9h \u00e0s 13h. \u00a0O investimento para participar \u00e9 de R$ 80,00 por oficina, ou R$ 200,00\u00a0o pacote com os quatro [&hellip;]<\/p>\n","protected":false},"author":1,"featured_media":24833,"comment_status":"open","ping_status":"open","sticky":false,"template":"","format":"standard","meta":{"om_disable_all_campaigns":false,"_monsterinsights_skip_tracking":false,"_monsterinsights_sitenote_active":false,"_monsterinsights_sitenote_note":"","_monsterinsights_sitenote_category":0,"footnotes":""},"categories":[8,214],"tags":[244,80,39],"acf":[],"publishpress_future_action":{"enabled":false,"date":"1969-12-31 21:00:00","action":"","terms":[],"taxonomy":"","browser_timezone_offset":0},"_links":{"self":[{"href":"https:\/\/portalfloresnoar.com\/floresnoar\/wp-json\/wp\/v2\/posts\/24832"}],"collection":[{"href":"https:\/\/portalfloresnoar.com\/floresnoar\/wp-json\/wp\/v2\/posts"}],"about":[{"href":"https:\/\/portalfloresnoar.com\/floresnoar\/wp-json\/wp\/v2\/types\/post"}],"author":[{"embeddable":true,"href":"https:\/\/portalfloresnoar.com\/floresnoar\/wp-json\/wp\/v2\/users\/1"}],"replies":[{"embeddable":true,"href":"https:\/\/portalfloresnoar.com\/floresnoar\/wp-json\/wp\/v2\/comments?post=24832"}],"version-history":[{"count":0,"href":"https:\/\/portalfloresnoar.com\/floresnoar\/wp-json\/wp\/v2\/posts\/24832\/revisions"}],"wp:featuredmedia":[{"embeddable":true,"href":"https:\/\/portalfloresnoar.com\/floresnoar\/wp-json\/wp\/v2\/media\/24833"}],"wp:attachment":[{"href":"https:\/\/portalfloresnoar.com\/floresnoar\/wp-json\/wp\/v2\/media?parent=24832"}],"wp:term":[{"taxonomy":"category","embeddable":true,"href":"https:\/\/portalfloresnoar.com\/floresnoar\/wp-json\/wp\/v2\/categories?post=24832"},{"taxonomy":"post_tag","embeddable":true,"href":"https:\/\/portalfloresnoar.com\/floresnoar\/wp-json\/wp\/v2\/tags?post=24832"}],"curies":[{"name":"wp","href":"https:\/\/api.w.org\/{rel}","templated":true}]}}