

{"id":248,"date":"2012-06-18T21:17:00","date_gmt":"2012-06-19T00:17:00","guid":{"rendered":"http:\/\/portalfloresnoar.hospedagemdesites.ws\/floresnoar\/?p=248"},"modified":"2012-06-24T11:48:21","modified_gmt":"2012-06-24T14:48:21","slug":"pelo-parto-em-casa","status":"publish","type":"post","link":"https:\/\/portalfloresnoar.com\/floresnoar\/pelo-parto-em-casa\/","title":{"rendered":"Pelo Parto em Casa!"},"content":{"rendered":"<div style=\"clear: both; text-align: left;\"><em><span style=\"color: red;\">Por Kalinne Ribeiro<\/span><\/em><\/div>\n<div style=\"clear: both; text-align: left;\"><em><\/em><span style=\"font-size: x-small;\">kalinneribeiro@gmail.com<\/span><\/div>\n<div style=\"clear: both; text-align: center;\"><img decoding=\"async\" loading=\"lazy\" class=\"alignleft\" style=\"border: 0px;\" src=\"http:\/\/4.bp.blogspot.com\/-k7lJqVV28tI\/T9_E6ASErjI\/AAAAAAAACGs\/RBwG7fL7Oxk\/s320\/kalinne.jpg\" alt=\"\" width=\"214\" height=\"320\" border=\"0\" \/><\/div>\n<p>Ol\u00e1 mulheres!<br \/>\nAgrade\u00e7o a todas as mulheres que compareceram a Marcha pelo Parto em Casa, domingo nublado com lindas cores do p\u00f4r do sol&#8230;.<\/p>\n<p>Foi maravilhoso ver mulheres unidas em prol de algo t\u00e3o simples e t\u00e3o grandioso que \u00a0\u00e9: termos o direito de escolher o local do parto.<\/p>\n<p>Bem, ouvi gente questionando, &#8220;u\u00e9?! mas voc\u00eas puderam escolher ter em casa, n\u00e3o foi? quem est\u00e1 contra isso?&#8221;<\/p>\n<p>Quem est\u00e1 contra isso \u00e9 toda a sociedade tecnocrata e mecanicista com a qual convivemos&#8230;<\/p>\n<p>Quando decidi ter filho,eu, no mesmo momento pensei em buscar uma parteira, porque eu tinha seguran\u00e7a que queria experienciar isso de forma mais natural, no meu lar, com a fam\u00edlia, vivenciando cada instante de dor e prazer, sendo real protagonista ativa no meu momento, t\u00e3o aben\u00e7oado e que nos faz sentir t\u00e3o poderosas diante dos homens&#8230;.<\/p>\n<p>Mas \u00e9 claro que , apesar de ter uma fam\u00edlia menos convencional , eu ainda escutei os medos alheios e inseguran\u00e7as dos meus familiares e conhecidos que achavam uma coisa inconsequente e at\u00e9 mesmo uma loucura&#8230;<\/p>\n<p><!--more--><\/p>\n<p>Tive que esconder da m\u00e9dica, que fez o pr\u00e9-natal, toda a situa\u00e7\u00e3o que estava gerando a minha escolha pelo parto domiciliar&#8230;Muitas vezes quando voc\u00ea diz essa op\u00e7\u00e3o, a m\u00e9dica n\u00e3o quer mais te acompanhar&#8230; Isso est\u00e1 acontecendo at\u00e9 mesmo com as m\u00e9dicas recomendadas pelo movimento de parto humanizado no Recife&#8230; fiquei sabendo recentemente que mesmo essas m\u00e9dicas mais humanizadas, n\u00e3o est\u00e3o querendo acompanhar mulherres que escolhem ter o parto domiciliar&#8230; da\u00ed o porque da campanha e marcha, tamb\u00e9m&#8230;<\/p>\n<p>\u00c9 preciso olhar com outros olhos&#8230; N\u00e3o podemos mais entender que o parto \u00e9 um evento que necessita de um hospital e ponto&#8230; Isso n\u00e3o \u00e9 verdade!! O parto pode ser hospitalar ou n\u00e3o, mas para tomar essa decis\u00e3o a mulher (geralmente fora aquelas com \u00a0v\u00ednculo TOTAL com o seu corpo-terra) \u00a0\u00e9 preciso de um pr\u00e9-natal convencional.<\/p>\n<p>At\u00e9 mesmo as parteiras tradicionais (principalmente as p\u00f3s-modernas) para atenderem o primeiro parto da mulher, elas pedem tamb\u00e9m alguns exames do pr\u00e9-natal, portanto \u00e9 necess\u00e1rio um acompanhamento de algum profissional da \u00e1rea m\u00e9dica, e a\u00ed que est\u00e1 o x da quest\u00e3o. Esses profissionais,vimos ent\u00e3o na reportagem do programa da tv, est\u00e3o gerando cada vez mais um cerceamento dessa escolha pelo parto em casa&#8230;<\/p>\n<p>Por isso continuamos a caminhada, ainda \u00e1rdua, mas com perspectivas positivas, acreditando mais do que tudo no empoderamento da mulher, reconectando com o seu corpo( terra), acolhendo as suas emo\u00e7\u00f5es (\u00e1gua), aquietando a sua mente (ar) e confiando na exist\u00eancia ( fogo-esp\u00edrito). Assim poderemos estar convictas e seguras, e assim mudarmos a vis\u00e3o e o nosso pa\u00eds, (onde o \u00edndice de ces\u00e1reas \u00e9 um dos maiores do mundo) acreditando que o melhor lugar para parir de forma natural \u00a0( hospital n\u00e3o \u00e9 um ambiente natural) \u00a0\u00e9 em CASA-ECO.<\/p>\n<p>Viva a ECOlogia HUMANA!!!<\/p>\n","protected":false},"excerpt":{"rendered":"<p>Por Kalinne Ribeiro kalinneribeiro@gmail.com Ol\u00e1 mulheres! Agrade\u00e7o a todas as mulheres que compareceram a Marcha pelo Parto em Casa, domingo nublado com lindas cores do p\u00f4r do sol&#8230;. Foi maravilhoso ver mulheres unidas em prol de algo t\u00e3o simples e t\u00e3o grandioso que \u00a0\u00e9: termos o direito de escolher o local do parto. Bem, ouvi [&hellip;]<\/p>\n","protected":false},"author":1,"featured_media":295,"comment_status":"open","ping_status":"open","sticky":false,"template":"","format":"standard","meta":{"om_disable_all_campaigns":false,"_monsterinsights_skip_tracking":false,"_monsterinsights_sitenote_active":false,"_monsterinsights_sitenote_note":"","_monsterinsights_sitenote_category":0,"footnotes":""},"categories":[10],"tags":[22,39],"acf":[],"publishpress_future_action":{"enabled":false,"date":"1969-12-31 21:00:00","action":"","terms":[],"taxonomy":"","browser_timezone_offset":0},"_links":{"self":[{"href":"https:\/\/portalfloresnoar.com\/floresnoar\/wp-json\/wp\/v2\/posts\/248"}],"collection":[{"href":"https:\/\/portalfloresnoar.com\/floresnoar\/wp-json\/wp\/v2\/posts"}],"about":[{"href":"https:\/\/portalfloresnoar.com\/floresnoar\/wp-json\/wp\/v2\/types\/post"}],"author":[{"embeddable":true,"href":"https:\/\/portalfloresnoar.com\/floresnoar\/wp-json\/wp\/v2\/users\/1"}],"replies":[{"embeddable":true,"href":"https:\/\/portalfloresnoar.com\/floresnoar\/wp-json\/wp\/v2\/comments?post=248"}],"version-history":[{"count":0,"href":"https:\/\/portalfloresnoar.com\/floresnoar\/wp-json\/wp\/v2\/posts\/248\/revisions"}],"wp:featuredmedia":[{"embeddable":true,"href":"https:\/\/portalfloresnoar.com\/floresnoar\/wp-json\/wp\/v2\/media\/295"}],"wp:attachment":[{"href":"https:\/\/portalfloresnoar.com\/floresnoar\/wp-json\/wp\/v2\/media?parent=248"}],"wp:term":[{"taxonomy":"category","embeddable":true,"href":"https:\/\/portalfloresnoar.com\/floresnoar\/wp-json\/wp\/v2\/categories?post=248"},{"taxonomy":"post_tag","embeddable":true,"href":"https:\/\/portalfloresnoar.com\/floresnoar\/wp-json\/wp\/v2\/tags?post=248"}],"curies":[{"name":"wp","href":"https:\/\/api.w.org\/{rel}","templated":true}]}}