

{"id":24769,"date":"2016-05-12T22:57:03","date_gmt":"2016-05-13T01:57:03","guid":{"rendered":"http:\/\/portalfloresnoar.com\/floresnoar\/?p=24769"},"modified":"2022-02-22T13:37:14","modified_gmt":"2022-02-22T16:37:14","slug":"as-mascaras-cairam-a-sombra-esta-revelada","status":"publish","type":"post","link":"https:\/\/portalfloresnoar.com\/floresnoar\/as-mascaras-cairam-a-sombra-esta-revelada\/","title":{"rendered":"[CANTO DE LU] As &#8216;m\u00e1scaras&#8217; ca\u00edram. A sombra est\u00e1 revelada."},"content":{"rendered":"<pre>Por Lu Rabelo*<\/pre>\n<p>Talvez agora eu compreenda ainda melhor o porqu\u00ea da tamanha felicidade que me tomou quando Dilma Rousseff foi reeleita presidente do Brasil. Naquela noite, n\u00e3o consegui ficar em casa durante a contagem dos votos. N\u00e3o sou filiada a nenhum partido pol\u00edtico, mas fui com minha filha l\u00e1 pro comit\u00ea do PT, no Recife, assistir a apura\u00e7\u00e3o. Inquieta, nervosa, calada, aguardava o desfecho.<\/p>\n<p>Quando, enfim, foi divulgado o resultado, senti algo que nunca antes havia sentido nesta vida. Uma alegria incomensur\u00e1vel. Meu ser transbordava amor. Virei sorriso!<\/p>\n<p>Passei na casa de uma amiga e me apossei de uma toalha de mesa vermelha. Coloquei sobre os meus ombros e sa\u00ed bailando pelas ruas do centro do Recife, rumo ao Marco Zero.<\/p>\n<p>Passei por uma igreja evang\u00e9lica, de onde sa\u00eda uma m\u00fasica que me soou muy dan\u00e7ante (hehe). Parei na porta daquela igreja e fiquei dan\u00e7ando, dan\u00e7ando. At\u00e9 os &#8216;irm\u00e3os&#8217;, mesmo perplexos diante do meu bailado, foram contagiados pela minha alegria e sorriam.<\/p>\n<p>Foi quando, na caminhada, me dei conta que estava em frente ao Pal\u00e1cio do Campo das Princesas. O mesmo de onde Arraes havia sido arrancado em 1964. Com o pano vermelho nas m\u00e3os, no peito, deu-se o Ritual. Dancei pela Democracia, em mem\u00f3ria de todos os guerreiros brasileiros.<\/p>\n<p>Nas pontes, na comemora\u00e7\u00e3o, troca de sorrisos, al\u00edvio, Amor, Uni\u00e3o!<\/p>\n<p>Nos dias seguintes, quando ouvia algu\u00e9m falando em &#8216;impeachment&#8217;, nem ligava. Era algo t\u00e3o insano, que n\u00e3o dava ouvidos. Inocente, eu! N\u00e3o acreditava que meu voto poderia ser cruelmente roubado.<\/p>\n<p>\u00c9 fato que votei em Dilma por falta de op\u00e7\u00e3o melhor. Ela era a \u00fanica op\u00e7\u00e3o. Pena que havia se coligado ao PMDB. Pena ter se aliado a tanta gente do mal. Pena n\u00e3o ter realizado tantas mudan\u00e7as necess\u00e1rias.<\/p>\n<p>N\u00e3o duvido nada que essa negocia\u00e7\u00e3o de botar Temer como vice j\u00e1 era parte do plano B da direita.<\/p>\n<p>E n\u00e3o bastasse a podrid\u00e3o no Congresso Nacional e a eterna pilantragem da m\u00eddia, ainda temos que aguentar o Judici\u00e1rio travestido de her\u00f3i empurrando o Brasil para o golpe e sendo aplaudido pelos telespectadores da Globo e cia (tanto os ignorantes, como os fascistas). Bando de irrespons\u00e1veis!<\/p>\n<p>Nos \u00faltimos meses tenho sonhado e refletido muito sobre a sociedade, a vida. E vejo o quanto de mudan\u00e7a \u00e9 preciso realizar dentro de minha casa, em cada canto, em cada ato.<\/p>\n<p>As m\u00e1scaras ca\u00edram. A sombra est\u00e1 revelada. Qual o Pa\u00eds que a gente quer? Qual o Pa\u00eds que cada um de n\u00f3s quer? Um Brasil justo e sem desigualdade social? Quais os nossos reais valores?<\/p>\n<p>\u00c9 preciso se posicionar. E ser coerente em todos os passos.<\/p>\n<p>M\u00e3e Terra, estamos juntas!<\/p>\n<p><em>* Lu Rabelo\u00a0\u00e9\u00a0<a href=\"https:\/\/www.facebook.com\/cantadeiralu\" target=\"_blank\" rel=\"noopener\">cantadeira<\/a>,\u00a0<a href=\"https:\/\/www.instagram.com\/jardimarteterapeutico\/\" target=\"_blank\" rel=\"noopener\">arteterapeuta<\/a>, jornalista e editora do\u00a0<a href=\"http:\/\/portalfloresnoar.com\/\" target=\"_blank\" rel=\"noopener\">Portal Flores no Ar.<\/a><\/em><\/p>\n","protected":false},"excerpt":{"rendered":"<p>Por Lu Rabelo* Talvez agora eu compreenda ainda melhor o porqu\u00ea da tamanha felicidade que me tomou quando Dilma Rousseff foi reeleita presidente do Brasil. Naquela noite, n\u00e3o consegui ficar em casa durante a contagem dos votos. N\u00e3o sou filiada a nenhum partido pol\u00edtico, mas fui com minha filha l\u00e1 pro comit\u00ea do PT, no [&hellip;]<\/p>\n","protected":false},"author":1,"featured_media":37013,"comment_status":"open","ping_status":"open","sticky":false,"template":"","format":"standard","meta":{"om_disable_all_campaigns":false,"_monsterinsights_skip_tracking":false,"_monsterinsights_sitenote_active":false,"_monsterinsights_sitenote_note":"","_monsterinsights_sitenote_category":0,"footnotes":""},"categories":[227,220],"tags":[499,361,24,154],"acf":[],"publishpress_future_action":{"enabled":false,"date":"1969-12-31 21:00:00","action":"","terms":[],"taxonomy":"","browser_timezone_offset":0},"_links":{"self":[{"href":"https:\/\/portalfloresnoar.com\/floresnoar\/wp-json\/wp\/v2\/posts\/24769"}],"collection":[{"href":"https:\/\/portalfloresnoar.com\/floresnoar\/wp-json\/wp\/v2\/posts"}],"about":[{"href":"https:\/\/portalfloresnoar.com\/floresnoar\/wp-json\/wp\/v2\/types\/post"}],"author":[{"embeddable":true,"href":"https:\/\/portalfloresnoar.com\/floresnoar\/wp-json\/wp\/v2\/users\/1"}],"replies":[{"embeddable":true,"href":"https:\/\/portalfloresnoar.com\/floresnoar\/wp-json\/wp\/v2\/comments?post=24769"}],"version-history":[{"count":0,"href":"https:\/\/portalfloresnoar.com\/floresnoar\/wp-json\/wp\/v2\/posts\/24769\/revisions"}],"wp:featuredmedia":[{"embeddable":true,"href":"https:\/\/portalfloresnoar.com\/floresnoar\/wp-json\/wp\/v2\/media\/37013"}],"wp:attachment":[{"href":"https:\/\/portalfloresnoar.com\/floresnoar\/wp-json\/wp\/v2\/media?parent=24769"}],"wp:term":[{"taxonomy":"category","embeddable":true,"href":"https:\/\/portalfloresnoar.com\/floresnoar\/wp-json\/wp\/v2\/categories?post=24769"},{"taxonomy":"post_tag","embeddable":true,"href":"https:\/\/portalfloresnoar.com\/floresnoar\/wp-json\/wp\/v2\/tags?post=24769"}],"curies":[{"name":"wp","href":"https:\/\/api.w.org\/{rel}","templated":true}]}}