

{"id":24726,"date":"2016-05-10T10:23:47","date_gmt":"2016-05-10T13:23:47","guid":{"rendered":"http:\/\/portalfloresnoar.com\/floresnoar\/?p=24726"},"modified":"2016-05-18T10:57:49","modified_gmt":"2016-05-18T13:57:49","slug":"encontro-mamaes-e-bebes-com-a-terapeuta-ayurveda-giovanna-campos","status":"publish","type":"post","link":"https:\/\/portalfloresnoar.com\/floresnoar\/encontro-mamaes-e-bebes-com-a-terapeuta-ayurveda-giovanna-campos\/","title":{"rendered":"&#8216;ENCONTRO MAM\u00c3ES E BEB\u00caS&#8217; COM A TERAPEUTA AYURVEDA GIOVANNA CAMPOS"},"content":{"rendered":"<p style=\"text-align: center;\"><img decoding=\"async\" loading=\"lazy\" class=\"aligncenter  wp-image-24727\" alt=\"mamaes e bebes\" src=\"http:\/\/portalfloresnoar.com\/floresnoar\/wp-content\/uploads\/2016\/05\/mamaes-e-bebes.jpg\" width=\"729\" height=\"425\" srcset=\"https:\/\/portalfloresnoar.com\/floresnoar\/wp-content\/uploads\/2016\/05\/mamaes-e-bebes.jpg 900w, https:\/\/portalfloresnoar.com\/floresnoar\/wp-content\/uploads\/2016\/05\/mamaes-e-bebes-300x174.jpg 300w\" sizes=\"(max-width: 729px) 100vw, 729px\" \/><\/p>\n<p>O Lumen Novum promove no dia 20 de maio, \u00e0s 9h, o &#8216;Encontro Mam\u00e3es e Beb\u00eas&#8217;, com Giovanna Campos, m\u00e3e e terapeuta Ayurveda. Este segundo encontro abordar\u00e1 a &#8216;Alimenta\u00e7\u00e3o do Beb\u00ea&#8217;.<\/p>\n<p>&#8220;Criei esses encontros com a inten\u00e7\u00e3o de dividir com outras m\u00e3es, minhas\u00a0experi\u00eancias, baseadas no Ayurveda (sistema de cura milenar que teve origem\u00a0na \u00cdndia) e na maternagem. Os dois vieram, praticamente, no mesmo tempo na\u00a0minha vida. Engravidei da minha primeira filha quando ainda fazia o curso\u00a0de forma\u00e7\u00e3o de Terapeuta Ayurveda. Nasceram juntas: filha, m\u00e3e e terapeuta.\u00a0\u00a0Hoje, continuo aplicando meu aprendizado no meu segundo filho de apenas\u00a0cinco meses&#8221;, conta Giovanna.<\/p>\n<p>No segundo encontro, no dia 20 de maio, vamos conversar sobre a introdu\u00e7\u00e3o de\u00a0alimentos na dieta do beb\u00ea, sabores e texturas, amamenta\u00e7\u00e3o e dieta mam\u00e3e e\u00a0beb\u00ea. Vamos compartilhar dicas e receitinhas vegetarianas, visando formar\u00a0uma base alimentar forte, criando uma boa imunidade na crian\u00e7a.<\/p>\n<p><strong>&#8216;ENCONTRO MAM\u00c3ES E BEB\u00caS&#8217;<\/strong><br \/>\n<strong>Data:<\/strong> 20 de maio de 2016<br \/>\n<strong>Hora:<\/strong> 9h<br \/>\n<strong>P\u00fablico-alvo:<\/strong> M\u00e3es e seus beb\u00eas e tamb\u00e9m gestantes.<br \/>\n<strong>Local:<\/strong> Lumen Novum, Rua Comendador Bernadino Costa 117,\u00a0Casa Forte, Recife\/PE. Fone:\u00a03266 3044<br \/>\n<strong>Investimento:<\/strong> Cada oficina custa $80 e as duas $130<\/p>\n<p><strong>Mais informa\u00e7\u00f5es:<\/strong> 98676 6858 (whatsapp) e 98432 3044<\/p>\n","protected":false},"excerpt":{"rendered":"<p>O Lumen Novum promove no dia 20 de maio, \u00e0s 9h, o &#8216;Encontro Mam\u00e3es e Beb\u00eas&#8217;, com Giovanna Campos, m\u00e3e e terapeuta Ayurveda. Este segundo encontro abordar\u00e1 a &#8216;Alimenta\u00e7\u00e3o do Beb\u00ea&#8217;. &#8220;Criei esses encontros com a inten\u00e7\u00e3o de dividir com outras m\u00e3es, minhas\u00a0experi\u00eancias, baseadas no Ayurveda (sistema de cura milenar que teve origem\u00a0na \u00cdndia) e [&hellip;]<\/p>\n","protected":false},"author":1,"featured_media":24728,"comment_status":"open","ping_status":"open","sticky":false,"template":"","format":"standard","meta":{"om_disable_all_campaigns":false,"_monsterinsights_skip_tracking":false,"_monsterinsights_sitenote_active":false,"_monsterinsights_sitenote_note":"","_monsterinsights_sitenote_category":0,"footnotes":""},"categories":[8,214],"tags":[317,274,304],"acf":[],"publishpress_future_action":{"enabled":false,"date":"1969-12-31 21:00:00","action":"","terms":[],"taxonomy":"","browser_timezone_offset":0},"_links":{"self":[{"href":"https:\/\/portalfloresnoar.com\/floresnoar\/wp-json\/wp\/v2\/posts\/24726"}],"collection":[{"href":"https:\/\/portalfloresnoar.com\/floresnoar\/wp-json\/wp\/v2\/posts"}],"about":[{"href":"https:\/\/portalfloresnoar.com\/floresnoar\/wp-json\/wp\/v2\/types\/post"}],"author":[{"embeddable":true,"href":"https:\/\/portalfloresnoar.com\/floresnoar\/wp-json\/wp\/v2\/users\/1"}],"replies":[{"embeddable":true,"href":"https:\/\/portalfloresnoar.com\/floresnoar\/wp-json\/wp\/v2\/comments?post=24726"}],"version-history":[{"count":0,"href":"https:\/\/portalfloresnoar.com\/floresnoar\/wp-json\/wp\/v2\/posts\/24726\/revisions"}],"wp:featuredmedia":[{"embeddable":true,"href":"https:\/\/portalfloresnoar.com\/floresnoar\/wp-json\/wp\/v2\/media\/24728"}],"wp:attachment":[{"href":"https:\/\/portalfloresnoar.com\/floresnoar\/wp-json\/wp\/v2\/media?parent=24726"}],"wp:term":[{"taxonomy":"category","embeddable":true,"href":"https:\/\/portalfloresnoar.com\/floresnoar\/wp-json\/wp\/v2\/categories?post=24726"},{"taxonomy":"post_tag","embeddable":true,"href":"https:\/\/portalfloresnoar.com\/floresnoar\/wp-json\/wp\/v2\/tags?post=24726"}],"curies":[{"name":"wp","href":"https:\/\/api.w.org\/{rel}","templated":true}]}}