

{"id":24665,"date":"2016-03-06T12:32:21","date_gmt":"2016-03-06T15:32:21","guid":{"rendered":"http:\/\/portalfloresnoar.com\/floresnoar\/?p=24665"},"modified":"2016-05-18T11:02:47","modified_gmt":"2016-05-18T14:02:47","slug":"mini-curso-cultivo-ecologico-de-hortas-e-jardins-em-pequenos-espacos-dia-155","status":"publish","type":"post","link":"https:\/\/portalfloresnoar.com\/floresnoar\/mini-curso-cultivo-ecologico-de-hortas-e-jardins-em-pequenos-espacos-dia-155\/","title":{"rendered":"MINI-CURSO &#8216;CULTIVO ECOL\u00d3GICO DE HORTAS E JARDINS EM PEQUENOS ESPA\u00c7OS&#8217; DIA 15\/5"},"content":{"rendered":"<p><img decoding=\"async\" loading=\"lazy\" class=\"aligncenter size-full wp-image-24678\" alt=\"curso hortas recife\" src=\"http:\/\/portalfloresnoar.com\/floresnoar\/wp-content\/uploads\/2016\/05\/curso-hortas-recife.jpg\" width=\"630\" height=\"1025\" srcset=\"https:\/\/portalfloresnoar.com\/floresnoar\/wp-content\/uploads\/2016\/05\/curso-hortas-recife.jpg 630w, https:\/\/portalfloresnoar.com\/floresnoar\/wp-content\/uploads\/2016\/05\/curso-hortas-recife-184x300.jpg 184w, https:\/\/portalfloresnoar.com\/floresnoar\/wp-content\/uploads\/2016\/05\/curso-hortas-recife-629x1024.jpg 629w\" sizes=\"(max-width: 630px) 100vw, 630px\" \/><\/p>\n<p>A engenheira Agr\u00f4noma e especialista em Agroecologia Simone Miranda promove no dia 15 de maio (domingo), das 9h \u00e0s 13h, no Integre \u2013 Centro de Evolu\u00e7\u00e3o, no bairro dos Aflitos, uma nova turma do mini-curso \u2018Cultivo Ecol\u00f3gico de Hortas e Jardins em Pequenos Espa\u00e7os\u2019.<\/p>\n<p>O curso tem uma parte te\u00f3rica e outra pr\u00e1tica, onde o principal objetivo \u00e9 orientar sobre como fazer uma horta com manejo org\u00e2nico. S\u00e3o abordados os seguintes temas:<br \/>\n&#8211; No\u00e7\u00f5es b\u00e1sicas em jardinagem e cultivo ecol\u00f3gico de hortali\u00e7as, frut\u00edferas, arom\u00e1ticas e medicinais;<br \/>\n&#8211; Aduba\u00e7\u00e3o org\u00e2nica e nutri\u00e7\u00e3o de plantas;<br \/>\n&#8211; Manejo ecol\u00f3gico de pragas e doen\u00e7as de plantas;<br \/>\n&#8211; Efeitos do uso prolongado de agrot\u00f3xicos no meio ambiente e na sa\u00fade humana.<\/p>\n<p>Simone Miranda \u00e9 engenheira Agr\u00f4noma (UFRRJ); \u00a0tem especializa\u00e7\u00f5es em Agroecologia (Embrapa Agrobiologia\/ UFRRJ); e em<br \/>\n&#8216;Conviv\u00eancia com Semi-\u00e1rido na perspectiva da Seguran\u00e7a e Soberania Alimentar e da Agroecologia&#8217; (UFRPE).<\/p>\n<p><strong>MINI-CURSO &#8216;CULTIVO ECOL\u00d3GICO DE HORTAS E JARDINS EM PEQUENOS ESPA\u00c7OS&#8217;<\/strong><br \/>\n<strong>Dia<\/strong> 15\/05\/2016 (domingo &#8211; ap\u00f3s dia das m\u00e3es).<br \/>\n<strong>Hor\u00e1rio:<\/strong> de 9h \u00e0s 13h, com um pequeno intervalo para saborear suco de capim santo com lim\u00e3o.<br \/>\n<strong>Local:<\/strong> Integre &#8211; Centro de Evolu\u00e7\u00e3o: Rua Manoel de Carvalho, n\u00ba 93 &#8211; Aflitos (por tr\u00e1s do Clube N\u00e1utico).<br \/>\n<strong>Valor:<\/strong> R$ 100 (inclui o material: apostila, mudas, sementes, vasos e terra preparada com adubos org\u00e2nicos na parte pr\u00e1tica).<\/p>\n<p><strong>Informa\u00e7\u00f5es e inscri\u00e7\u00e3o:<\/strong><br \/>\n<strong>Fones:<\/strong> 99769-5236 (tim &#8211; what&#8217;s)\/ 98506-6949 (oi)<br \/>\n<strong>E-mail:<\/strong> meliponini@oi.com.br<\/p>\n<p>&nbsp;<\/p>\n","protected":false},"excerpt":{"rendered":"<p>A engenheira Agr\u00f4noma e especialista em Agroecologia Simone Miranda promove no dia 15 de maio (domingo), das 9h \u00e0s 13h, no Integre \u2013 Centro de Evolu\u00e7\u00e3o, no bairro dos Aflitos, uma nova turma do mini-curso \u2018Cultivo Ecol\u00f3gico de Hortas e Jardins em Pequenos Espa\u00e7os\u2019. O curso tem uma parte te\u00f3rica e outra pr\u00e1tica, onde o [&hellip;]<\/p>\n","protected":false},"author":1,"featured_media":24679,"comment_status":"open","ping_status":"open","sticky":false,"template":"","format":"standard","meta":{"om_disable_all_campaigns":false,"_monsterinsights_skip_tracking":false,"_monsterinsights_sitenote_active":false,"_monsterinsights_sitenote_note":"","_monsterinsights_sitenote_category":0,"footnotes":""},"categories":[8,214],"tags":[167,26,126],"acf":[],"publishpress_future_action":{"enabled":false,"date":"1969-12-31 21:00:00","action":"","terms":[],"taxonomy":"","browser_timezone_offset":0},"_links":{"self":[{"href":"https:\/\/portalfloresnoar.com\/floresnoar\/wp-json\/wp\/v2\/posts\/24665"}],"collection":[{"href":"https:\/\/portalfloresnoar.com\/floresnoar\/wp-json\/wp\/v2\/posts"}],"about":[{"href":"https:\/\/portalfloresnoar.com\/floresnoar\/wp-json\/wp\/v2\/types\/post"}],"author":[{"embeddable":true,"href":"https:\/\/portalfloresnoar.com\/floresnoar\/wp-json\/wp\/v2\/users\/1"}],"replies":[{"embeddable":true,"href":"https:\/\/portalfloresnoar.com\/floresnoar\/wp-json\/wp\/v2\/comments?post=24665"}],"version-history":[{"count":0,"href":"https:\/\/portalfloresnoar.com\/floresnoar\/wp-json\/wp\/v2\/posts\/24665\/revisions"}],"wp:featuredmedia":[{"embeddable":true,"href":"https:\/\/portalfloresnoar.com\/floresnoar\/wp-json\/wp\/v2\/media\/24679"}],"wp:attachment":[{"href":"https:\/\/portalfloresnoar.com\/floresnoar\/wp-json\/wp\/v2\/media?parent=24665"}],"wp:term":[{"taxonomy":"category","embeddable":true,"href":"https:\/\/portalfloresnoar.com\/floresnoar\/wp-json\/wp\/v2\/categories?post=24665"},{"taxonomy":"post_tag","embeddable":true,"href":"https:\/\/portalfloresnoar.com\/floresnoar\/wp-json\/wp\/v2\/tags?post=24665"}],"curies":[{"name":"wp","href":"https:\/\/api.w.org\/{rel}","templated":true}]}}