

{"id":24648,"date":"2016-03-19T05:14:57","date_gmt":"2016-03-19T08:14:57","guid":{"rendered":"http:\/\/portalfloresnoar.com\/floresnoar\/?p=24648"},"modified":"2016-05-22T10:37:34","modified_gmt":"2016-05-22T13:37:34","slug":"professor-tomio-kikuchi-realizara-seminario-em-pernambuco-neste-mes-de-maio","status":"publish","type":"post","link":"https:\/\/portalfloresnoar.com\/floresnoar\/professor-tomio-kikuchi-realizara-seminario-em-pernambuco-neste-mes-de-maio\/","title":{"rendered":"PROFESSOR TOMIO KIKUCHI REALIZAR\u00c1 SEMIN\u00c1RIO EM PERNAMBUCO NESTE M\u00caS DE MAIO"},"content":{"rendered":"<p style=\"text-align: center;\"><img decoding=\"async\" loading=\"lazy\" class=\"aligncenter  wp-image-24638\" alt=\"XVII Semin\u00e1rio de Autoeduca\u00e7\u00e3o de Pernambuco\" src=\"http:\/\/portalfloresnoar.com\/floresnoar\/wp-content\/uploads\/2016\/05\/XVII-Semin\u00e1rio-de-Autoeduca\u00e7\u00e3o-de-Pernambuco.jpg\" width=\"675\" height=\"955\" srcset=\"https:\/\/portalfloresnoar.com\/floresnoar\/wp-content\/uploads\/2016\/05\/XVII-Semin\u00e1rio-de-Autoeduca\u00e7\u00e3o-de-Pernambuco.jpg 750w, https:\/\/portalfloresnoar.com\/floresnoar\/wp-content\/uploads\/2016\/05\/XVII-Semin\u00e1rio-de-Autoeduca\u00e7\u00e3o-de-Pernambuco-212x300.jpg 212w, https:\/\/portalfloresnoar.com\/floresnoar\/wp-content\/uploads\/2016\/05\/XVII-Semin\u00e1rio-de-Autoeduca\u00e7\u00e3o-de-Pernambuco-723x1024.jpg 723w\" sizes=\"(max-width: 675px) 100vw, 675px\" \/><\/p>\n<p>Com o tema &#8220;Ningu\u00e9m pode enganar a sim mesmo&#8221; o professor Tomio Kikuchi realiza o XVII Semin\u00e1rio de Autoeduca\u00e7\u00e3o Vital\u00edcia de Pernambuco, nos dias 20, 21 e 22 de maio, no Brisas de Aldeia (Km 9,5). A programa\u00e7\u00e3o do semin\u00e1rio conta com palestras, aula de culin\u00e1ria, aikido, capoeira, autocontroleterapia \u00a0e agricultura familiar.<\/p>\n<p><em>Antes de iniciar o Semin\u00e1rio, entretanto, Kikushi far\u00e1 duas <strong>PALESTRAS ABERTAS AO P\u00daBLICO<\/strong>:<\/em><br \/>\nNo dia<strong> 19\/5<\/strong>, \u00e0s 19h, na UNICAP (audit\u00f3rio G2 no bloco G), com o tema <strong>&#8216;Vivendo ou Morrendo pela boca?&#8217;<\/strong><em><\/em><\/p>\n<p>No dia <strong>20\/5<\/strong>, \u00e0s 9h, no Anfiteatro (sala 12) do Centro de Educa\u00e7\u00e3o da UFPE, com o tema <strong>&#8216;A raz\u00e3o da fal\u00eancia geral surge da Educa\u00e7\u00e3o in\u00fatil!&#8217;<\/strong><\/p>\n<p>O professor Tomio Kikuchi nasceu no Jap\u00e3o em fevereiro de 1926, tendo completado 90 anos em 2016. Formado em Biologia e Direito Internacional chegou ao Brasil em 1955 juntamente com sua esposa Dona Bernadete Kikuchi e fundou, na cidade de S\u00e3o Paulo, a sede do Instituto Principio \u00danico.\u00a0<span style=\"line-height: 1.71429; letter-spacing: 0em;\">Em Pernambuco, seguindo essa mesma orienta\u00e7\u00e3o, foi implantado o Centro de Autoeduca\u00e7\u00e3o Vital\u00edcia (CAEV), que com o apoio do professor tem realizado diversos semin\u00e1rios no Recife. <\/span><\/p>\n<p><span style=\"line-height: 1.71429; letter-spacing: 0em;\">&#8220;Este ano o CAEV recebe o Prof. Kikuchi para comemorar mais uma passagem da sua prodigiosa exist\u00eancia. Convidamos a todos para comemorar conosco essa marca hist\u00f3rica&#8221;, declara Hilda dos Santos, uma das organizadoras do semin\u00e1rio.<\/span><\/p>\n<p>Com o tema &#8216;Ningu\u00e9m poder\u00e1 enganar a si mesmo&#8217;, o semin\u00e1rio ir\u00e1 abordar o problema da busca pelo consumismo exacerbado que leva as pessoas a esquecerem de si, privilegiando o sucesso profissional em detrimento da condi\u00e7\u00e3o fisiol\u00f3gica. Com isso a apar\u00eancia, o ter, passa a ser o principal em detrimento do ser. &#8220;<span style=\"line-height: 1.71429; letter-spacing: 0em;\">O professor Kikuchi tem procurado desenvolver estrat\u00e9gias educativas que valorizem a nossa maior autonomia em rela\u00e7\u00e3o a esse sistema corruptor e corrompido&#8221;, declara Hilda.<\/span><\/p>\n<p><strong><img decoding=\"async\" loading=\"lazy\" class=\"size-full wp-image-24639 alignleft\" alt=\"tomio-kikuchi-3\" src=\"http:\/\/portalfloresnoar.com\/floresnoar\/wp-content\/uploads\/2016\/05\/tomio-kikuchi-3.jpg\" width=\"300\" height=\"200\" \/>Tomio Kikuchi<\/strong> &#8211; O professor Tomio Kikuchi \u00e9 um estrategista, educador, mestre e difusor do Principio \u00danico. Nascido no Jap\u00e3o em 1926, lutou no <em>front<\/em> durante a II guerra mundial e foi o \u00fanico de seu grupo que sobreviveu.<\/p>\n<p>Ap\u00f3s o conflito, retornando ao Jap\u00e3o, buscou encontrar algo com real significado. Com esse intento, concluiu sua forma\u00e7\u00e3o acad\u00eamica em Biologia e Direito Internacional e foi disc\u00edpulo direto de George Ohsawa, sistematizador da Macrobi\u00f3tica (baseado no conceito de Principio \u00danico, elemento fulcral da maior parte das filosofias do Extremo Oriente), estudando Escola &#8216;Maison Ignoramus&#8217;, dirigida por mestre Ohsawa. L\u00e1 estudou a aplica\u00e7\u00e3o pr\u00e1tica desses conceitos, acompanhou milhares de doentes, foi Diretor de Edi\u00e7\u00e3o da publica\u00e7\u00e3o da Escola e conheceu sua esposa, Dona Bernadette Kikuchi.<\/p>\n<p>Chegou ao Brasil em 1955, junto com sua esposa e parceira e seu primog\u00eanito, de colo, com a miss\u00e3o de introduzir e divulgar o Principio \u00danico na Am\u00e9rica Latina. Assim, criou o Instituo Principio \u00danico e iniciou sua jornada com palestras, encontros, semin\u00e1rios. Este aspecto te\u00f3rico da sua miss\u00e3o era concomitantemente acompanhado pelo ensinamento pr\u00e1tico do preparo de alimentos vitalizantes a cargo de sua esposa, Dona Bernadete.<\/p>\n<p>O professor continua difundindo o Principio \u00danico atrav\u00e9s da Autoeduca\u00e7\u00e3o Vital\u00edcia, tendo estendido seu trabalho pelo Brasil afora, tendo, como consequ\u00eancia, sido instalados Centros de Autoeduca\u00e7\u00e3o Vital\u00edcia em v\u00e1rias capitais do pa\u00eds. Em todos esses Centros funcionam restaurantes de alimenta\u00e7\u00e3o integral que tamb\u00e9m oferecem cursos de culin\u00e1ria vitalizante, entre outras atividades educativas. O seu trabalho tamb\u00e9m despertou o interesse de comunidades sintonizadas com esses Princ\u00edpios, localizadas em v\u00e1rios pa\u00edses da Am\u00e9rica Latina, com estrutura semelhante.<\/p>\n<p>Tamb\u00e9m est\u00e3o sob sua responsabilidade o Centro Internacional de Auto-Educa\u00e7\u00e3o Vital\u00edcia, o Restaurante Satori e a Academia Mussubi de Ai Ki Do, em S\u00e3o Paulo. Em Mairipior\u00e3, interior do Estado de S\u00e3o Paulo, funciona a Comunidade Escola Musso, onde s\u00e3o realizados encontros mensais de estudos e um Semin\u00e1rio Internacional de Inverno, anualmente, no m\u00eas de Julho.<\/p>\n<p><strong>INFORMA\u00c7\u00d5ES SOBRE O SEMIN\u00c1RIO<\/strong><br \/>\n1. S\u00e3o oferecidos alojamento e alimenta\u00e7\u00e3o no local;<br \/>\n2. Para os participantes que optarem por transporte (que sair\u00e1 do centro do Recife), a solicita\u00e7\u00e3o deve ser feita no momento da inscri\u00e7\u00e3o. A taxa cobrada \u00e9 de R$ 25,00;<br \/>\n3. Cabem aos pais o cuidado e aten\u00e7\u00e3o \u00e0s atividades desenvolvidas pelos filhos;<br \/>\n4. Cada participante deve levar chinelos para circula\u00e7\u00e3o nas \u00e1reas internas, roupas de cama, colchonete e roupas para exerc\u00edcio f\u00edsico;<br \/>\n5. As pessoas interessadas na aula de culin\u00e1ria devem levar avental;<br \/>\n6. Taxa de participa\u00e7\u00e3o: R$ 300,00 (a taxa inclui palestras, pr\u00e1ticas, alimenta\u00e7\u00e3o e alojamento)<\/p>\n<p><strong>Data:<\/strong> 20, 21 e 22 de maio de 2016<\/p>\n<p><strong>Local:<\/strong> Brisas de Aldeia Acampamento e Eventos \u2013 Estrada de Aldeia (km 9,5), Loteamento Sinal Verde. Rua Cruzeira do Sul, 10, Camaragibe-PE. Fone: (81) 3459.2971<\/p>\n<p>INSCRI\u00c7\u00d5ES<br \/>\n<strong>Restaurante Nossa Casa:<\/strong> Av. Oliveira Lima, 784, Boa Vista, Recife.<br \/>\n<strong>Fones:<\/strong> (81) 3129-7369 (81) 99872-0159<\/p>\n<p><strong>Restaurante C\u00e9u e Terra:\u00a0<\/strong> Rua Riachuelo, 641, Boa Vista, Recife<br \/>\n<strong>Fone:<\/strong> (81) 3441-2500<\/p>\n","protected":false},"excerpt":{"rendered":"<p>Com o tema &#8220;Ningu\u00e9m pode enganar a sim mesmo&#8221; o professor Tomio Kikuchi realiza o XVII Semin\u00e1rio de Autoeduca\u00e7\u00e3o Vital\u00edcia de Pernambuco, nos dias 20, 21 e 22 de maio, no Brisas de Aldeia (Km 9,5). A programa\u00e7\u00e3o do semin\u00e1rio conta com palestras, aula de culin\u00e1ria, aikido, capoeira, autocontroleterapia \u00a0e agricultura familiar. Antes de iniciar [&hellip;]<\/p>\n","protected":false},"author":1,"featured_media":24637,"comment_status":"open","ping_status":"open","sticky":false,"template":"","format":"standard","meta":{"om_disable_all_campaigns":false,"_monsterinsights_skip_tracking":false,"_monsterinsights_sitenote_active":false,"_monsterinsights_sitenote_note":"","_monsterinsights_sitenote_category":0,"footnotes":""},"categories":[8,214],"tags":[50,295,322],"acf":[],"publishpress_future_action":{"enabled":false,"date":"1969-12-31 21:00:00","action":"","terms":[],"taxonomy":"","browser_timezone_offset":0},"_links":{"self":[{"href":"https:\/\/portalfloresnoar.com\/floresnoar\/wp-json\/wp\/v2\/posts\/24648"}],"collection":[{"href":"https:\/\/portalfloresnoar.com\/floresnoar\/wp-json\/wp\/v2\/posts"}],"about":[{"href":"https:\/\/portalfloresnoar.com\/floresnoar\/wp-json\/wp\/v2\/types\/post"}],"author":[{"embeddable":true,"href":"https:\/\/portalfloresnoar.com\/floresnoar\/wp-json\/wp\/v2\/users\/1"}],"replies":[{"embeddable":true,"href":"https:\/\/portalfloresnoar.com\/floresnoar\/wp-json\/wp\/v2\/comments?post=24648"}],"version-history":[{"count":0,"href":"https:\/\/portalfloresnoar.com\/floresnoar\/wp-json\/wp\/v2\/posts\/24648\/revisions"}],"wp:featuredmedia":[{"embeddable":true,"href":"https:\/\/portalfloresnoar.com\/floresnoar\/wp-json\/wp\/v2\/media\/24637"}],"wp:attachment":[{"href":"https:\/\/portalfloresnoar.com\/floresnoar\/wp-json\/wp\/v2\/media?parent=24648"}],"wp:term":[{"taxonomy":"category","embeddable":true,"href":"https:\/\/portalfloresnoar.com\/floresnoar\/wp-json\/wp\/v2\/categories?post=24648"},{"taxonomy":"post_tag","embeddable":true,"href":"https:\/\/portalfloresnoar.com\/floresnoar\/wp-json\/wp\/v2\/tags?post=24648"}],"curies":[{"name":"wp","href":"https:\/\/api.w.org\/{rel}","templated":true}]}}