

{"id":24606,"date":"2016-04-03T14:43:25","date_gmt":"2016-04-03T17:43:25","guid":{"rendered":"http:\/\/portalfloresnoar.com\/floresnoar\/?p=24606"},"modified":"2016-07-08T15:14:54","modified_gmt":"2016-07-08T18:14:54","slug":"semana-da-alimentacao-viva-congresso-online-e-gratuito-de-3-a-9-de-maio","status":"publish","type":"post","link":"https:\/\/portalfloresnoar.com\/floresnoar\/semana-da-alimentacao-viva-congresso-online-e-gratuito-de-3-a-9-de-maio\/","title":{"rendered":"Semana da Alimenta\u00e7\u00e3o Viva &#8211; congresso online e gratuito, de 3 a 9 de maio de 2016"},"content":{"rendered":"<p style=\"text-align: center;\"><a href=\"http:\/\/semav.com.br\/?ref=I4265431L\"><img decoding=\"async\" loading=\"lazy\" class=\"aligncenter  wp-image-24607\" alt=\"semav 2016\" src=\"http:\/\/portalfloresnoar.com\/floresnoar\/wp-content\/uploads\/2016\/04\/semav-2016.jpg\" width=\"675\" height=\"353\" srcset=\"https:\/\/portalfloresnoar.com\/floresnoar\/wp-content\/uploads\/2016\/04\/semav-2016.jpg 750w, https:\/\/portalfloresnoar.com\/floresnoar\/wp-content\/uploads\/2016\/04\/semav-2016-300x156.jpg 300w\" sizes=\"(max-width: 675px) 100vw, 675px\" \/><\/a><\/p>\n<p>O Instituto do Alimento Vivo promove de 3 a 9 de maio a<a href=\" http:\/\/hotmart.net.br\/show.html?a=I4265431L&amp;ap=eac1 \" target=\"_blank\"> <span style=\"text-decoration: underline;\"><strong>Semana da Alimenta\u00e7\u00e3o Viva<\/strong><\/span>\u00a0(Semav)<\/a>, um congresso online e gratuito, que tem como objetivo incentivar os participantes a adotar uma alimenta\u00e7\u00e3o e estilo de vida mais saud\u00e1veis.<\/p>\n<p>Atrav\u00e9s da Alimenta\u00e7\u00e3o Viva muito pode ser transformado, desde doen\u00e7as cr\u00f4nicas, depress\u00e3o, oscila\u00e7\u00f5es emocionais at\u00e9 falta de clareza mental, agressividade, estresse, s\u00edndromes do p\u00e2nico, estados de ang\u00fastia etc.<\/p>\n<p>&#8220;Disponibilizaremos segredos e dicas incr\u00edveis que te ajudar\u00e3o a ter mais qualidade de vida, sa\u00fade, energia e vitalidade, alcan\u00e7ar seu peso ideal, ter uma apar\u00eancia jovem, saud\u00e1vel e bonita. Voc\u00ea vai descobrir que tudo isso \u00e9 poss\u00edvel incluindo mais alimentos vivos e crus no seu dia a dia e aprender como fazer isso mesmo que voc\u00ea esteja come\u00e7ando do zero&#8221;, declara F\u00e1tima Alves, a professora, terapeuta naturista e eco-chef, idealizadora do Instituto do Alimento Vivo.<\/p>\n<p>Durante a semana ser\u00e3o exibidas 51 palestras em hor\u00e1rios pr\u00e9-determinados, com\u00a0os\u00a0maiores especialistas na \u00e1rea, do Brasil e do exterior.\u00a0Ao fazer a inscri\u00e7\u00e3o, os interessados ser\u00e3o avisados por e-mail sobre o hor\u00e1rio de cada palestra. \u00a0Entre os palestrantes est\u00e3o: Concei\u00e7\u00e3o Trucom, Oberom, Luiza Savietto, Juliana Malhardes, Tiago Negr\u00e3o, Amarantha Ribas, Anne-Sophie Bertrand, entre tantos outros especialistas em alimenta\u00e7\u00e3o.<\/p>\n<p><strong><em>Veja alguns dos temas que ser\u00e3o abordados:<\/em><\/strong><br \/>\n&#8211; INTOXICA\u00c7\u00c3O NA VIDA CONTEMPOR\u00c2NEA<br \/>\n&#8211; A RELA\u00c7\u00c3O ENTRE ALIMENTOS CRUS E A SA\u00daDE HORMONAL DA MULHER<br \/>\n&#8211; ALIMENTA\u00c7\u00c3O VIVA PARA INICIANTES<br \/>\n&#8211; VIS\u00c3O AYUVERDA SOBRE OS 3 PILARES DA SA\u00daDE<br \/>\n&#8211; ALIMENTA\u00c7\u00c3O VIVA NA CURA DE DOEN\u00c7AS E NA MANUTEN\u00c7\u00c3O DA SA\u00daDE<br \/>\n&#8211; ESCLARE\u00c7A SUAS D\u00daVIDAS SOBRE O C\u00c1LCIO DE UMA VEZ POR TODAS<br \/>\n&#8211; 7 PASSOS PARA UMA CASA VIVA DETOX<br \/>\n&#8211; A SA\u00daDE DO INTESTINO ATRAV\u00c9S DA ALIMENTA\u00c7\u00c3O VIVA<br \/>\n&#8211; HORTA PARA PEQUENOS ESPA\u00c7OS, PLANTIO AFETIVO E A NUTRI\u00c7\u00c3O SUTIL<br \/>\n&#8211; REGENERA\u00c7\u00c3O DA SA\u00daDE ATRAV\u00c9S DA DIETA CURATIVA<br \/>\n&#8211; OS 12 SEGREDOS PARA A REVERS\u00c3O DO C\u00c2NCER PELA DIETA CURATIVA VIVA<br \/>\n&#8211; FUNDAMENTOS SOBRE CUIDADOS CORPORAIS E BELEZA AO NATURAL<\/p>\n<p><em>Confira <a href=\" http:\/\/hotmart.net.br\/show.html?a=I4265431L&amp;ap=eac1 \" target=\"_blank\"><span style=\"text-decoration: underline;\"><strong>aqui<\/strong> <\/span><\/a>a programa\u00e7\u00e3o completa!<\/em><\/p>\n<p>As pessoas interessadas no congresso que n\u00e3o t\u00eam como acompanhar as palestras nas horas em que ser\u00e3o exibidas gratuitamente podem se inscrever no<a href=\"http:\/\/semav.com.br\/acesso-premium\/?ref=I4265431L\" target=\"_blank\"> <strong>Semav Premium<\/strong><\/a>, onde ter\u00e3o acesso permanente a todas as palestras por tempo ilimitado, podendo assisti-las quando quiser. Os assinantes tamb\u00e9m ter\u00e3o direito a baixar os \u00e1udios em MP3 para ouvir no carro ou em qualquer lugar, al\u00e9m de participar de uma comunidade de apoio no Facebook e receber certificado digital com 50h de participa\u00e7\u00e3o.<\/p>\n<p>H\u00e1 tamb\u00e9m a op\u00e7\u00e3o do <span style=\"text-decoration: underline;\"><a href=\"http:\/\/semav.com.br\/acesso-premium\/?ref=I4265431L\" target=\"_blank\"><strong>Semav Premium Plus<\/strong><\/a><\/span>, que, al\u00e9m de incluir todas as vantagens do Semav Premium, tamb\u00e9m oferece Cursos Pr\u00e1ticos, 4 Aulas de Acompanhamento Ao Vivo em Grupo, Palestras Extras, V\u00eddeo Aulas Pr\u00e1ticas, Ebooks de Receitas, Ebooks de Receitas e Download de Todo o Conte\u00fado Premium.<\/p>\n<p><em>Confira <a href=\" http:\/\/hotmart.net.br\/show.html?a=I4265431L \" target=\"_blank\"><span style=\"text-decoration: underline;\"><strong>aqui <\/strong><\/span><\/a>as condi\u00e7\u00f5es de pagamento e os detalhes de cada pacote.<\/em><\/p>\n<p><em>As inscri\u00e7\u00f5es gratuitas podem ser feitas <span style=\"text-decoration: underline;\"><strong><a href=\" http:\/\/hotmart.net.br\/show.html?a=I4265431L&amp;ap=eac1 \" target=\"_blank\">aqui<\/a><\/strong><\/span>!<\/em><\/p>\n<p>&nbsp;<\/p>\n","protected":false},"excerpt":{"rendered":"<p>O Instituto do Alimento Vivo promove de 3 a 9 de maio a Semana da Alimenta\u00e7\u00e3o Viva\u00a0(Semav), um congresso online e gratuito, que tem como objetivo incentivar os participantes a adotar uma alimenta\u00e7\u00e3o e estilo de vida mais saud\u00e1veis. Atrav\u00e9s da Alimenta\u00e7\u00e3o Viva muito pode ser transformado, desde doen\u00e7as cr\u00f4nicas, depress\u00e3o, oscila\u00e7\u00f5es emocionais at\u00e9 falta [&hellip;]<\/p>\n","protected":false},"author":1,"featured_media":24607,"comment_status":"open","ping_status":"open","sticky":false,"template":"","format":"standard","meta":{"om_disable_all_campaigns":false,"_monsterinsights_skip_tracking":false,"_monsterinsights_sitenote_active":false,"_monsterinsights_sitenote_note":"","_monsterinsights_sitenote_category":0,"footnotes":""},"categories":[9],"tags":[50,272,321],"acf":[],"publishpress_future_action":{"enabled":false,"date":"1969-12-31 21:00:00","action":"","terms":[],"taxonomy":"","browser_timezone_offset":0},"_links":{"self":[{"href":"https:\/\/portalfloresnoar.com\/floresnoar\/wp-json\/wp\/v2\/posts\/24606"}],"collection":[{"href":"https:\/\/portalfloresnoar.com\/floresnoar\/wp-json\/wp\/v2\/posts"}],"about":[{"href":"https:\/\/portalfloresnoar.com\/floresnoar\/wp-json\/wp\/v2\/types\/post"}],"author":[{"embeddable":true,"href":"https:\/\/portalfloresnoar.com\/floresnoar\/wp-json\/wp\/v2\/users\/1"}],"replies":[{"embeddable":true,"href":"https:\/\/portalfloresnoar.com\/floresnoar\/wp-json\/wp\/v2\/comments?post=24606"}],"version-history":[{"count":0,"href":"https:\/\/portalfloresnoar.com\/floresnoar\/wp-json\/wp\/v2\/posts\/24606\/revisions"}],"wp:featuredmedia":[{"embeddable":true,"href":"https:\/\/portalfloresnoar.com\/floresnoar\/wp-json\/wp\/v2\/media\/24607"}],"wp:attachment":[{"href":"https:\/\/portalfloresnoar.com\/floresnoar\/wp-json\/wp\/v2\/media?parent=24606"}],"wp:term":[{"taxonomy":"category","embeddable":true,"href":"https:\/\/portalfloresnoar.com\/floresnoar\/wp-json\/wp\/v2\/categories?post=24606"},{"taxonomy":"post_tag","embeddable":true,"href":"https:\/\/portalfloresnoar.com\/floresnoar\/wp-json\/wp\/v2\/tags?post=24606"}],"curies":[{"name":"wp","href":"https:\/\/api.w.org\/{rel}","templated":true}]}}