

{"id":24565,"date":"2016-01-28T11:07:57","date_gmt":"2016-01-28T14:07:57","guid":{"rendered":"http:\/\/portalfloresnoar.com\/floresnoar\/?p=24565"},"modified":"2016-05-02T15:38:24","modified_gmt":"2016-05-02T18:38:24","slug":"angolo-dellessenza-oferece-atendimentos-em-analise-alquimica-pela-internet","status":"publish","type":"post","link":"https:\/\/portalfloresnoar.com\/floresnoar\/angolo-dellessenza-oferece-atendimentos-em-analise-alquimica-pela-internet\/","title":{"rendered":"ANGOLO DELL\u2019ESSENZA OFERECE ATENDIMENTOS EM AN\u00c1LISE ALQU\u00cdMICA PELA INTERNET"},"content":{"rendered":"<p><img decoding=\"async\" loading=\"lazy\" class=\"aligncenter size-full wp-image-24576\" alt=\"angolinho-a-casa-meditacao\" src=\"http:\/\/portalfloresnoar.com\/floresnoar\/wp-content\/uploads\/2016\/04\/angolinho-a-casa-meditacao.jpg\" width=\"480\" height=\"270\" srcset=\"https:\/\/portalfloresnoar.com\/floresnoar\/wp-content\/uploads\/2016\/04\/angolinho-a-casa-meditacao.jpg 480w, https:\/\/portalfloresnoar.com\/floresnoar\/wp-content\/uploads\/2016\/04\/angolinho-a-casa-meditacao-300x168.jpg 300w\" sizes=\"(max-width: 480px) 100vw, 480px\" \/><\/p>\n<p style=\"text-align: right;\"><em><strong>&#8220;A vida \u00e9 vivida e bem vivida apenas quando o homem est\u00e1 em completa harmonia consigo mesmo e com o universo&#8221; <\/strong>(Afe)<\/em><\/p>\n<p>A comunidade alqu\u00edmica esot\u00e9rica\u00a0Angolo dell\u2019Essenza, com sede oficial na It\u00e1lia, est\u00e1 oferecendo\u00a0atendimentos em An\u00e1lise Alqu\u00edmica \u00a0via Skype. A consulta \u00e9 realizada por Afe, nome alqu\u00edmico de\u00a0Ana Walk\u00edria Almeida, alquimista brasileira, fundadora da comunidade junto ao italiano\u00a0Luca Saraceni.<\/p>\n<p>A partir de anos de pesquisa e an\u00e1lise da correspond\u00eancia entre o Tarot e a Alquimia, Afe criou um m\u00e9todo alqu\u00edmico operativo de leitura, atrav\u00e9s dos s\u00edmbolos arquet\u00edpicos presentes no tarot, realizando\u00a0uma an\u00e1lise do campo energ\u00e9tico espiritual do consulente, o que a permite acessar\u00a0informa\u00e7\u00f5es significativas da situa\u00e7\u00e3o que se apresenta incompreendida na vida do consulente.<\/p>\n<p>&#8220;Durante a consulta realizo uma an\u00e1lise profunda, psicof\u00edsica e espiritual do ambiente e das suas diversas formas de energias, negativas ou positivas, expondo as situa\u00e7\u00f5es com mais clareza, possibilitando apontar um caminho de liberta\u00e7\u00e3o. \u00c9 importante ressaltar que a an\u00e1lise \u00e9 feita a partir de permiss\u00f5es espirituais&#8221;, declara Afe.<\/p>\n<p>&#8220;Como tarol\u00f3ga alqu\u00edmica interpreto as cartas com sinceridade e respeito \u00e0 espiritualidade, a quem, com afeto, chamo de &#8216;Ess\u00eancia , pura Ess\u00eancia&#8217;, e que sempre traz a verdade \u00a0a quem necessita de ajuda. N\u00e3o trabalho com esp\u00edritos ou entidades desencarnadas. Para receber a energia necess\u00e1ria durante a consulta espiritual \u00e9 realizada uma s\u00e9ria prepara\u00e7\u00e3o meditativa e espiritual para obter a permiss\u00e3o da divina espiritualidade de luz , assim como a prote\u00e7\u00e3o energ\u00e9tica ao consultante. Os quatro elementos naturais (terra, fogo, ar e \u00e1gua) s\u00e3o essenciais em minhas consultas.&#8221;<\/p>\n<p>Os interessados nas consultas de An\u00e1lise Alqu\u00edmica devem, na hora marcada,\u00a0terem disponibilidade de tempo e estar em um ambiente tranquilo. A dura\u00e7\u00e3o da consulta varia, podendo durar de uma a duas horas, e, dependendo da situa\u00e7\u00e3o, necessitar de um acompanhamento personalizado.<\/p>\n<p>\u201cEste trabalho requer muito respeito, uma vez que o consulente est\u00e1 \u00e0 procura de ajuda e respostas no reino espiritual. \u00a0H\u00e1 um processo de conex\u00e3o entre as energias ps\u00edquicas e espirituais do alquimista e do requerente. Abre-se um portal!\u00a0Muitas vezes, al\u00e9m das perguntas feitas, pode haver mensagens espirituais dirigida ao consultante relativas a outras \u00e1reas de sua vida. Nesses casos, o consultante decide se quer receb\u00ea-las ou n\u00e3o&#8221;, explica Afe.<\/p>\n<p>Antes de iniciar a consulta aconselha-se \u00a0um estado meditativo e de ora\u00e7\u00e3o, permitindo que as for\u00e7as astrais atuem com o devido respeito e prote\u00e7\u00e3o para ambos.\u00a0Em caso de circunst\u00e2ncias imprevistas, que n\u00e3o permitem a presen\u00e7a na hora marcada, se com pr\u00e9via comunica\u00e7\u00e3o, \u00e9 poss\u00edvel remarcar a consulta para um outro dia.<\/p>\n<p>O investimento na consulta \u00e9 uma &#8216;oferta livre&#8217;, a ser combinada com Afe. \u00a0&#8220;Desejamos que o portal seja aberto a todos!!! A sua oferta contribui para o crescimento e fortalecimento de nossa comunidade&#8221;.<\/p>\n<p><strong>AGENDAMENTO DAS CONSULTAS<\/strong><br \/>\n<strong>WhatsApp:<\/strong> (39) 3288432618<br \/>\n<strong>Skype:<\/strong> angolodellessenza Brasil<br \/>\n<strong>Site:<\/strong> <a href=\"http:\/\/www.angolodellessenza.it\/\" target=\"_blank\">http:\/\/www.angolodellessenza.it\/<\/a><\/p>\n<p><strong><em>Saiba mais sobre a comunidade Angolo dell\u2019Essenza!<\/em><\/strong><\/p>\n<p><span style=\"line-height: 1.71429; letter-spacing: 0em;\"><img decoding=\"async\" loading=\"lazy\" class=\"size-full wp-image-24577 alignleft\" alt=\"angollo dell essenza\" src=\"http:\/\/portalfloresnoar.com\/floresnoar\/wp-content\/uploads\/2016\/04\/angollo-dell-essenza.jpg\" width=\"320\" height=\"320\" srcset=\"https:\/\/portalfloresnoar.com\/floresnoar\/wp-content\/uploads\/2016\/04\/angollo-dell-essenza.jpg 320w, https:\/\/portalfloresnoar.com\/floresnoar\/wp-content\/uploads\/2016\/04\/angollo-dell-essenza-150x150.jpg 150w, https:\/\/portalfloresnoar.com\/floresnoar\/wp-content\/uploads\/2016\/04\/angollo-dell-essenza-300x300.jpg 300w, https:\/\/portalfloresnoar.com\/floresnoar\/wp-content\/uploads\/2016\/04\/angollo-dell-essenza-100x100.jpg 100w\" sizes=\"(max-width: 320px) 100vw, 320px\" \/>A comunidade alqu\u00edmica esot\u00e9rica\u00a0Angolo dell\u2019Essenza, com sede oficial na It\u00e1lia, nasceu em 2008, com base na filosofia de vida de fundamento alqu\u00edmico dos seus fundadores, Ana Walk\u00edria Almeida (Afe) e Luca Saraceni. Em 2014 a comunidade abriu um espa\u00e7o de acolhida, dedicado \u00e0 arte da cura espiritual, com atividades de PranaTerapia Espiritual, ChakraTerapia, Matrim\u00f4nio Alqu\u00edmico, Uni\u00e3o SacroC\u00f3smica de casal, An\u00e1lise Alqu\u00edmica do estado energ\u00e9tico, psicof\u00edsico e espiritual, pr\u00e1ticas de medita\u00e7\u00e3o, cursos de medita\u00e7\u00e3o para iniciantes, semin\u00e1rios e diversas outras atividades sem fins lucrativo.<\/span><\/p>\n<p>Os fundadores explicam que a Angolo dell\u2019Essenza \u00e9 uma filosofia de vida, de fundamento e doutrina Alqu\u00edmica, fundada com a inten\u00e7\u00e3o de promover e difundir a consci\u00eancia harm\u00f4nica universal e as principais virtudes como: a for\u00e7a da verdade, a n\u00e3o-viol\u00eancia, o ajudar e amar ao pr\u00f3ximo, a benevol\u00eancia, compaix\u00e3o e fraternidade. A comunidade \u00e9 aberta a qualquer um que procura um caminho de autoconhecimento e crescimento espiritual.<\/p>\n<p>&#8220;\u00c9 um espa\u00e7o dedicado \u00e0 arte da cura espiritual, a quem procura e precisa de apoio, aconselhamento, guian\u00e7a e orienta\u00e7\u00e3o espiritual. Para quem procura viver em harmonia consigo mesmo, com a natureza, com o cosmos&#8221;, declaram os alquimistas.<\/p>\n<p>As atividades ofertadas no Angolo dell\u2019Essenza t\u00eam como objetivo promover paz, alegria, reconcilia\u00e7\u00e3o e transforma\u00e7\u00e3o em muitos n\u00edveis da vida, sem quaisquer restri\u00e7\u00f5es pol\u00edticas, de identidade sexual, religiosa e sem fins lucrativos.<\/p>\n<p>&#8220;A nossa filosofia de vida aprofunda o conhecimento e a consci\u00eancia c\u00f3smica de um todo organizado, com a compreens\u00e3o de que em tudo no Universo h\u00e1 um n\u00edvel macroc\u00f3smico e microc\u00f3smico, disposto em um equil\u00edbrio preciso, governado por leis c\u00f3smicas em uma consist\u00eancia superior, divina&#8221;, explica Luca.<\/p>\n<p>&#8220;Existe uma via Alqu\u00edmica Espiritual, que reporta ao estado puro nosso ser interior, que nos conduz a uma harmonia com a natureza, consigo mesmo e com a pot\u00eancia criativa que produziu o universo, uma verdadeira fus\u00e3o com a energia divina. Aquele que transmuta pesquisa e libera a energia da mat\u00e9ria e desperta a consci\u00eancia divina, eleva-se infinitamente em um crescimento espiritual e descobre a sua perfeita e indiscut\u00edvel semelhan\u00e7a com Deus&#8221;, declara Afe.<\/p>\n<p><strong><img decoding=\"async\" loading=\"lazy\" class=\"size-full wp-image-24575 alignleft\" alt=\"afe\" src=\"http:\/\/portalfloresnoar.com\/floresnoar\/wp-content\/uploads\/2016\/04\/afe.jpg\" width=\"320\" height=\"189\" srcset=\"https:\/\/portalfloresnoar.com\/floresnoar\/wp-content\/uploads\/2016\/04\/afe.jpg 320w, https:\/\/portalfloresnoar.com\/floresnoar\/wp-content\/uploads\/2016\/04\/afe-300x177.jpg 300w\" sizes=\"(max-width: 320px) 100vw, 320px\" \/>Ana Walkiria Almeida<\/strong> (22\/01\/1972) \u2013 Alquimista, brasileira, naturalizada italiana, <em>art designer<\/em>, artista pl\u00e1stica, pranaterapeuta, tar\u00f3loga alqu\u00edmica, operadora alqu\u00edmica (guia espiritual). Seguidora do pensamento filos\u00f3fico do grande Mestre Lao Tzu e dos ensinamentos do Divino Mestre Yeshua. Desde tenra idade seguiu seu percurso de crescimento espiritual dentro da alquimia, que ret\u00e9m como filosofia e doutrina de vida. ha a compet\u00eancia em Pranaterapia Espiritual, Chakraterapia e Tarologia Alqu\u00edmica. Organiza cursos pr\u00e1ticos de medita\u00e7\u00e3o alqu\u00edmica para iniciantes e celebra matrim\u00f4nio no sacro graal alqu\u00edmico e uni\u00e3o sacro-c\u00f3smica. \u00c9 conhecida afetuosamente pelos seus seguidores pelo pseud\u00f3nimo alqu\u00edmico \u201cAfe\u201d (Fenice) &#8211; em portugu\u00eas \u201cA F\u00eanix\u201d.<\/p>\n<p><strong><img decoding=\"async\" loading=\"lazy\" class=\" wp-image-24579 alignleft\" alt=\"luca saraceni\" src=\"http:\/\/portalfloresnoar.com\/floresnoar\/wp-content\/uploads\/2016\/04\/luca-saraceni.jpg\" width=\"220\" height=\"234\" \/><\/strong><\/p>\n<p>&nbsp;<\/p>\n<p><strong>Luca Saraceni<\/strong> (15\/12\/1972)\u2013 Metal\u00fargico, alquimista, co-fundador do Angolo dell\u2019Essenza. Come\u00e7ou cedo a trabalhar no setor da metalurgia, gra\u00e7as \u00e0 influ\u00eancia do pai. Ainda jovem \u00a0foi atra\u00eddo pela energia em suas diversas formas e manifesta\u00e7\u00f5es. Seguiu seu percurso de crescimento espiritual na alquimia e como operador alqu\u00edmico ensina a pratica o aprofundamento de pr\u00e1ticas de medita\u00e7\u00e3o alqu\u00edmica, com sess\u00f5es individuais ou em grupo.<\/p>\n<p><a href=\"http:\/\/www.angolodellessenza.it\/\" target=\"_blank\">http:\/\/www.angolodellessenza.it\/<\/a><\/p>\n","protected":false},"excerpt":{"rendered":"<p>&#8220;A vida \u00e9 vivida e bem vivida apenas quando o homem est\u00e1 em completa harmonia consigo mesmo e com o universo&#8221; (Afe) A comunidade alqu\u00edmica esot\u00e9rica\u00a0Angolo dell\u2019Essenza, com sede oficial na It\u00e1lia, est\u00e1 oferecendo\u00a0atendimentos em An\u00e1lise Alqu\u00edmica \u00a0via Skype. A consulta \u00e9 realizada por Afe, nome alqu\u00edmico de\u00a0Ana Walk\u00edria Almeida, alquimista brasileira, fundadora da comunidade [&hellip;]<\/p>\n","protected":false},"author":1,"featured_media":24576,"comment_status":"open","ping_status":"open","sticky":false,"template":"","format":"standard","meta":{"om_disable_all_campaigns":false,"_monsterinsights_skip_tracking":false,"_monsterinsights_sitenote_active":false,"_monsterinsights_sitenote_note":"","_monsterinsights_sitenote_category":0,"footnotes":""},"categories":[8,214],"tags":[74,33,127],"acf":[],"publishpress_future_action":{"enabled":false,"date":"1969-12-31 21:00:00","action":"","terms":[],"taxonomy":"","browser_timezone_offset":0},"_links":{"self":[{"href":"https:\/\/portalfloresnoar.com\/floresnoar\/wp-json\/wp\/v2\/posts\/24565"}],"collection":[{"href":"https:\/\/portalfloresnoar.com\/floresnoar\/wp-json\/wp\/v2\/posts"}],"about":[{"href":"https:\/\/portalfloresnoar.com\/floresnoar\/wp-json\/wp\/v2\/types\/post"}],"author":[{"embeddable":true,"href":"https:\/\/portalfloresnoar.com\/floresnoar\/wp-json\/wp\/v2\/users\/1"}],"replies":[{"embeddable":true,"href":"https:\/\/portalfloresnoar.com\/floresnoar\/wp-json\/wp\/v2\/comments?post=24565"}],"version-history":[{"count":0,"href":"https:\/\/portalfloresnoar.com\/floresnoar\/wp-json\/wp\/v2\/posts\/24565\/revisions"}],"wp:featuredmedia":[{"embeddable":true,"href":"https:\/\/portalfloresnoar.com\/floresnoar\/wp-json\/wp\/v2\/media\/24576"}],"wp:attachment":[{"href":"https:\/\/portalfloresnoar.com\/floresnoar\/wp-json\/wp\/v2\/media?parent=24565"}],"wp:term":[{"taxonomy":"category","embeddable":true,"href":"https:\/\/portalfloresnoar.com\/floresnoar\/wp-json\/wp\/v2\/categories?post=24565"},{"taxonomy":"post_tag","embeddable":true,"href":"https:\/\/portalfloresnoar.com\/floresnoar\/wp-json\/wp\/v2\/tags?post=24565"}],"curies":[{"name":"wp","href":"https:\/\/api.w.org\/{rel}","templated":true}]}}