

{"id":24449,"date":"2016-05-16T02:17:02","date_gmt":"2016-05-16T05:17:02","guid":{"rendered":"http:\/\/portalfloresnoar.com\/floresnoar\/?p=24449"},"modified":"2016-06-08T08:34:23","modified_gmt":"2016-06-08T11:34:23","slug":"recanto-do-ser-oferece-diversos-servicos-terapeuticos-no-recife","status":"publish","type":"post","link":"https:\/\/portalfloresnoar.com\/floresnoar\/recanto-do-ser-oferece-diversos-servicos-terapeuticos-no-recife\/","title":{"rendered":"RECANTO DO SER OFERECE DIVERSOS SERVI\u00c7OS TERAP\u00caUTICOS NO RECIFE"},"content":{"rendered":"<p><img decoding=\"async\" loading=\"lazy\" class=\"size-full wp-image-24450 alignleft\" alt=\"Recanto do Ser Recife\" src=\"http:\/\/portalfloresnoar.com\/floresnoar\/wp-content\/uploads\/2016\/04\/Recanto-do-Ser-Recife.jpg\" width=\"375\" height=\"229\" srcset=\"https:\/\/portalfloresnoar.com\/floresnoar\/wp-content\/uploads\/2016\/04\/Recanto-do-Ser-Recife.jpg 375w, https:\/\/portalfloresnoar.com\/floresnoar\/wp-content\/uploads\/2016\/04\/Recanto-do-Ser-Recife-300x183.jpg 300w\" sizes=\"(max-width: 375px) 100vw, 375px\" \/>Neste ano de 2016 o Recanto do Ser, localizado no bairro da Encruzilhada, no Recife, est\u00e1 ampliando suas atividades. &#8220;Estamos num momento de muita alegria e entusiasmo com a chegada de novos profissionais, terapias e atividades que est\u00e3o em sintonia com a nossa miss\u00e3o&#8221;, declaram os terapeutas Isabel Assun\u00e7\u00e3o, Guilherme Assun\u00e7\u00e3o e L\u00edvia Pedrosa, coordenadores e guardi\u00f5es do Recanto do Ser.<\/p>\n<p>O Recanto do Ser \u00e9 um espa\u00e7o de cuidado integral voltado para a valoriza\u00e7\u00e3o e desenvolvimento do Ser. &#8220;Nossa inten\u00e7\u00e3o \u00e9 proporcionar um ambiente acolhedor e prop\u00edcio para o autoconhecimento onde as pessoas se voltem para dentro de si e se sintam, cada vez mais, em paz consigo mesmas&#8221;<\/p>\n<p><strong>Confira os servi\u00e7os oferecidos no espa\u00e7o:<\/strong><\/p>\n<p>Reiki<br \/>\nLeitura de Aura<br \/>\nTerapia Floral<br \/>\nPsicoterapia<br \/>\nMassoterapia<br \/>\nAcupuntura<br \/>\nAuriculoterapia<br \/>\nHomeopatia<br \/>\nAromaterapia<br \/>\nRenascimento<br \/>\nDan\u00e7a como pr\u00e1tica terap\u00eautica<br \/>\nCursos<br \/>\nOficinas<br \/>\nPalestras<\/p>\n<p><strong>Mais informa\u00e7\u00f5es no site:<\/strong><a href=\"http:\/\/ www.recantodoser.com.br\" target=\"_blank\"> www.recantodoser.com.br<\/a><br \/>\n<strong>Local:<\/strong> Rua Costa Pinto, 119 \u2013 Encruzilhada, Recife\/PE<br \/>\n<strong>Telefones:<\/strong> 9.8660-7675 \/ 9.9846-7151<br \/>\n<strong>E-mail:<\/strong> recantodoser@gmail.com<\/p>\n<p><em>Veja abaixo algumas fotos do espa\u00e7o!<\/em><\/p>\n<p><img decoding=\"async\" loading=\"lazy\" class=\"aligncenter size-full wp-image-24451\" alt=\"recanto do ser 1\" src=\"http:\/\/portalfloresnoar.com\/floresnoar\/wp-content\/uploads\/2016\/04\/recanto-do-ser-1.jpg\" width=\"467\" height=\"335\" srcset=\"https:\/\/portalfloresnoar.com\/floresnoar\/wp-content\/uploads\/2016\/04\/recanto-do-ser-1.jpg 467w, https:\/\/portalfloresnoar.com\/floresnoar\/wp-content\/uploads\/2016\/04\/recanto-do-ser-1-300x215.jpg 300w\" sizes=\"(max-width: 467px) 100vw, 467px\" \/><\/p>\n<p><img decoding=\"async\" loading=\"lazy\" class=\"aligncenter size-full wp-image-24452\" alt=\"recanto do ser 2\" src=\"http:\/\/portalfloresnoar.com\/floresnoar\/wp-content\/uploads\/2016\/04\/recanto-do-ser-2.jpg\" width=\"469\" height=\"338\" srcset=\"https:\/\/portalfloresnoar.com\/floresnoar\/wp-content\/uploads\/2016\/04\/recanto-do-ser-2.jpg 469w, https:\/\/portalfloresnoar.com\/floresnoar\/wp-content\/uploads\/2016\/04\/recanto-do-ser-2-300x216.jpg 300w\" sizes=\"(max-width: 469px) 100vw, 469px\" \/><\/p>\n<p><img decoding=\"async\" loading=\"lazy\" class=\"aligncenter size-full wp-image-24453\" alt=\"recanto do ser 3\" src=\"http:\/\/portalfloresnoar.com\/floresnoar\/wp-content\/uploads\/2016\/04\/recanto-do-ser-3.jpg\" width=\"467\" height=\"337\" srcset=\"https:\/\/portalfloresnoar.com\/floresnoar\/wp-content\/uploads\/2016\/04\/recanto-do-ser-3.jpg 467w, https:\/\/portalfloresnoar.com\/floresnoar\/wp-content\/uploads\/2016\/04\/recanto-do-ser-3-300x216.jpg 300w\" sizes=\"(max-width: 467px) 100vw, 467px\" \/><\/p>\n<p><img decoding=\"async\" loading=\"lazy\" class=\"aligncenter size-full wp-image-24455\" alt=\"recanto do ser 7\" src=\"http:\/\/portalfloresnoar.com\/floresnoar\/wp-content\/uploads\/2016\/04\/recanto-do-ser-7.jpg\" width=\"468\" height=\"337\" srcset=\"https:\/\/portalfloresnoar.com\/floresnoar\/wp-content\/uploads\/2016\/04\/recanto-do-ser-7.jpg 468w, https:\/\/portalfloresnoar.com\/floresnoar\/wp-content\/uploads\/2016\/04\/recanto-do-ser-7-300x216.jpg 300w\" sizes=\"(max-width: 468px) 100vw, 468px\" \/><\/p>\n<p><img decoding=\"async\" loading=\"lazy\" class=\"aligncenter size-full wp-image-24456\" alt=\"recanto do ser 9\" src=\"http:\/\/portalfloresnoar.com\/floresnoar\/wp-content\/uploads\/2016\/04\/recanto-do-ser-9.jpg\" width=\"465\" height=\"337\" srcset=\"https:\/\/portalfloresnoar.com\/floresnoar\/wp-content\/uploads\/2016\/04\/recanto-do-ser-9.jpg 465w, https:\/\/portalfloresnoar.com\/floresnoar\/wp-content\/uploads\/2016\/04\/recanto-do-ser-9-300x217.jpg 300w\" sizes=\"(max-width: 465px) 100vw, 465px\" \/><\/p>\n<p><img decoding=\"async\" loading=\"lazy\" class=\"aligncenter\" alt=\"recanto do ser 6\" src=\"http:\/\/portalfloresnoar.com\/floresnoar\/wp-content\/uploads\/2016\/04\/recanto-do-ser-6.jpg\" width=\"463\" height=\"337\" \/><\/p>\n","protected":false},"excerpt":{"rendered":"<p>Neste ano de 2016 o Recanto do Ser, localizado no bairro da Encruzilhada, no Recife, est\u00e1 ampliando suas atividades. &#8220;Estamos num momento de muita alegria e entusiasmo com a chegada de novos profissionais, terapias e atividades que est\u00e3o em sintonia com a nossa miss\u00e3o&#8221;, declaram os terapeutas Isabel Assun\u00e7\u00e3o, Guilherme Assun\u00e7\u00e3o e L\u00edvia Pedrosa, coordenadores [&hellip;]<\/p>\n","protected":false},"author":1,"featured_media":24458,"comment_status":"open","ping_status":"open","sticky":false,"template":"","format":"standard","meta":{"om_disable_all_campaigns":false,"_monsterinsights_skip_tracking":false,"_monsterinsights_sitenote_active":false,"_monsterinsights_sitenote_note":"","_monsterinsights_sitenote_category":0,"footnotes":""},"categories":[8,224,214],"tags":[243,127],"acf":[],"publishpress_future_action":{"enabled":false,"date":"1969-12-31 21:00:00","action":"","terms":[],"taxonomy":"","browser_timezone_offset":0},"_links":{"self":[{"href":"https:\/\/portalfloresnoar.com\/floresnoar\/wp-json\/wp\/v2\/posts\/24449"}],"collection":[{"href":"https:\/\/portalfloresnoar.com\/floresnoar\/wp-json\/wp\/v2\/posts"}],"about":[{"href":"https:\/\/portalfloresnoar.com\/floresnoar\/wp-json\/wp\/v2\/types\/post"}],"author":[{"embeddable":true,"href":"https:\/\/portalfloresnoar.com\/floresnoar\/wp-json\/wp\/v2\/users\/1"}],"replies":[{"embeddable":true,"href":"https:\/\/portalfloresnoar.com\/floresnoar\/wp-json\/wp\/v2\/comments?post=24449"}],"version-history":[{"count":0,"href":"https:\/\/portalfloresnoar.com\/floresnoar\/wp-json\/wp\/v2\/posts\/24449\/revisions"}],"wp:featuredmedia":[{"embeddable":true,"href":"https:\/\/portalfloresnoar.com\/floresnoar\/wp-json\/wp\/v2\/media\/24458"}],"wp:attachment":[{"href":"https:\/\/portalfloresnoar.com\/floresnoar\/wp-json\/wp\/v2\/media?parent=24449"}],"wp:term":[{"taxonomy":"category","embeddable":true,"href":"https:\/\/portalfloresnoar.com\/floresnoar\/wp-json\/wp\/v2\/categories?post=24449"},{"taxonomy":"post_tag","embeddable":true,"href":"https:\/\/portalfloresnoar.com\/floresnoar\/wp-json\/wp\/v2\/tags?post=24449"}],"curies":[{"name":"wp","href":"https:\/\/api.w.org\/{rel}","templated":true}]}}