

{"id":24431,"date":"2016-08-14T09:01:15","date_gmt":"2016-08-14T12:01:15","guid":{"rendered":"http:\/\/portalfloresnoar.com\/floresnoar\/?p=24431"},"modified":"2016-09-08T19:46:00","modified_gmt":"2016-09-08T22:46:00","slug":"atelie-da-luz-oferece-espaco-para-terapeutas","status":"publish","type":"post","link":"https:\/\/portalfloresnoar.com\/floresnoar\/atelie-da-luz-oferece-espaco-para-terapeutas\/","title":{"rendered":"Ateli\u00ea da Luz oferece loca\u00e7\u00e3o de salas para terapeutas"},"content":{"rendered":"<p style=\"text-align: center;\"><img decoding=\"async\" loading=\"lazy\" class=\"aligncenter  wp-image-24435\" alt=\"atelie da luz (4)\" src=\"http:\/\/portalfloresnoar.com\/floresnoar\/wp-content\/uploads\/2016\/04\/atelie-da-luz-4.jpg\" width=\"675\" height=\"379\" srcset=\"https:\/\/portalfloresnoar.com\/floresnoar\/wp-content\/uploads\/2016\/04\/atelie-da-luz-4.jpg 750w, https:\/\/portalfloresnoar.com\/floresnoar\/wp-content\/uploads\/2016\/04\/atelie-da-luz-4-300x168.jpg 300w\" sizes=\"(max-width: 675px) 100vw, 675px\" \/><\/p>\n<p style=\"text-align: left;\"><img decoding=\"async\" loading=\"lazy\" class=\"wp-image-24493 alignleft\" alt=\"atelie da luz\" src=\"http:\/\/portalfloresnoar.com\/floresnoar\/wp-content\/uploads\/2016\/04\/atelie-da-luz.jpg\" width=\"350\" height=\"190\" srcset=\"https:\/\/portalfloresnoar.com\/floresnoar\/wp-content\/uploads\/2016\/04\/atelie-da-luz.jpg 500w, https:\/\/portalfloresnoar.com\/floresnoar\/wp-content\/uploads\/2016\/04\/atelie-da-luz-300x162.jpg 300w\" sizes=\"(max-width: 350px) 100vw, 350px\" \/>O espa\u00e7o terap\u00eautico Ateli\u00ea da Luz, no Recife, abre as portas para outros profissionais com pr\u00e1ticas voltadas para promo\u00e7\u00e3o de sa\u00fade, dispondo de salas para loca\u00e7\u00e3o mensal, por turno ou hora e sal\u00e3o para atividades em grupo, juntamente com servi\u00e7os de secretaria, divulga\u00e7\u00e3o e manuten\u00e7\u00e3o.<\/p>\n<p>O Ateli\u00ea da luz foi fundado em agosto de 2012 pela psic\u00f3loga e arteterapeuta Carolina Seabra, buscando ser uma alternativa de servi\u00e7o de Psicologia numa \u00e1rea t\u00e3o carente como a Caxang\u00e1.<\/p>\n<p>Est\u00e3o dispon\u00edveis para loca\u00e7\u00e3o tr\u00eas salas, sendo duas para aluguel mensal e uma outra, mobiliada, para loca\u00e7\u00e3o por turno ou hora. \u00a0O espa\u00e7o tamb\u00e9m conta com um sal\u00e3o para atividades corporais e eventos.<\/p>\n<p>&#8220;O nome &#8216;ateli\u00ea&#8217; remete a oficina, lugar de constru\u00e7\u00e3o, de cria\u00e7\u00e3o do artista, sendo o termo aqui utilizado com o sentido de &#8216;lugar de reinven\u00e7\u00e3o de si mesmo&#8217;, de &#8216;cria\u00e7\u00e3o de novas formas de viver&#8217;. O artista \u00e9 o consulente, que vem se consultar em busca da luz, da clareza, da conscientiza\u00e7\u00e3o e supera\u00e7\u00e3o de conflitos, de melhoria da qualidade de vida&#8221;, declara Carolina Seabra.<\/p>\n<p>MAIS INFORMA\u00c7\u00d5ES<br \/>\n<strong>E-mails:<\/strong> ateliedaluz@gmail.com \/ carolaseabra@gmail.com<br \/>\n<strong>Fones:<\/strong> (81) 99992-9602 (whatsapp) \/ 3272-3043<br \/>\n<strong>Endere\u00e7o: <\/strong>Rua Rio Formoso,130, Iputinga, Recife-PE. CEP: 50670-220<\/p>\n<p><strong>Veja<a href=\"https:\/\/www.google.com.br\/maps\/place\/Ateli%C3%AA+da+Luz+-+Psicologia+e+Arteterapia\/@-8.0437026,-34.9391518,15z\/data=!4m2!3m1!1s0x0:0xd4caf74c6d2ef461?sa=X&amp;ved=0ahUKEwjmpvfwkJfMAhUEDZAKHS77D2sQ_BIIZzAK\" target=\"_blank\"> aqui <\/a>o mapa de localiza\u00e7\u00e3o do Ateli\u00ea da Luz!<\/strong><br \/>\n<strong style=\"line-height: 1.71429; letter-spacing: 0em;\"><\/strong><\/p>\n<p><strong style=\"line-height: 1.71429; letter-spacing: 0em;\">Confira outras fotos do espa\u00e7o!<\/strong><\/p>\n<p style=\"text-align: center;\"><img decoding=\"async\" loading=\"lazy\" class=\"aligncenter  wp-image-24434\" alt=\"atelie da luz (3)\" src=\"http:\/\/portalfloresnoar.com\/floresnoar\/wp-content\/uploads\/2016\/04\/atelie-da-luz-3.jpg\" width=\"600\" height=\"337\" srcset=\"https:\/\/portalfloresnoar.com\/floresnoar\/wp-content\/uploads\/2016\/04\/atelie-da-luz-3.jpg 750w, https:\/\/portalfloresnoar.com\/floresnoar\/wp-content\/uploads\/2016\/04\/atelie-da-luz-3-300x168.jpg 300w\" sizes=\"(max-width: 600px) 100vw, 600px\" \/><\/p>\n<p style=\"text-align: center;\"><img decoding=\"async\" loading=\"lazy\" class=\"aligncenter\" alt=\"atelie da luz recife 1\" src=\"http:\/\/portalfloresnoar.com\/floresnoar\/wp-content\/uploads\/2016\/06\/atelie-da-luz-recife-1.jpg\" width=\"592\" height=\"394\" \/><\/p>\n<p style=\"text-align: center;\"><img decoding=\"async\" loading=\"lazy\" class=\"aligncenter  wp-image-25270\" alt=\"atelie 1\" src=\"http:\/\/portalfloresnoar.com\/floresnoar\/wp-content\/uploads\/2016\/06\/atelie-1.jpg\" width=\"622\" height=\"415\" srcset=\"https:\/\/portalfloresnoar.com\/floresnoar\/wp-content\/uploads\/2016\/06\/atelie-1.jpg 960w, https:\/\/portalfloresnoar.com\/floresnoar\/wp-content\/uploads\/2016\/06\/atelie-1-300x200.jpg 300w\" sizes=\"(max-width: 622px) 100vw, 622px\" \/><br \/>\n<img decoding=\"async\" loading=\"lazy\" class=\"aligncenter  wp-image-25272\" alt=\"atelie da luz recife 2\" src=\"http:\/\/portalfloresnoar.com\/floresnoar\/wp-content\/uploads\/2016\/06\/atelie-da-luz-recife-2.jpg\" width=\"576\" height=\"384\" srcset=\"https:\/\/portalfloresnoar.com\/floresnoar\/wp-content\/uploads\/2016\/06\/atelie-da-luz-recife-2.jpg 960w, https:\/\/portalfloresnoar.com\/floresnoar\/wp-content\/uploads\/2016\/06\/atelie-da-luz-recife-2-300x200.jpg 300w\" sizes=\"(max-width: 576px) 100vw, 576px\" \/><\/p>\n<p style=\"text-align: center;\"><img decoding=\"async\" loading=\"lazy\" class=\"aligncenter  wp-image-25273\" alt=\"atelie da luz recife 3\" src=\"http:\/\/portalfloresnoar.com\/floresnoar\/wp-content\/uploads\/2016\/06\/atelie-da-luz-recife-3.jpg\" width=\"614\" height=\"410\" srcset=\"https:\/\/portalfloresnoar.com\/floresnoar\/wp-content\/uploads\/2016\/06\/atelie-da-luz-recife-3.jpg 960w, https:\/\/portalfloresnoar.com\/floresnoar\/wp-content\/uploads\/2016\/06\/atelie-da-luz-recife-3-300x200.jpg 300w\" sizes=\"(max-width: 614px) 100vw, 614px\" \/><\/p>\n<p style=\"text-align: center;\"><img decoding=\"async\" loading=\"lazy\" class=\"aligncenter  wp-image-24433\" alt=\"atelie da luz (2)\" src=\"http:\/\/portalfloresnoar.com\/floresnoar\/wp-content\/uploads\/2016\/04\/atelie-da-luz-2.jpg\" width=\"420\" height=\"747\" srcset=\"https:\/\/portalfloresnoar.com\/floresnoar\/wp-content\/uploads\/2016\/04\/atelie-da-luz-2.jpg 525w, https:\/\/portalfloresnoar.com\/floresnoar\/wp-content\/uploads\/2016\/04\/atelie-da-luz-2-168x300.jpg 168w\" sizes=\"(max-width: 420px) 100vw, 420px\" \/><\/p>\n<p style=\"text-align: center;\"><img decoding=\"async\" loading=\"lazy\" class=\"aligncenter  wp-image-24432\" alt=\"atelie da luz (1)\" src=\"http:\/\/portalfloresnoar.com\/floresnoar\/wp-content\/uploads\/2016\/04\/atelie-da-luz-1.jpg\" width=\"584\" height=\"438\" srcset=\"https:\/\/portalfloresnoar.com\/floresnoar\/wp-content\/uploads\/2016\/04\/atelie-da-luz-1.jpg 730w, https:\/\/portalfloresnoar.com\/floresnoar\/wp-content\/uploads\/2016\/04\/atelie-da-luz-1-300x224.jpg 300w, https:\/\/portalfloresnoar.com\/floresnoar\/wp-content\/uploads\/2016\/04\/atelie-da-luz-1-160x120.jpg 160w\" sizes=\"(max-width: 584px) 100vw, 584px\" \/><\/p>\n<h4 style=\"text-align: left;\">Confira outras fotos do Ateli\u00ea da Luz <strong><a href=\"https:\/\/www.facebook.com\/PsicologiaeArteterpia\/photos\/?tab=album&amp;album_id=806818746121330\" target=\"_blank\">aqui<\/a><\/strong>!<\/h4>\n<p>&nbsp;<\/p>\n","protected":false},"excerpt":{"rendered":"<p>O espa\u00e7o terap\u00eautico Ateli\u00ea da Luz, no Recife, abre as portas para outros profissionais com pr\u00e1ticas voltadas para promo\u00e7\u00e3o de sa\u00fade, dispondo de salas para loca\u00e7\u00e3o mensal, por turno ou hora e sal\u00e3o para atividades em grupo, juntamente com servi\u00e7os de secretaria, divulga\u00e7\u00e3o e manuten\u00e7\u00e3o. O Ateli\u00ea da luz foi fundado em agosto de 2012 [&hellip;]<\/p>\n","protected":false},"author":1,"featured_media":24432,"comment_status":"open","ping_status":"open","sticky":false,"template":"","format":"standard","meta":{"om_disable_all_campaigns":false,"_monsterinsights_skip_tracking":false,"_monsterinsights_sitenote_active":false,"_monsterinsights_sitenote_note":"","_monsterinsights_sitenote_category":0,"footnotes":""},"categories":[8,224,214],"tags":[34,243,148],"acf":[],"publishpress_future_action":{"enabled":false,"date":"1969-12-31 21:00:00","action":"","terms":[],"taxonomy":"","browser_timezone_offset":0},"_links":{"self":[{"href":"https:\/\/portalfloresnoar.com\/floresnoar\/wp-json\/wp\/v2\/posts\/24431"}],"collection":[{"href":"https:\/\/portalfloresnoar.com\/floresnoar\/wp-json\/wp\/v2\/posts"}],"about":[{"href":"https:\/\/portalfloresnoar.com\/floresnoar\/wp-json\/wp\/v2\/types\/post"}],"author":[{"embeddable":true,"href":"https:\/\/portalfloresnoar.com\/floresnoar\/wp-json\/wp\/v2\/users\/1"}],"replies":[{"embeddable":true,"href":"https:\/\/portalfloresnoar.com\/floresnoar\/wp-json\/wp\/v2\/comments?post=24431"}],"version-history":[{"count":0,"href":"https:\/\/portalfloresnoar.com\/floresnoar\/wp-json\/wp\/v2\/posts\/24431\/revisions"}],"wp:featuredmedia":[{"embeddable":true,"href":"https:\/\/portalfloresnoar.com\/floresnoar\/wp-json\/wp\/v2\/media\/24432"}],"wp:attachment":[{"href":"https:\/\/portalfloresnoar.com\/floresnoar\/wp-json\/wp\/v2\/media?parent=24431"}],"wp:term":[{"taxonomy":"category","embeddable":true,"href":"https:\/\/portalfloresnoar.com\/floresnoar\/wp-json\/wp\/v2\/categories?post=24431"},{"taxonomy":"post_tag","embeddable":true,"href":"https:\/\/portalfloresnoar.com\/floresnoar\/wp-json\/wp\/v2\/tags?post=24431"}],"curies":[{"name":"wp","href":"https:\/\/api.w.org\/{rel}","templated":true}]}}