

{"id":24426,"date":"2016-04-17T11:36:45","date_gmt":"2016-04-17T14:36:45","guid":{"rendered":"http:\/\/portalfloresnoar.com\/floresnoar\/?p=24426"},"modified":"2016-04-17T11:51:42","modified_gmt":"2016-04-17T14:51:42","slug":"ao-congresso-nacional-do-brasil","status":"publish","type":"post","link":"https:\/\/portalfloresnoar.com\/floresnoar\/ao-congresso-nacional-do-brasil\/","title":{"rendered":"Ao Congresso Nacional do Brasil"},"content":{"rendered":"<p><em style=\"line-height: 1.71429; letter-spacing: 0em;\">\u201cPisa ligeiro, pisa ligeiro&#8230;\u201d<\/em><\/p>\n<p>Aten\u00e7\u00e3o seu congressista<br \/>\na cada passo que der<br \/>\ncuidado no pontap\u00e9<br \/>\nn\u00e3o aja como fascista<br \/>\nn\u00e3o seja mais um golpista<br \/>\npensando s\u00f3 no dinheiro<br \/>\npois nosso povo \u00e9 guerreiro<br \/>\ne t\u00e1 pronto para briga<br \/>\n\u201cquem n\u00e3o pode com a formiga<br \/>\nn\u00e3o assanha o formigueiro.\u201d<\/p>\n<div>\n<p>N\u00f3s n\u00e3o batemos panela<br \/>\nnosso barulho \u00e9 na rua<br \/>\no medo n\u00e3o nos acua<br \/>\ne nada nos engabela<br \/>\nn\u00f3s n\u00e3o somos manivela<br \/>\nde pol\u00edtico safado<br \/>\no nosso p\u00e3o \u00e9 suado<br \/>\nrepartido em comunh\u00e3o<br \/>\nrespeitem a vota\u00e7\u00e3o<br \/>\no nosso voto \u00e9 sagrado!<\/p>\n<p>Lutamos por igualdade<br \/>\nn\u00e3o vai haver retrocesso!<br \/>\nN\u00e3o cutuque o abcesso<br \/>\nde um viver sem liberdade.<br \/>\nMate sua crueldade.<br \/>\nDe verdade, olhe pra gente<br \/>\nseja um humano decente<br \/>\ncuspa em toda ditadura<br \/>\name cada criatura<br \/>\nseja uma boa semente.<\/p>\n<p>Honramos a luta antiga<br \/>\npresentes na nova luta<br \/>\nnossa energia \u00e9 astuta,<br \/>\nvermelha, sabe o que \u00e9 briga<br \/>\nnossa corrente \u00e9 amiga<br \/>\nreaje de m\u00e3os la\u00e7adas<br \/>\nnossas almas abra\u00e7adas<br \/>\ns\u00e3o regadas de Coragem<br \/>\nlembre que tudo \u00e9 passagem<br \/>\ne cuidado com as passadas.<\/p>\n<p>A m\u00eddia comercial<br \/>\njamais nos representou<br \/>\napenas nos afundou<br \/>\nnuma manobra fatal<br \/>\nmas hoje um outro canal<br \/>\nexiste, reunindo a teia,<br \/>\nalimentando a veia<br \/>\nde v\u00e1rias informa\u00e7\u00f5es<br \/>\nviva as comunica\u00e7\u00f5es!<br \/>\ne o poder que nos rodeia!<\/p>\n<p>Lutaremos noite e dia<br \/>\npor direitos e justi\u00e7a<br \/>\nnosso sangue nos ati\u00e7a<br \/>\na viver democracia<br \/>\na terra \u00e9 a nossa guia<br \/>\no c\u00e9u nossa consci\u00eancia<br \/>\nAncestral a resist\u00eancia<br \/>\nmesti\u00e7a as nossas cores<br \/>\nlutamos pelos valores<br \/>\nverdadeiros da ess\u00eancia<\/p>\n<p>O Brasil \u00e9 nosso lar,<br \/>\nnossa terra, nossos mares,<br \/>\nnossos rios, os nossos ares<br \/>\nnossas matas, Sol, Luar!<br \/>\nEnt\u00e3o, seu parlamentar,<br \/>\natente para Verdade<br \/>\ne pense na irmandade<br \/>\ndo povo, que \u00e9 muita gente,<br \/>\nv\u00e1 al\u00e9m de seu parente<br \/>\nd\u00ea basta \u00e0 desigualdade!<\/p>\n<p>Cumpra a constitui\u00e7\u00e3o<br \/>\nisso aqui n\u00e3o \u00e9 novela<br \/>\nobserve com cautela<br \/>\ntoda essa situa\u00e7\u00e3o<br \/>\ne pense no cidad\u00e3o,<br \/>\ncom responsabilidade,<br \/>\nj\u00e1 chega de falsidade<br \/>\nhonre bem o seu mandato<br \/>\nnos represente de fato<br \/>\nescolha com lealdade<\/p>\n<p>\u00c0 mulher todo respeito<br \/>\npresidenta ou oper\u00e1ria!<br \/>\nFoque na reforma agr\u00e1ria,<br \/>\nreconhe\u00e7a o nosso pleito.<br \/>\nO nosso Pa\u00eds tem jeito<br \/>\nnosso povo \u00e9 Brasileiro<br \/>\nV\u00e1 pisando bem ligeiro<br \/>\ne recordando a cantiga:<br \/>\n\u201cquem n\u00e3o pode com a formiga<br \/>\nn\u00e3o assanha o formigueiro\u201d<\/p>\n<p>Lu Rabelo<br \/>\nRecife\/PE\/Brasil, 15\/4\/2016<\/p>\n<\/div>\n","protected":false},"excerpt":{"rendered":"<p>\u201cPisa ligeiro, pisa ligeiro&#8230;\u201d Aten\u00e7\u00e3o seu congressista a cada passo que der cuidado no pontap\u00e9 n\u00e3o aja como fascista n\u00e3o seja mais um golpista pensando s\u00f3 no dinheiro pois nosso povo \u00e9 guerreiro e t\u00e1 pronto para briga \u201cquem n\u00e3o pode com a formiga n\u00e3o assanha o formigueiro.\u201d N\u00f3s n\u00e3o batemos panela nosso barulho \u00e9 [&hellip;]<\/p>\n","protected":false},"author":1,"featured_media":24427,"comment_status":"open","ping_status":"open","sticky":false,"template":"","format":"standard","meta":{"om_disable_all_campaigns":false,"_monsterinsights_skip_tracking":false,"_monsterinsights_sitenote_active":false,"_monsterinsights_sitenote_note":"","_monsterinsights_sitenote_category":0,"footnotes":""},"categories":[13],"tags":[318,24],"acf":[],"publishpress_future_action":{"enabled":false,"date":"1969-12-31 21:00:00","action":"","terms":[],"taxonomy":"","browser_timezone_offset":0},"_links":{"self":[{"href":"https:\/\/portalfloresnoar.com\/floresnoar\/wp-json\/wp\/v2\/posts\/24426"}],"collection":[{"href":"https:\/\/portalfloresnoar.com\/floresnoar\/wp-json\/wp\/v2\/posts"}],"about":[{"href":"https:\/\/portalfloresnoar.com\/floresnoar\/wp-json\/wp\/v2\/types\/post"}],"author":[{"embeddable":true,"href":"https:\/\/portalfloresnoar.com\/floresnoar\/wp-json\/wp\/v2\/users\/1"}],"replies":[{"embeddable":true,"href":"https:\/\/portalfloresnoar.com\/floresnoar\/wp-json\/wp\/v2\/comments?post=24426"}],"version-history":[{"count":0,"href":"https:\/\/portalfloresnoar.com\/floresnoar\/wp-json\/wp\/v2\/posts\/24426\/revisions"}],"wp:featuredmedia":[{"embeddable":true,"href":"https:\/\/portalfloresnoar.com\/floresnoar\/wp-json\/wp\/v2\/media\/24427"}],"wp:attachment":[{"href":"https:\/\/portalfloresnoar.com\/floresnoar\/wp-json\/wp\/v2\/media?parent=24426"}],"wp:term":[{"taxonomy":"category","embeddable":true,"href":"https:\/\/portalfloresnoar.com\/floresnoar\/wp-json\/wp\/v2\/categories?post=24426"},{"taxonomy":"post_tag","embeddable":true,"href":"https:\/\/portalfloresnoar.com\/floresnoar\/wp-json\/wp\/v2\/tags?post=24426"}],"curies":[{"name":"wp","href":"https:\/\/api.w.org\/{rel}","templated":true}]}}