

{"id":24413,"date":"2016-02-14T19:56:11","date_gmt":"2016-02-14T22:56:11","guid":{"rendered":"http:\/\/portalfloresnoar.com\/floresnoar\/?p=24413"},"modified":"2016-04-28T08:29:53","modified_gmt":"2016-04-28T11:29:53","slug":"encontro-de-leitura-de-aura-solidaria-dia-264-no-gerar","status":"publish","type":"post","link":"https:\/\/portalfloresnoar.com\/floresnoar\/encontro-de-leitura-de-aura-solidaria-dia-264-no-gerar\/","title":{"rendered":"Encontro de Leitura de Aura Solid\u00e1ria dia 26\/4 no Gerar"},"content":{"rendered":"<p><img decoding=\"async\" loading=\"lazy\" class=\"aligncenter size-full wp-image-24029\" alt=\"leitura de aura recife\" src=\"http:\/\/portalfloresnoar.com\/floresnoar\/wp-content\/uploads\/2016\/03\/leitura-de-aura-recife.jpg\" width=\"700\" height=\"350\" srcset=\"https:\/\/portalfloresnoar.com\/floresnoar\/wp-content\/uploads\/2016\/03\/leitura-de-aura-recife.jpg 700w, https:\/\/portalfloresnoar.com\/floresnoar\/wp-content\/uploads\/2016\/03\/leitura-de-aura-recife-300x150.jpg 300w, https:\/\/portalfloresnoar.com\/floresnoar\/wp-content\/uploads\/2016\/03\/leitura-de-aura-recife-400x200.jpg 400w\" sizes=\"(max-width: 700px) 100vw, 700px\" \/><\/p>\n<p>No dia 26 de abril (ter\u00e7a-feira), das 19h \u00e0s 22h, haver\u00e1 Encontro Leitura de Aura Solid\u00e1ria no Espa\u00e7o Gerar, promovido pelo Fontes de Luz com leitores de Aura em treino.<\/p>\n<p>A Aura \u00e9 um campo energ\u00e9tico que guarda a ess\u00eancia de cada pessoa com todas as suas informa\u00e7\u00f5es, e atrav\u00e9s da leitura deste campo energ\u00e9tico \u2013 a Leitura de Aura \u2013 o estado interior \u00e9 revelado: emo\u00e7\u00f5es, pensamentos, bloqueios e potenciais.<\/p>\n<p>As Leituras de Aura s\u00e3o individuais e t\u00eam dura\u00e7\u00e3o de 30 minutos.<\/p>\n<p>Os interessados devem fazer as inscri\u00e7\u00f5es previamente atrav\u00e9s do e-mail: contato@fontesdeluz.com.br<\/p>\n<p>\u00c9 sugerida a contribui\u00e7\u00e3o de R$ 25,00.<\/p>\n<p><em>As vagas s\u00e3o limitadas!<\/em><\/p>\n<p>MAIS INFORMA\u00c7\u00d5ES<br \/>\n<strong>E-mail:<\/strong> contato@fontesdeluz.com.br<br \/>\n<strong>Fone:<\/strong> (81) 99902.0991<br \/>\n<strong>Local:<\/strong> Espa\u00e7o Gerar, Rua Jorge de Albuquerque, 103, Casa Forte, Recife-PE. Fone: (81) 3268.1749.<\/p>\n","protected":false},"excerpt":{"rendered":"<p>No dia 26 de abril (ter\u00e7a-feira), das 19h \u00e0s 22h, haver\u00e1 Encontro Leitura de Aura Solid\u00e1ria no Espa\u00e7o Gerar, promovido pelo Fontes de Luz com leitores de Aura em treino. A Aura \u00e9 um campo energ\u00e9tico que guarda a ess\u00eancia de cada pessoa com todas as suas informa\u00e7\u00f5es, e atrav\u00e9s da leitura deste campo energ\u00e9tico [&hellip;]<\/p>\n","protected":false},"author":1,"featured_media":24029,"comment_status":"open","ping_status":"open","sticky":false,"template":"","format":"standard","meta":{"om_disable_all_campaigns":false,"_monsterinsights_skip_tracking":false,"_monsterinsights_sitenote_active":false,"_monsterinsights_sitenote_note":"","_monsterinsights_sitenote_category":0,"footnotes":""},"categories":[8,214],"tags":[246],"acf":[],"publishpress_future_action":{"enabled":false,"date":"1969-12-31 21:00:00","action":"","terms":[],"taxonomy":"","browser_timezone_offset":0},"_links":{"self":[{"href":"https:\/\/portalfloresnoar.com\/floresnoar\/wp-json\/wp\/v2\/posts\/24413"}],"collection":[{"href":"https:\/\/portalfloresnoar.com\/floresnoar\/wp-json\/wp\/v2\/posts"}],"about":[{"href":"https:\/\/portalfloresnoar.com\/floresnoar\/wp-json\/wp\/v2\/types\/post"}],"author":[{"embeddable":true,"href":"https:\/\/portalfloresnoar.com\/floresnoar\/wp-json\/wp\/v2\/users\/1"}],"replies":[{"embeddable":true,"href":"https:\/\/portalfloresnoar.com\/floresnoar\/wp-json\/wp\/v2\/comments?post=24413"}],"version-history":[{"count":0,"href":"https:\/\/portalfloresnoar.com\/floresnoar\/wp-json\/wp\/v2\/posts\/24413\/revisions"}],"wp:featuredmedia":[{"embeddable":true,"href":"https:\/\/portalfloresnoar.com\/floresnoar\/wp-json\/wp\/v2\/media\/24029"}],"wp:attachment":[{"href":"https:\/\/portalfloresnoar.com\/floresnoar\/wp-json\/wp\/v2\/media?parent=24413"}],"wp:term":[{"taxonomy":"category","embeddable":true,"href":"https:\/\/portalfloresnoar.com\/floresnoar\/wp-json\/wp\/v2\/categories?post=24413"},{"taxonomy":"post_tag","embeddable":true,"href":"https:\/\/portalfloresnoar.com\/floresnoar\/wp-json\/wp\/v2\/tags?post=24413"}],"curies":[{"name":"wp","href":"https:\/\/api.w.org\/{rel}","templated":true}]}}