

{"id":24349,"date":"2016-04-08T08:51:09","date_gmt":"2016-04-08T11:51:09","guid":{"rendered":"http:\/\/portalfloresnoar.com\/floresnoar\/?p=24349"},"modified":"2016-04-13T10:35:57","modified_gmt":"2016-04-13T13:35:57","slug":"lapis-lazuli-abre-turma-de-meditacao-para-criancas-no-recife","status":"publish","type":"post","link":"https:\/\/portalfloresnoar.com\/floresnoar\/lapis-lazuli-abre-turma-de-meditacao-para-criancas-no-recife\/","title":{"rendered":"Espa\u00e7o Lapis Lazuli oferece Medita\u00e7\u00e3o para Crian\u00e7as"},"content":{"rendered":"<p style=\"text-align: center;\"><img decoding=\"async\" loading=\"lazy\" class=\"aligncenter  wp-image-24350\" alt=\"medita\u00e7\u00e3o para crian\u00e7as\" src=\"http:\/\/portalfloresnoar.com\/floresnoar\/wp-content\/uploads\/2016\/04\/medita\u00e7\u00e3o-para-crian\u00e7as.jpg\" width=\"627\" height=\"416\" srcset=\"https:\/\/portalfloresnoar.com\/floresnoar\/wp-content\/uploads\/2016\/04\/medita\u00e7\u00e3o-para-crian\u00e7as.jpg 980w, https:\/\/portalfloresnoar.com\/floresnoar\/wp-content\/uploads\/2016\/04\/medita\u00e7\u00e3o-para-crian\u00e7as-300x198.jpg 300w\" sizes=\"(max-width: 627px) 100vw, 627px\" \/><\/p>\n<p>O Espa\u00e7o Lapis Lazuli \u00a0est\u00e1 com uma turma de &#8216;Medita\u00e7\u00e3o para Crian\u00e7as&#8217;, facilitada por Aura Gabriela. Os encontros acontecem nas ter\u00e7as-feiras, das 16h \u00e0s 17h, no Lapis Lazuli da Encruzilhada, e s\u00e3o voltados para crian\u00e7as de 7 a 11 anos.<\/p>\n<p>Atrav\u00e9s de brincadeiras, viv\u00eancias e leituras a medita\u00e7\u00e3o para crian\u00e7as oferece um primeiro contato com as t\u00e9cnicas da auto-observa\u00e7\u00e3o e trabalha o desenvolvimento emocional da crian\u00e7a. &#8220;A pratica ajuda a torn\u00e1-las mais concentradas, relaxadas e conscientes&#8221;, declara a facilitadora.<\/p>\n<p>De acordo com Aura Gabriela, assim como os adultos as crian\u00e7as podem sofrer de estresse diariamente, ansiedade ou impulsividade. &#8220;A medita\u00e7\u00e3o trabalha o contato da crian\u00e7a com ela mesma, a organiza\u00e7\u00e3o das emo\u00e7\u00f5es e a paci\u00eancia diante dos desafios. Este desenvolvimento se reflete no seu dia a dia , com seus pais, professores e adultos&#8221;.<\/p>\n<p>Aura Gabriela Maximiliano\u00a0iniciou-se no Yoga aos 16 anos. \u00c9 reikiana, deekshagiver e formda em Valores Humanos pela Institui\u00e7\u00e3o Sat Sai Baba em S\u00e3o Paulo. Dirige o Instituto Inova A\u00ed!, uma organiza\u00e7\u00e3o sem fins lucrativos que realiza aulas de medita\u00e7\u00e3o para crian\u00e7as em comunidades.<\/p>\n<p>SERVI\u00c7O<br \/>\n<strong>Medita\u00e7\u00e3o para Crian\u00e7as<\/strong><br \/>\n<strong>Dia:<\/strong> ter\u00e7as-feiras<br \/>\n<strong>Hora:<\/strong> 16h \u00e0s 17h<br \/>\n<strong>Local:<\/strong> Espa\u00e7o Lapis Lazuli- Rua da Coragem, 130a Encruzilhada\/Recife-PE.<br \/>\n<strong>Faixa et\u00e1ria:<\/strong> crian\u00e7as de 7 a 11 anos de idade<br \/>\n<strong>Valor:<\/strong> R$ 120,00 por m\u00eas, (4 encontros de 60 minutos)<\/p>\n<p>MAIS INFORMA\u00c7\u00d5ES<br \/>\n<strong>Fone:<\/strong> (81) 99600-4003 TIM (Whatsapp)<br \/>\n<strong>E-mail:<\/strong> meditar-pe@gmail.com<\/p>\n<p><strong>Acesse o mapa com o\u00a0endere\u00e7o do Lapis Lazuli:<\/strong><br \/>\n<a href=\"https:\/\/goo.gl\/maps\/bH8Ht\" target=\"_blank\">https:\/\/goo.gl\/maps\/bH8Ht<\/a><\/p>\n<p><strong>Para acompanhar o evento no Facebook entre no link abaixo:<\/strong><br \/>\n<a href=\"https:\/\/www.facebook.com\/events\/1697974720491620\/\" target=\"_blank\">https:\/\/www.facebook.com\/events\/1697974720491620\/<\/a><\/p>\n","protected":false},"excerpt":{"rendered":"<p>O Espa\u00e7o Lapis Lazuli \u00a0est\u00e1 com uma turma de &#8216;Medita\u00e7\u00e3o para Crian\u00e7as&#8217;, facilitada por Aura Gabriela. Os encontros acontecem nas ter\u00e7as-feiras, das 16h \u00e0s 17h, no Lapis Lazuli da Encruzilhada, e s\u00e3o voltados para crian\u00e7as de 7 a 11 anos. Atrav\u00e9s de brincadeiras, viv\u00eancias e leituras a medita\u00e7\u00e3o para crian\u00e7as oferece um primeiro contato com [&hellip;]<\/p>\n","protected":false},"author":1,"featured_media":24350,"comment_status":"open","ping_status":"open","sticky":false,"template":"","format":"standard","meta":{"om_disable_all_campaigns":false,"_monsterinsights_skip_tracking":false,"_monsterinsights_sitenote_active":false,"_monsterinsights_sitenote_note":"","_monsterinsights_sitenote_category":0,"footnotes":""},"categories":[8,224,214],"tags":[120,43],"acf":[],"publishpress_future_action":{"enabled":false,"date":"1969-12-31 21:00:00","action":"","terms":[],"taxonomy":"","browser_timezone_offset":0},"_links":{"self":[{"href":"https:\/\/portalfloresnoar.com\/floresnoar\/wp-json\/wp\/v2\/posts\/24349"}],"collection":[{"href":"https:\/\/portalfloresnoar.com\/floresnoar\/wp-json\/wp\/v2\/posts"}],"about":[{"href":"https:\/\/portalfloresnoar.com\/floresnoar\/wp-json\/wp\/v2\/types\/post"}],"author":[{"embeddable":true,"href":"https:\/\/portalfloresnoar.com\/floresnoar\/wp-json\/wp\/v2\/users\/1"}],"replies":[{"embeddable":true,"href":"https:\/\/portalfloresnoar.com\/floresnoar\/wp-json\/wp\/v2\/comments?post=24349"}],"version-history":[{"count":0,"href":"https:\/\/portalfloresnoar.com\/floresnoar\/wp-json\/wp\/v2\/posts\/24349\/revisions"}],"wp:featuredmedia":[{"embeddable":true,"href":"https:\/\/portalfloresnoar.com\/floresnoar\/wp-json\/wp\/v2\/media\/24350"}],"wp:attachment":[{"href":"https:\/\/portalfloresnoar.com\/floresnoar\/wp-json\/wp\/v2\/media?parent=24349"}],"wp:term":[{"taxonomy":"category","embeddable":true,"href":"https:\/\/portalfloresnoar.com\/floresnoar\/wp-json\/wp\/v2\/categories?post=24349"},{"taxonomy":"post_tag","embeddable":true,"href":"https:\/\/portalfloresnoar.com\/floresnoar\/wp-json\/wp\/v2\/tags?post=24349"}],"curies":[{"name":"wp","href":"https:\/\/api.w.org\/{rel}","templated":true}]}}