

{"id":24330,"date":"2016-02-07T09:55:45","date_gmt":"2016-02-07T12:55:45","guid":{"rendered":"http:\/\/portalfloresnoar.com\/floresnoar\/?p=24330"},"modified":"2016-04-12T09:48:58","modified_gmt":"2016-04-12T12:48:58","slug":"a-poesia-visceral-de-graca-nascimento-nesta-sexta-no-vapor-comedoria-e-bar","status":"publish","type":"post","link":"https:\/\/portalfloresnoar.com\/floresnoar\/a-poesia-visceral-de-graca-nascimento-nesta-sexta-no-vapor-comedoria-e-bar\/","title":{"rendered":"A poesia visceral de Gra\u00e7a Nascimento dia 8\/4 no Vapor Comedoria e Bar"},"content":{"rendered":"<p style=\"text-align: center;\"><img decoding=\"async\" loading=\"lazy\" class=\"aligncenter  wp-image-24331\" alt=\"gra\u00e7a nascimento\" src=\"http:\/\/portalfloresnoar.com\/floresnoar\/wp-content\/uploads\/2016\/04\/gra\u00e7a-nascimento.jpg\" width=\"621\" height=\"372\" srcset=\"https:\/\/portalfloresnoar.com\/floresnoar\/wp-content\/uploads\/2016\/04\/gra\u00e7a-nascimento.jpg 776w, https:\/\/portalfloresnoar.com\/floresnoar\/wp-content\/uploads\/2016\/04\/gra\u00e7a-nascimento-300x179.jpg 300w\" sizes=\"(max-width: 621px) 100vw, 621px\" \/><\/p>\n<p>Nesta sexta-feira (8), a poesia visceral, lasciva e contempor\u00e2nea da canhotinhense Gra\u00e7a Nascimento vai tomar conta da noite #VaporePoesia do apor Bar e Comedoria. Acompanhando a poeta, uma nova gera\u00e7\u00e3o de m\u00fasicos pra engrossar o caldo: Miguel Marinho (pandeiro) e Ednardo Dali (viol\u00e3o), de S\u00e3o Jos\u00e9 do Egito e a percuss\u00e3o de Felipe Weinberg (percuss\u00e3o). A casa abre a partir das 19h e o show come\u00e7a \u00e0s 21h. A contribui\u00e7\u00e3o art\u00edstica \u00e9 de R$ 7,00.<\/p>\n<p>Gra\u00e7a Nascimento nasceu em Canhotinho, Agreste de Pernambuco. Desde a inf\u00e2ncia inquieta-se \u00e0s sensa\u00e7\u00f5es do corpo e da alma. N\u00e3o demorou para essa sensibilidade se refletir na arte de fazer poesia. Come\u00e7ou a escrever na adolesc\u00eancia e nunca mais parou. Uma poesia livre na est\u00e9tica e no conte\u00fado. Nos anos 80, Gra\u00e7a &#8211; irm\u00e3 do tamb\u00e9m poeta e m\u00fasico Zeto, companheiro de Bia Marinho, cantora e filha do grande repentista Louro do Paje\u00fa &#8211; se encontrou no universo da cantoria e do repente. Com dois livros publicados, mant\u00e9m-se ativa e f\u00e9rtil nas redes sociais e prepara um novo filho, seu pr\u00f3ximo DVD. Acompanhando a veterana, um pano de fundo competente engrossa o caldo:Miguel Marinho (pandeiro) e Ednardo Dali (viol\u00e3o), ambos de S\u00e3o Jos\u00e9 do Egito e a percuss\u00e3o do arcoverdense Felipe Weinberg (percuss\u00e3o), promessas da nova m\u00fasica pernambucana, d\u00e3o o tom que promete embalar a noite com muita m\u00fasica boa.<\/p>\n<p>SERVI\u00c7O<br \/>\n<strong>Vapor e Poesia com Gra\u00e7a Nascimento +Ednardo Dali (viol\u00e3o) +Miguel Marinho (pandeiro) +Felipe Weinberg (percuss\u00e3o)<\/strong><br \/>\n<strong>Quando?<\/strong> 08\/04 (sexta)<br \/>\n<strong>Hora?<\/strong> a partir das 21h<br \/>\n<strong>Onde?<\/strong> Rua Rocha Pita, n\u00ba 108, bairro de Santo Amaro (Recife|PE)<br \/>\n<strong>Couvert:<\/strong> R$ 7,00<br \/>\n<em>* A casa abre \u00e0s 19h e aceita todos os cart\u00f5es.<\/em><\/p>\n<p>\u200b<b>Mais informa\u00e7\u00f5es:\u00a0<\/b><br \/>\n<a href=\"mailto:biancapimenttel@gmail.com\" target=\"_blank\">biancapimenttel@gmail.com<\/a>\u00a0| 9 9296-5833<br \/>\n<a href=\"https:\/\/www.facebook.com\/vaporcomedoria\" target=\"_blank\">https:\/\/www.facebook.com\/<wbr \/>vaporcomedoria<\/a><br \/>\ninsta: @vaporcomedoria\u200b<\/p>\n<p><em><strong>V\u00eddeos com Gra\u00e7a Nascimento:<\/strong><\/em><\/p>\n<div><span style=\"font-family: 'trebuchet ms', sans-serif;\"><a href=\"https:\/\/www.youtube.com\/watch?v=-xfE423H5sQ&amp;nohtml5=False\" target=\"_blank\">https:\/\/www.youtube.com\/watch?<wbr \/>v=-xfE423H5sQ&amp;nohtml5=False<\/a><\/span><\/div>\n<div><span style=\"font-family: 'trebuchet ms', sans-serif;\"><a href=\"https:\/\/www.youtube.com\/watch?v=vx4lXpGtQCA&amp;nohtml5=False\" target=\"_blank\">https:\/\/www.youtube.com\/watch?<wbr \/>v=vx4lXpGtQCA&amp;nohtml5=False<\/a><\/span><\/div>\n<div><span style=\"font-family: 'trebuchet ms', sans-serif;\"><a href=\"https:\/\/www.youtube.com\/watch?v=VYVpu1V8aW4&amp;nohtml5=False\" target=\"_blank\">https:\/\/www.youtube.com\/watch?<wbr \/>v=VYVpu1V8aW4&amp;nohtml5=False<\/a><\/span><\/div>\n<div><a href=\"https:\/\/www.youtube.com\/watch?v=hDYKuQH5k80&amp;nohtml5=False\" target=\"_blank\"><span style=\"font-family: 'trebuchet ms', sans-serif;\">https:\/\/www.youtube.com\/watch?<wbr \/>v=hDYKuQH5k80&amp;nohtml5=False<\/span><\/a><\/div>\n","protected":false},"excerpt":{"rendered":"<p>Nesta sexta-feira (8), a poesia visceral, lasciva e contempor\u00e2nea da canhotinhense Gra\u00e7a Nascimento vai tomar conta da noite #VaporePoesia do apor Bar e Comedoria. Acompanhando a poeta, uma nova gera\u00e7\u00e3o de m\u00fasicos pra engrossar o caldo: Miguel Marinho (pandeiro) e Ednardo Dali (viol\u00e3o), de S\u00e3o Jos\u00e9 do Egito e a percuss\u00e3o de Felipe Weinberg (percuss\u00e3o). [&hellip;]<\/p>\n","protected":false},"author":1,"featured_media":24331,"comment_status":"open","ping_status":"open","sticky":false,"template":"","format":"standard","meta":{"om_disable_all_campaigns":false,"_monsterinsights_skip_tracking":false,"_monsterinsights_sitenote_active":false,"_monsterinsights_sitenote_note":"","_monsterinsights_sitenote_category":0,"footnotes":""},"categories":[8,214],"tags":[125],"acf":[],"publishpress_future_action":{"enabled":false,"date":"1969-12-31 21:00:00","action":"","terms":[],"taxonomy":"","browser_timezone_offset":0},"_links":{"self":[{"href":"https:\/\/portalfloresnoar.com\/floresnoar\/wp-json\/wp\/v2\/posts\/24330"}],"collection":[{"href":"https:\/\/portalfloresnoar.com\/floresnoar\/wp-json\/wp\/v2\/posts"}],"about":[{"href":"https:\/\/portalfloresnoar.com\/floresnoar\/wp-json\/wp\/v2\/types\/post"}],"author":[{"embeddable":true,"href":"https:\/\/portalfloresnoar.com\/floresnoar\/wp-json\/wp\/v2\/users\/1"}],"replies":[{"embeddable":true,"href":"https:\/\/portalfloresnoar.com\/floresnoar\/wp-json\/wp\/v2\/comments?post=24330"}],"version-history":[{"count":0,"href":"https:\/\/portalfloresnoar.com\/floresnoar\/wp-json\/wp\/v2\/posts\/24330\/revisions"}],"wp:featuredmedia":[{"embeddable":true,"href":"https:\/\/portalfloresnoar.com\/floresnoar\/wp-json\/wp\/v2\/media\/24331"}],"wp:attachment":[{"href":"https:\/\/portalfloresnoar.com\/floresnoar\/wp-json\/wp\/v2\/media?parent=24330"}],"wp:term":[{"taxonomy":"category","embeddable":true,"href":"https:\/\/portalfloresnoar.com\/floresnoar\/wp-json\/wp\/v2\/categories?post=24330"},{"taxonomy":"post_tag","embeddable":true,"href":"https:\/\/portalfloresnoar.com\/floresnoar\/wp-json\/wp\/v2\/tags?post=24330"}],"curies":[{"name":"wp","href":"https:\/\/api.w.org\/{rel}","templated":true}]}}