

{"id":24303,"date":"2016-04-23T09:47:25","date_gmt":"2016-04-23T12:47:25","guid":{"rendered":"http:\/\/portalfloresnoar.com\/floresnoar\/?p=24303"},"modified":"2016-04-28T08:33:26","modified_gmt":"2016-04-28T11:33:26","slug":"encontro-de-biodanca-dia-30-de-abril-em-aldeia","status":"publish","type":"post","link":"https:\/\/portalfloresnoar.com\/floresnoar\/encontro-de-biodanca-dia-30-de-abril-em-aldeia\/","title":{"rendered":"Encontro de Biodan\u00e7a dia 30 de abril em Aldeia"},"content":{"rendered":"<p><img decoding=\"async\" loading=\"lazy\" class=\"aligncenter size-full wp-image-21243\" alt=\"Biodan\u00e7a Fevereiro\" src=\"http:\/\/portalfloresnoar.com\/floresnoar\/wp-content\/uploads\/2015\/06\/Biodan\u00e7a-Fevereiro1.jpg\" width=\"723\" height=\"429\" srcset=\"https:\/\/portalfloresnoar.com\/floresnoar\/wp-content\/uploads\/2015\/06\/Biodan\u00e7a-Fevereiro1.jpg 723w, https:\/\/portalfloresnoar.com\/floresnoar\/wp-content\/uploads\/2015\/06\/Biodan\u00e7a-Fevereiro1-300x178.jpg 300w\" sizes=\"(max-width: 723px) 100vw, 723px\" \/><\/p>\n<p>No dia 30 de abril, das 10h \u00e0s 18h, tem Biodan\u00e7a na Ch\u00e1cara Esmeralda &#8211; Espa\u00e7o Lapis Lazuli unidade Aldeia. Os encontros acontecem sempre no \u00faltimo s\u00e1bado de cada m\u00eas.<\/p>\n<p>&#8220;A Biodan\u00e7a \u00e9 um trabalho realizado em grupo que estimula o aprendizado da comunica\u00e7\u00e3o, do cuidado e da coopera\u00e7\u00e3o, o que leva as pessoas a se relacionarem melhor e estabelecer v\u00ednculos afetivos. A pr\u00e1tica estimula a renova\u00e7\u00e3o e equil\u00edbrio org\u00e2nico, a resist\u00eancia imunol\u00f3gica, a energia vital e disposi\u00e7\u00e3o para a a\u00e7\u00e3o, substituindo o estresse pela harmonia&#8221;, declara o facilitador Roberto Pagano.<\/p>\n<p>SERVI\u00c7O<br \/>\n<strong>Grupo mensal de Biodan\u00e7a <\/strong><br \/>\nData: sempre no \u00faltimo s\u00e1bado. Pr\u00f3ximo encontro: 30 de abril de 2016.<br \/>\nLocal: Ch\u00e1cara Esmeralda-Rua Breno Martins, s\/n\u00ba-Estrada de Aldeia, km 8,2.<br \/>\nMensalidade: R$ 80,00 (individual); R$ 120,00 (casal)<\/p>\n<p style=\"text-align: center;\"><img decoding=\"async\" loading=\"lazy\" class=\"aligncenter  wp-image-19812\" alt=\"roteiro chacara esmeralda\" src=\"http:\/\/portalfloresnoar.com\/floresnoar\/wp-content\/uploads\/2015\/02\/roteiro-chacara-esmeralda.jpg\" width=\"602\" height=\"454\" srcset=\"https:\/\/portalfloresnoar.com\/floresnoar\/wp-content\/uploads\/2015\/02\/roteiro-chacara-esmeralda.jpg 752w, https:\/\/portalfloresnoar.com\/floresnoar\/wp-content\/uploads\/2015\/02\/roteiro-chacara-esmeralda-300x226.jpg 300w, https:\/\/portalfloresnoar.com\/floresnoar\/wp-content\/uploads\/2015\/02\/roteiro-chacara-esmeralda-160x120.jpg 160w\" sizes=\"(max-width: 602px) 100vw, 602px\" \/><\/p>\n","protected":false},"excerpt":{"rendered":"<p>No dia 30 de abril, das 10h \u00e0s 18h, tem Biodan\u00e7a na Ch\u00e1cara Esmeralda &#8211; Espa\u00e7o Lapis Lazuli unidade Aldeia. Os encontros acontecem sempre no \u00faltimo s\u00e1bado de cada m\u00eas. &#8220;A Biodan\u00e7a \u00e9 um trabalho realizado em grupo que estimula o aprendizado da comunica\u00e7\u00e3o, do cuidado e da coopera\u00e7\u00e3o, o que leva as pessoas a [&hellip;]<\/p>\n","protected":false},"author":1,"featured_media":21243,"comment_status":"open","ping_status":"open","sticky":false,"template":"","format":"standard","meta":{"om_disable_all_campaigns":false,"_monsterinsights_skip_tracking":false,"_monsterinsights_sitenote_active":false,"_monsterinsights_sitenote_note":"","_monsterinsights_sitenote_category":0,"footnotes":""},"categories":[8,224,214],"tags":[66,304],"acf":[],"publishpress_future_action":{"enabled":false,"date":"1969-12-31 21:00:00","action":"","terms":[],"taxonomy":"","browser_timezone_offset":0},"_links":{"self":[{"href":"https:\/\/portalfloresnoar.com\/floresnoar\/wp-json\/wp\/v2\/posts\/24303"}],"collection":[{"href":"https:\/\/portalfloresnoar.com\/floresnoar\/wp-json\/wp\/v2\/posts"}],"about":[{"href":"https:\/\/portalfloresnoar.com\/floresnoar\/wp-json\/wp\/v2\/types\/post"}],"author":[{"embeddable":true,"href":"https:\/\/portalfloresnoar.com\/floresnoar\/wp-json\/wp\/v2\/users\/1"}],"replies":[{"embeddable":true,"href":"https:\/\/portalfloresnoar.com\/floresnoar\/wp-json\/wp\/v2\/comments?post=24303"}],"version-history":[{"count":0,"href":"https:\/\/portalfloresnoar.com\/floresnoar\/wp-json\/wp\/v2\/posts\/24303\/revisions"}],"wp:featuredmedia":[{"embeddable":true,"href":"https:\/\/portalfloresnoar.com\/floresnoar\/wp-json\/wp\/v2\/media\/21243"}],"wp:attachment":[{"href":"https:\/\/portalfloresnoar.com\/floresnoar\/wp-json\/wp\/v2\/media?parent=24303"}],"wp:term":[{"taxonomy":"category","embeddable":true,"href":"https:\/\/portalfloresnoar.com\/floresnoar\/wp-json\/wp\/v2\/categories?post=24303"},{"taxonomy":"post_tag","embeddable":true,"href":"https:\/\/portalfloresnoar.com\/floresnoar\/wp-json\/wp\/v2\/tags?post=24303"}],"curies":[{"name":"wp","href":"https:\/\/api.w.org\/{rel}","templated":true}]}}