

{"id":24237,"date":"2016-02-12T12:52:46","date_gmt":"2016-02-12T15:52:46","guid":{"rendered":"http:\/\/portalfloresnoar.com\/floresnoar\/?p=24237"},"modified":"2016-04-04T10:52:09","modified_gmt":"2016-04-04T13:52:09","slug":"banda-pernambalcanica-nos-moscada-anima-vapor-comedoria-nesta-sexta","status":"publish","type":"post","link":"https:\/\/portalfloresnoar.com\/floresnoar\/banda-pernambalcanica-nos-moscada-anima-vapor-comedoria-nesta-sexta\/","title":{"rendered":"Banda pernambalc\u00e2nica N\u00f3s Moscada anima o Vapor Comedoria"},"content":{"rendered":"<p>Abrindo a programa\u00e7\u00e3o musical do m\u00eas de abril do Vapor Comedoria e Bar, o grupo N\u00f3s Moscada realiza show nesta sexta-feira, dia 1 de abril\/2016, \u00e0s 21h. O grupo, que \u00e9 formado pela francesa Marie Charlotte (voz, flauta e clarinete) e os pernambucanos Forllan (viol\u00e3o, guitarra e vocais), Emanuel Epaminondas (baixo) e Rodrigo Gond\u00e3o (percuss\u00e3o), misturam sonoridades que ultrapassam as fronteiras do atl\u00e2ntico criando um novo estilo, a m\u00fasica Pernambalc\u00e2nica, nome carinhosamente dado pelo grupo que mistura m\u00fasica \u00e1rabe e balc\u00e2nica, do leste europeu, com ritmos pernambucanos.<\/p>\n<p>O grupo vem se apresentando em palcos e casas noturnas da cidade do Recife e j\u00e1 participou do Palco Pop no Festival de Inverno de Garanhuns \u2013 FIG, al\u00e9m de excursionar em uma petite tourn\u00e9e pelo eixo Rio\/S\u00e3o Paulo ao lado da banda pernambucana Mexidinho. Se apresentaram no conceituado Est\u00fadio \u00c1udio Rebel, Festa Junkie Session e Armaz\u00e9m S\u00e3o Joaquim no Rio de Janeiro e tamb\u00e9m no Espa\u00e7o Parlapat\u00f5es, Nossa Casa Confraria das Ideias e Kabul Bar, na cidade de S\u00e3o Paulo. Na bagagem o grupo re\u00fane um trabalho de pesquisa musical nas cidades de Leipzig e Berlim, na Alemanha, al\u00e9m de Paris, Lyon e Manton, na Fran\u00e7a. O show come\u00e7a \u00e0s 21h e a contribui\u00e7\u00e3o art\u00edstica \u00e9 de R$ 7,00.<\/p>\n<p>O Vapor Comedoria e Bar, espa\u00e7o que vem desde dezembro de 2015 contribuindo para a nova cena cultural e sustent\u00e1vel no Recife, fica na Rua Rocha Pita, n\u00ba 108, no bairro de Santo Amaro. O espa\u00e7o, al\u00e9m de boa gastronomia a pre\u00e7os justos promove exposi\u00e7\u00f5es art\u00edsticas, projetos de m\u00fasica e poesia, trabalhados de forma colaborativa, sempre sugerindo uma contribui\u00e7\u00e3o volunt\u00e1ria do p\u00fablico para ajudar a manter as apresenta\u00e7\u00f5es na casa.<\/p>\n<p>Todas as sextas \u00e0 noite, a casa abre para shows de bandas e artistas da cena local. J\u00e1 se apresentaram o cantor e compositor Marco Polo (Ave Sangria), Vertin Moura, Clayton Barros (Cordel do Fogo Encantado), Helton Moura, Ol\u00edvia Fancello, Fred Cai\u00e7ara, Rosana Simpson, Lu Rabelo, Elsa Bonnet, os poetas Mir\u00f3 e Luna Vitrolira, entre outros m\u00fasicos, Djs e poetas.<\/p>\n<p>O local tamb\u00e9m abriga uma loja ecocultural, a #lembreidetu, que vende produtos de v\u00e1rios artes\u00e3os e empreendedores locais fortalecendo o conceito de economia solid\u00e1ria. Outra boa a\u00e7\u00e3o do espa\u00e7o \u00e9 a gest\u00e3o dos res\u00edduos produzidos, a\u00e7\u00e3o gerenciada pelo sistema GIROS \u2013 Gest\u00e3o Integrada de Res\u00edduos Org\u00e2nicos e Secos, que desenvolve a\u00e7\u00f5es de consumo consciente e a pr\u00e1tica da separa\u00e7\u00e3o correta do lixo, destinando-o para cooperativas de catadores da regi\u00e3o.<\/p>\n<p>SERVI\u00c7O<br \/>\n<strong>#MaisVapor com N\u00f3s Moscada<\/strong><br \/>\nLocal: Vapor Comedoria e Bar (Rua Rocha Pita, 108 \u2013 Santo Amaro \u2013 Recife|PE)<br \/>\nDia: 01\/04\/2016 (sexta-feira)<br \/>\nHor\u00e1rio: 21h<br \/>\nCouvert: R$ 7,00<\/p>\n<p><strong>Mais informa\u00e7\u00f5es:<\/strong> biancapimenttel@gmail.com | 81 9296-5833<\/p>\n<p><a href=\"https:\/\/www.facebook.com\/vaporcomedoria\" target=\"_blank\"><span style=\"line-height: 1.71429; letter-spacing: 0em;\">https:\/\/www.facebook.com\/vaporcomedoria<\/span><\/a><\/p>\n<p>&nbsp;<\/p>\n","protected":false},"excerpt":{"rendered":"<p>Abrindo a programa\u00e7\u00e3o musical do m\u00eas de abril do Vapor Comedoria e Bar, o grupo N\u00f3s Moscada realiza show nesta sexta-feira, dia 1 de abril\/2016, \u00e0s 21h. O grupo, que \u00e9 formado pela francesa Marie Charlotte (voz, flauta e clarinete) e os pernambucanos Forllan (viol\u00e3o, guitarra e vocais), Emanuel Epaminondas (baixo) e Rodrigo Gond\u00e3o (percuss\u00e3o), [&hellip;]<\/p>\n","protected":false},"author":1,"featured_media":24238,"comment_status":"open","ping_status":"open","sticky":false,"template":"","format":"standard","meta":{"om_disable_all_campaigns":false,"_monsterinsights_skip_tracking":false,"_monsterinsights_sitenote_active":false,"_monsterinsights_sitenote_note":"","_monsterinsights_sitenote_category":0,"footnotes":""},"categories":[8,214],"tags":[125],"acf":[],"publishpress_future_action":{"enabled":false,"date":"1969-12-31 21:00:00","action":"","terms":[],"taxonomy":"","browser_timezone_offset":0},"_links":{"self":[{"href":"https:\/\/portalfloresnoar.com\/floresnoar\/wp-json\/wp\/v2\/posts\/24237"}],"collection":[{"href":"https:\/\/portalfloresnoar.com\/floresnoar\/wp-json\/wp\/v2\/posts"}],"about":[{"href":"https:\/\/portalfloresnoar.com\/floresnoar\/wp-json\/wp\/v2\/types\/post"}],"author":[{"embeddable":true,"href":"https:\/\/portalfloresnoar.com\/floresnoar\/wp-json\/wp\/v2\/users\/1"}],"replies":[{"embeddable":true,"href":"https:\/\/portalfloresnoar.com\/floresnoar\/wp-json\/wp\/v2\/comments?post=24237"}],"version-history":[{"count":0,"href":"https:\/\/portalfloresnoar.com\/floresnoar\/wp-json\/wp\/v2\/posts\/24237\/revisions"}],"wp:featuredmedia":[{"embeddable":true,"href":"https:\/\/portalfloresnoar.com\/floresnoar\/wp-json\/wp\/v2\/media\/24238"}],"wp:attachment":[{"href":"https:\/\/portalfloresnoar.com\/floresnoar\/wp-json\/wp\/v2\/media?parent=24237"}],"wp:term":[{"taxonomy":"category","embeddable":true,"href":"https:\/\/portalfloresnoar.com\/floresnoar\/wp-json\/wp\/v2\/categories?post=24237"},{"taxonomy":"post_tag","embeddable":true,"href":"https:\/\/portalfloresnoar.com\/floresnoar\/wp-json\/wp\/v2\/tags?post=24237"}],"curies":[{"name":"wp","href":"https:\/\/api.w.org\/{rel}","templated":true}]}}