

{"id":24234,"date":"2016-02-11T11:06:22","date_gmt":"2016-02-11T14:06:22","guid":{"rendered":"http:\/\/portalfloresnoar.com\/floresnoar\/?p=24234"},"modified":"2016-04-04T10:46:36","modified_gmt":"2016-04-04T13:46:36","slug":"banda-2i-celebra-neste-sabado-reinauguracao-do-brecho-peguei-abuso","status":"publish","type":"post","link":"https:\/\/portalfloresnoar.com\/floresnoar\/banda-2i-celebra-neste-sabado-reinauguracao-do-brecho-peguei-abuso\/","title":{"rendered":"Banda 2i celebra reinaugura\u00e7\u00e3o do Brech\u00f3 Peguei Abuso"},"content":{"rendered":"<figure id=\"attachment_24235\" aria-describedby=\"caption-attachment-24235\" style=\"width: 614px\" class=\"wp-caption aligncenter\"><img decoding=\"async\" loading=\"lazy\" class=\" wp-image-24235\" alt=\"banda 2i\" src=\"http:\/\/portalfloresnoar.com\/floresnoar\/wp-content\/uploads\/2016\/03\/banda-2i.jpg\" width=\"614\" height=\"410\" srcset=\"https:\/\/portalfloresnoar.com\/floresnoar\/wp-content\/uploads\/2016\/03\/banda-2i.jpg 960w, https:\/\/portalfloresnoar.com\/floresnoar\/wp-content\/uploads\/2016\/03\/banda-2i-300x200.jpg 300w\" sizes=\"(max-width: 614px) 100vw, 614px\" \/><figcaption id=\"caption-attachment-24235\" class=\"wp-caption-text\">Foto: Divulga\u00e7\u00e3o<\/figcaption><\/figure>\n<p>A banda \u20182i\u2019 e seu repert\u00f3rio com muito samba e m\u00fasica brasileira foi convocada para agitar a reinaugura\u00e7\u00e3o do Brech\u00f3 Peguei Abuso, que acontece no dia 2\/4\/2016, a partir das 15h30, em Santo Amaro. O evento gratuito celebra a mudan\u00e7a da marca \u2013 entre as mais queridas no segmento de moda sustent\u00e1vel de Pernambuco \u2013 de endere\u00e7o e tamb\u00e9m de dire\u00e7\u00e3o. Ap\u00f3s 3 anos, a jornalista e fundadora Manuella Bezerra de Melo, passa o bast\u00e3o para a fot\u00f3grafa Mar\u00edlia T\u00e1vora, que assume o brech\u00f3 em uma nova estrutura com um formato ainda mais arrojado.<\/p>\n<p>Desde a funda\u00e7\u00e3o da marca at\u00e9 hoje, cerca de 5 mil pe\u00e7as usadas foram comercializadas pelo brech\u00f3, incluindo os eventos, o brech\u00f3 permanente e as vendas on line atrav\u00e9s das redes sociais; uma alternativa para quem quer vestir-se bem e economizar tendo, ainda, uma atitude consciente.<\/p>\n<p>&#8220;N\u00e3o h\u00e1 d\u00favidas que brech\u00f3 \u00e9, cada vez mais, uma oportunidade de reciclar, de dar espa\u00e7o a uma moda mais sustent\u00e1vel. N\u00e3o \u00e9 mais necess\u00e1rio gastar tanto dinheiro para estar bem vestida\u201d, disse Mar\u00edlia, animada com o segmento. \u201cMuitas pe\u00e7as chegam praticamente novas, tendo sido usadas apenas uma vez. O valor de repasse pode cair at\u00e9 70% a depender do produto. \u00c9 uma chance de comprar mas tamb\u00e9m de dar destino aquelas roupas encostadas no guarda-roupa&#8221;, finalizou.<\/p>\n<p>Entre as pe\u00e7as do acervo de v\u00e1rias convidadas, roupas, sapatos, bolsas, acess\u00f3rios e cintos. Pra fechar o s\u00e1bado de brech\u00f3 Peguei Abuso, samba, chopp artesanal Ek\u00e4ut e comidinhas veganas da bike food Um Lugar deixam o Happy Hour ainda mais gostoso.<\/p>\n<p>SERVI\u00c7O<br \/>\n<strong>Brech\u00f3 Peguei Abuso<\/strong><br \/>\n2\/4\/2016<br \/>\na partir das 15h30<br \/>\nRua Alvares de Azevedo, 208, Santo Amaro\u00a0(Pr\u00f3ximo ao Hospital Oswaldo Cruz)<br \/>\nAceita D\u00e9bito e Cr\u00e9dito (Visa ou Mastercard)<br \/>\nFone: 81 99696 469<\/p>\n","protected":false},"excerpt":{"rendered":"<p>A banda \u20182i\u2019 e seu repert\u00f3rio com muito samba e m\u00fasica brasileira foi convocada para agitar a reinaugura\u00e7\u00e3o do Brech\u00f3 Peguei Abuso, que acontece no dia 2\/4\/2016, a partir das 15h30, em Santo Amaro. O evento gratuito celebra a mudan\u00e7a da marca \u2013 entre as mais queridas no segmento de moda sustent\u00e1vel de Pernambuco \u2013 [&hellip;]<\/p>\n","protected":false},"author":1,"featured_media":24235,"comment_status":"open","ping_status":"open","sticky":false,"template":"","format":"standard","meta":{"om_disable_all_campaigns":false,"_monsterinsights_skip_tracking":false,"_monsterinsights_sitenote_active":false,"_monsterinsights_sitenote_note":"","_monsterinsights_sitenote_category":0,"footnotes":""},"categories":[8,214],"tags":[125],"acf":[],"publishpress_future_action":{"enabled":false,"date":"1969-12-31 21:00:00","action":"","terms":[],"taxonomy":"","browser_timezone_offset":0},"_links":{"self":[{"href":"https:\/\/portalfloresnoar.com\/floresnoar\/wp-json\/wp\/v2\/posts\/24234"}],"collection":[{"href":"https:\/\/portalfloresnoar.com\/floresnoar\/wp-json\/wp\/v2\/posts"}],"about":[{"href":"https:\/\/portalfloresnoar.com\/floresnoar\/wp-json\/wp\/v2\/types\/post"}],"author":[{"embeddable":true,"href":"https:\/\/portalfloresnoar.com\/floresnoar\/wp-json\/wp\/v2\/users\/1"}],"replies":[{"embeddable":true,"href":"https:\/\/portalfloresnoar.com\/floresnoar\/wp-json\/wp\/v2\/comments?post=24234"}],"version-history":[{"count":0,"href":"https:\/\/portalfloresnoar.com\/floresnoar\/wp-json\/wp\/v2\/posts\/24234\/revisions"}],"wp:featuredmedia":[{"embeddable":true,"href":"https:\/\/portalfloresnoar.com\/floresnoar\/wp-json\/wp\/v2\/media\/24235"}],"wp:attachment":[{"href":"https:\/\/portalfloresnoar.com\/floresnoar\/wp-json\/wp\/v2\/media?parent=24234"}],"wp:term":[{"taxonomy":"category","embeddable":true,"href":"https:\/\/portalfloresnoar.com\/floresnoar\/wp-json\/wp\/v2\/categories?post=24234"},{"taxonomy":"post_tag","embeddable":true,"href":"https:\/\/portalfloresnoar.com\/floresnoar\/wp-json\/wp\/v2\/tags?post=24234"}],"curies":[{"name":"wp","href":"https:\/\/api.w.org\/{rel}","templated":true}]}}