

{"id":24179,"date":"2016-02-12T10:03:15","date_gmt":"2016-02-12T13:03:15","guid":{"rendered":"http:\/\/portalfloresnoar.com\/floresnoar\/?p=24179"},"modified":"2016-03-30T13:51:42","modified_gmt":"2016-03-30T16:51:42","slug":"espetaculo-il-trasporto-umano-sera-apresentado-dias-28-e-293-no-colombia-circus-em-ipojuca","status":"publish","type":"post","link":"https:\/\/portalfloresnoar.com\/floresnoar\/espetaculo-il-trasporto-umano-sera-apresentado-dias-28-e-293-no-colombia-circus-em-ipojuca\/","title":{"rendered":"Espet\u00e1culo Il Trasporto Umano ser\u00e1 apresentado dias 28 e 29\/3 no Col\u00f4mbia Circus, em Ipojuca"},"content":{"rendered":"<figure id=\"attachment_24180\" aria-describedby=\"caption-attachment-24180\" style=\"width: 605px\" class=\"wp-caption aligncenter\"><img decoding=\"async\" loading=\"lazy\" class=\" wp-image-24180  \" alt=\"il transporto\" src=\"http:\/\/portalfloresnoar.com\/floresnoar\/wp-content\/uploads\/2016\/03\/il-transporto.jpg\" width=\"605\" height=\"605\" srcset=\"https:\/\/portalfloresnoar.com\/floresnoar\/wp-content\/uploads\/2016\/03\/il-transporto.jpg 960w, https:\/\/portalfloresnoar.com\/floresnoar\/wp-content\/uploads\/2016\/03\/il-transporto-150x150.jpg 150w, https:\/\/portalfloresnoar.com\/floresnoar\/wp-content\/uploads\/2016\/03\/il-transporto-300x300.jpg 300w, https:\/\/portalfloresnoar.com\/floresnoar\/wp-content\/uploads\/2016\/03\/il-transporto-100x100.jpg 100w\" sizes=\"(max-width: 605px) 100vw, 605px\" \/><figcaption id=\"caption-attachment-24180\" class=\"wp-caption-text\">Os atores D\u2019angelo Fabiano e Ana\u00edra Mahin no espet\u00e1culo IL Trasporto Umano. Foto: Divulga\u00e7\u00e3o\/\u00a0Il Bianconiglio \u2013 Circo Teatro<\/figcaption><\/figure>\n<p><span style=\"letter-spacing: 0em; line-height: 1.71429;\">A companhia \u00edtalo brasileira, Il Bianconiglio \u2013 Circo Teatro, radicada no Recife, est\u00e1 finalizando a circula\u00e7\u00e3o do espet\u00e1culo IL TRASPORTO UMANO. A \u00faltima apresenta\u00e7\u00e3o ser\u00e1 no Col\u00f4mbia Circus, em Ipojuca, \u00e0s 16h dos dias 28 e 29 de mar\u00e7o.<\/span><\/p>\n<p><span style=\"line-height: 1.71429; letter-spacing: 0em;\">Ao todo seis circos de car\u00e1ter popular localizados nos Estados de Pernambuco, Alagoas e Bahia foram contemplados com o projeto. S\u00e3o eles: Gran Londres Circus (PE), Circo Bambol\u00ea (PE), Circo Alakazam (PE), Col\u00f4mbia Circus (PE), Circo do Palha\u00e7o Biribinha (AL) e Circo Picolino (BA).\u00a0<\/span><\/p>\n<p>O projeto intitulado IL TRASPORTO UMANO NAS PEGADAS DO CIRCO POPULAR foi contemplado com o Pr\u00eamio Funarte de Teatro Myriam Muniz\/2014. Faz parte das a\u00e7\u00f5es de interc\u00e2mbio cultural com as trupes circenses visitadas, a cria\u00e7\u00e3o do blog Mem\u00f3ria e Contemporaneidade dos Circos Populares, cujo objetivo \u00e9 a valoriza\u00e7\u00e3o do acesso \u00e0s informa\u00e7\u00f5es, aos bens culturais que formam a hist\u00f3ria dos circos no nordeste brasileiro, integrando os circos populares ao universo midi\u00e1tico da internet, o que faz gerar aproxima\u00e7\u00e3o com o p\u00fablico interessado no valor art\u00edstico desse trabalho com forte caracter\u00edstica milenar. Durante a perman\u00eancia dos artistas nos circos visitados, todos realizar\u00e3o entrevistas, cataloga\u00e7\u00e3o de fotos, v\u00eddeos e reportagens j\u00e1 publicadas sobre os circos na imprensa nacional. Cada unidade circense tamb\u00e9m recebe a Oficina Escola de Magia, com carga hor\u00e1ria de 6h, destinada, gratuitamente, a vinte e cinco crian\u00e7as, entre 7 e 12 anos, moradoras dos arredores onde os circos est\u00e3o instalados.<\/p>\n<p>SINOPSE DA APRESENTA\u00c7\u00c3O &#8211; Com dire\u00e7\u00e3o de Soraya Silva, a montagem da companhia IL BIANCONIGLIO Circo Teatro \u00e9 um divertido encontro entre dois personagens, um Ilusionista e a clown Alice. Atrave\u0301s da combinac\u0327a\u0303o entre o teatro e o circo a histo\u0301ria flui por entre nu\u0301meros de ma\u0301gica, ventriloquismo, malabarismo e clowneria, tudo temperado com uma bela dose de interac\u0327a\u0303o com o pu\u0301blico.<\/p>\n<p>FICHA T\u00c9CNICA<br \/>\nRealiza\u00e7\u00e3o: Cia. IL BIANCONIGLIO Circo Teatro<br \/>\nElenco: D&#8217;angelo Fabiano e Ana\u00edra Mahin<br \/>\nDire\u00e7\u00e3o: Soraya Silva<br \/>\nDiretor Assistente e Argumento.: D&#8217;Angelo Fabiano<br \/>\nCen\u00e1rio: D&#8217;Angelo Fabiano<br \/>\nFigurino: Java Ara\u00fajo<br \/>\nIlumina\u00e7\u00e3o: Jannesson Cabral<br \/>\nM\u00fasico: Sueudo Fernandes<br \/>\nProdu\u00e7\u00e3o: Renata Phaelante e Aracelly Silva<br \/>\nProdu\u00e7\u00e3o Geral: Espa\u00e7o Cultural do D\u00e9o &#8211; Aracelly Silva<\/p>\n","protected":false},"excerpt":{"rendered":"<p>A companhia \u00edtalo brasileira, Il Bianconiglio \u2013 Circo Teatro, radicada no Recife, est\u00e1 finalizando a circula\u00e7\u00e3o do espet\u00e1culo IL TRASPORTO UMANO. A \u00faltima apresenta\u00e7\u00e3o ser\u00e1 no Col\u00f4mbia Circus, em Ipojuca, \u00e0s 16h dos dias 28 e 29 de mar\u00e7o. Ao todo seis circos de car\u00e1ter popular localizados nos Estados de Pernambuco, Alagoas e Bahia foram [&hellip;]<\/p>\n","protected":false},"author":1,"featured_media":24180,"comment_status":"open","ping_status":"open","sticky":false,"template":"","format":"standard","meta":{"om_disable_all_campaigns":false,"_monsterinsights_skip_tracking":false,"_monsterinsights_sitenote_active":false,"_monsterinsights_sitenote_note":"","_monsterinsights_sitenote_category":0,"footnotes":""},"categories":[8,214],"tags":[313,295,64],"acf":[],"publishpress_future_action":{"enabled":false,"date":"1969-12-31 21:00:00","action":"","terms":[],"taxonomy":"","browser_timezone_offset":0},"_links":{"self":[{"href":"https:\/\/portalfloresnoar.com\/floresnoar\/wp-json\/wp\/v2\/posts\/24179"}],"collection":[{"href":"https:\/\/portalfloresnoar.com\/floresnoar\/wp-json\/wp\/v2\/posts"}],"about":[{"href":"https:\/\/portalfloresnoar.com\/floresnoar\/wp-json\/wp\/v2\/types\/post"}],"author":[{"embeddable":true,"href":"https:\/\/portalfloresnoar.com\/floresnoar\/wp-json\/wp\/v2\/users\/1"}],"replies":[{"embeddable":true,"href":"https:\/\/portalfloresnoar.com\/floresnoar\/wp-json\/wp\/v2\/comments?post=24179"}],"version-history":[{"count":0,"href":"https:\/\/portalfloresnoar.com\/floresnoar\/wp-json\/wp\/v2\/posts\/24179\/revisions"}],"wp:featuredmedia":[{"embeddable":true,"href":"https:\/\/portalfloresnoar.com\/floresnoar\/wp-json\/wp\/v2\/media\/24180"}],"wp:attachment":[{"href":"https:\/\/portalfloresnoar.com\/floresnoar\/wp-json\/wp\/v2\/media?parent=24179"}],"wp:term":[{"taxonomy":"category","embeddable":true,"href":"https:\/\/portalfloresnoar.com\/floresnoar\/wp-json\/wp\/v2\/categories?post=24179"},{"taxonomy":"post_tag","embeddable":true,"href":"https:\/\/portalfloresnoar.com\/floresnoar\/wp-json\/wp\/v2\/tags?post=24179"}],"curies":[{"name":"wp","href":"https:\/\/api.w.org\/{rel}","templated":true}]}}