

{"id":24155,"date":"2016-03-13T10:08:57","date_gmt":"2016-03-13T13:08:57","guid":{"rendered":"http:\/\/portalfloresnoar.com\/floresnoar\/?p=24155"},"modified":"2016-03-24T09:31:45","modified_gmt":"2016-03-24T12:31:45","slug":"acordeonista-francesa-elsa-bonnet-se-apresenta-nesta-quinta-no-vapor-comedoria-e-bar","status":"publish","type":"post","link":"https:\/\/portalfloresnoar.com\/floresnoar\/acordeonista-francesa-elsa-bonnet-se-apresenta-nesta-quinta-no-vapor-comedoria-e-bar\/","title":{"rendered":"Acordeonista francesa Elsa Bonnet se apresenta nesta quinta no Vapor Comedoria e Bar"},"content":{"rendered":"<p><img decoding=\"async\" loading=\"lazy\" class=\"aligncenter size-full wp-image-24156\" alt=\"elsa acordeon\" src=\"http:\/\/portalfloresnoar.com\/floresnoar\/wp-content\/uploads\/2016\/03\/elsa-acordeon.jpg\" width=\"700\" height=\"422\" srcset=\"https:\/\/portalfloresnoar.com\/floresnoar\/wp-content\/uploads\/2016\/03\/elsa-acordeon.jpg 700w, https:\/\/portalfloresnoar.com\/floresnoar\/wp-content\/uploads\/2016\/03\/elsa-acordeon-300x180.jpg 300w\" sizes=\"(max-width: 700px) 100vw, 700px\" \/><\/p>\n<p>Nesta quinta, a boa da v\u00e9spera de feriado \u00e9 aqui no Vapor com a acordeonista, cantora e compositora francesa, Elsa Bonnet e um power trio de tirar o fol\u00eago! O show mescla can\u00e7\u00f5es autorais e cl\u00e1ssicos da m\u00fasica popular francesa, cumbias chilenas, rock, blues e bai\u00e3o. No repert\u00f3rio, can\u00e7\u00f5es do mestre gonzag\u00e3o, Piaf, Manu Chao, Pink Floyd, Nina Simon entre outras p\u00e9rolas. Vai ser lindo, gente! #VemProVapor<\/p>\n<p>A partir das 18h a casa estar\u00e1 aberta para todos os amigos e clientes que quiserem curtir um happy hour de boa com petisquinho, cerveja gelada e m\u00fasica ambiente. O show come\u00e7a \u00e0s 21h e como em todas as noites de atra\u00e7\u00e3o na casa contamos muito com a colabora\u00e7\u00e3o do p\u00fablico para fortalecer este movimento criativo e solid\u00e1rio. A nossa sugest\u00e3o de colabora\u00e7\u00e3o art\u00edstica \u00e9 de R$ 7,00.<\/p>\n<p>::um pouco mais dela::<br \/>\nElsa nasceu em Lyon, na Fran\u00e7a, e depois de uma forma\u00e7\u00e3o de m\u00fasica cl\u00e1ssica come\u00e7ou no acordeon sozinha, aos 15. Influenciada pela cultura musical do Leste europeu, sempre procurou abrir novas possibilidades com seu companheiro, o acordeon. Hoje, aos 24 anos, junta m\u00fasica popular da Fran\u00e7a, Cumbia Chilena, Blues, Rock e Bai\u00e3o num caldeir\u00e3o que encanta plateias e arranca elogios.<\/p>\n<p>::um pouco mais deles::<br \/>\nAcompanhada pela bateria do tamb\u00e9m percussionista Felipe Weinberg, uma das novidades da boa safra de m\u00fasica pernambucana. Weinberg, que tamb\u00e9m \u00e9 Dj, compositor e violonista, apesar de muito jovem, tem uma consider\u00e1vel afinidade com a m\u00fasica. Arcoverdense e autodidata reflete a ess\u00eancia criativa da nova gera\u00e7\u00e3o. Em forma\u00e7\u00e3o no Conservat\u00f3rio Pernambucano de M\u00fasica, tamb\u00e9m participa das bandas de \u00cdcaro Ten\u00f3rio, Clayton Barros, Vertin Moura e Lu Rabelo.<\/p>\n<p>O show tamb\u00e9m tem a participa\u00e7\u00e3o de outras promessas do cen\u00e1rio da m\u00fasica, como o violonista Ednardo Dali. Natural do Sert\u00e3o do Paje\u00fa, interior do Estado. Estudante de m\u00fasica no conservat\u00f3rio, iniciou carreira cedo, aos 10 anos de idade, ao lado do pai &#8211; ningu\u00e9m menos que Anchieta Dali &#8211; um expressivo nome da cantoria em Pernambuco. Didi, como \u00e9 conhecido, toca no grupo Mambembes e acompanha a banda do pai, al\u00e9m de se preparar para novos projetos musicais.<\/p>\n<p>A apresenta\u00e7\u00e3o conta ainda com a participa\u00e7\u00e3o do m\u00fasico Lucas Crasto &#8211; mais um nome para guardar no ba\u00fa das promessas. Lucas nasceu no Recife, \u00e9 baixista, circulou por v\u00e1rios eventos e festivais com as bandas Rivotril, Tib\u00e9rio Azul e Lucas dos Prazeres. Atualmente est\u00e1 em processo de finaliza\u00e7\u00e3o do seu novo disco e se dedica a novos projetos, como o da francesa Elsa Bonnet.<\/p>\n<p><strong>\u200bMais informa\u00e7\u00f5es:<\/strong><a href=\" https:\/\/www.facebook.com\/events\/254344258236238\/?active_tab=posts\" target=\"_blank\"> https:\/\/www.facebook.com\/events\/254344258236238\/?active_tab=posts<\/a><\/p>\n","protected":false},"excerpt":{"rendered":"<p>Nesta quinta, a boa da v\u00e9spera de feriado \u00e9 aqui no Vapor com a acordeonista, cantora e compositora francesa, Elsa Bonnet e um power trio de tirar o fol\u00eago! O show mescla can\u00e7\u00f5es autorais e cl\u00e1ssicos da m\u00fasica popular francesa, cumbias chilenas, rock, blues e bai\u00e3o. No repert\u00f3rio, can\u00e7\u00f5es do mestre gonzag\u00e3o, Piaf, Manu Chao, [&hellip;]<\/p>\n","protected":false},"author":1,"featured_media":24156,"comment_status":"open","ping_status":"open","sticky":false,"template":"","format":"standard","meta":{"om_disable_all_campaigns":false,"_monsterinsights_skip_tracking":false,"_monsterinsights_sitenote_active":false,"_monsterinsights_sitenote_note":"","_monsterinsights_sitenote_category":0,"footnotes":""},"categories":[8,214],"tags":[125],"acf":[],"publishpress_future_action":{"enabled":false,"date":"1969-12-31 21:00:00","action":"","terms":[],"taxonomy":"","browser_timezone_offset":0},"_links":{"self":[{"href":"https:\/\/portalfloresnoar.com\/floresnoar\/wp-json\/wp\/v2\/posts\/24155"}],"collection":[{"href":"https:\/\/portalfloresnoar.com\/floresnoar\/wp-json\/wp\/v2\/posts"}],"about":[{"href":"https:\/\/portalfloresnoar.com\/floresnoar\/wp-json\/wp\/v2\/types\/post"}],"author":[{"embeddable":true,"href":"https:\/\/portalfloresnoar.com\/floresnoar\/wp-json\/wp\/v2\/users\/1"}],"replies":[{"embeddable":true,"href":"https:\/\/portalfloresnoar.com\/floresnoar\/wp-json\/wp\/v2\/comments?post=24155"}],"version-history":[{"count":0,"href":"https:\/\/portalfloresnoar.com\/floresnoar\/wp-json\/wp\/v2\/posts\/24155\/revisions"}],"wp:featuredmedia":[{"embeddable":true,"href":"https:\/\/portalfloresnoar.com\/floresnoar\/wp-json\/wp\/v2\/media\/24156"}],"wp:attachment":[{"href":"https:\/\/portalfloresnoar.com\/floresnoar\/wp-json\/wp\/v2\/media?parent=24155"}],"wp:term":[{"taxonomy":"category","embeddable":true,"href":"https:\/\/portalfloresnoar.com\/floresnoar\/wp-json\/wp\/v2\/categories?post=24155"},{"taxonomy":"post_tag","embeddable":true,"href":"https:\/\/portalfloresnoar.com\/floresnoar\/wp-json\/wp\/v2\/tags?post=24155"}],"curies":[{"name":"wp","href":"https:\/\/api.w.org\/{rel}","templated":true}]}}