

{"id":2415,"date":"2012-08-29T17:30:52","date_gmt":"2012-08-29T20:30:52","guid":{"rendered":"http:\/\/portalfloresnoar.hospedagemdesites.ws\/floresnoar\/?p=2415"},"modified":"2014-09-24T18:40:34","modified_gmt":"2014-09-24T21:40:34","slug":"workshop-iluminar-a-fotografia-como-meio-para-o-despertar-de-12-a-14-de-outubro-no-sitio-terra-pura","status":"publish","type":"post","link":"https:\/\/portalfloresnoar.com\/floresnoar\/workshop-iluminar-a-fotografia-como-meio-para-o-despertar-de-12-a-14-de-outubro-no-sitio-terra-pura\/","title":{"rendered":"Workshop &#8216;Iluminar &#8211; A fotografia como meio para o despertar, de 12 a 14 de outubro, no S\u00edtio Terra Pura"},"content":{"rendered":"<p><img decoding=\"async\" loading=\"lazy\" class=\"aligncenter size-full wp-image-2416\" title=\"iluminar\" src=\"http:\/\/portalfloresnoar.hospedagemdesites.ws\/floresnoar\/wp-content\/uploads\/2012\/08\/iluminar.jpg\" alt=\"\" width=\"610\" height=\"864\" srcset=\"https:\/\/portalfloresnoar.com\/floresnoar\/wp-content\/uploads\/2012\/08\/iluminar.jpg 610w, https:\/\/portalfloresnoar.com\/floresnoar\/wp-content\/uploads\/2012\/08\/iluminar-211x300.jpg 211w\" sizes=\"(max-width: 610px) 100vw, 610px\" \/><\/p>\n<p>ILUMINAR \u2013 A Fotografia como meio para o despertar<\/p>\n<p>&#8220;Tive outras vis\u00f5es naquela madrugada. Preparei minha m\u00e1quina de novo. Tinha um perfume de jasmim no beiral do sobrado. Fotografei o perfume. Vi uma lesma pregada na exist\u00eancia mais do que na pedra. Fotografei a exist\u00eancia dela. Vi ainda um azul-perd\u00e3o no olho de um mendigo. Fotografei o perd\u00e3o. Olhei uma paisagem velha a desabar sobre uma casa. Fotografei o sobre.&#8221;<br \/>\nManoel de Barros (trecho do poema \u201cO fot\u00f3grafo\u201d)<\/p>\n<p>Este workshop n\u00e3o \u00e9 um curso de fotografia, \u00e9 um exerc\u00edcio sobre o olhar fotogr\u00e1fico que tem como alvo o auto-conhecimento e o despertar. Ser\u00e3o 3 dias de viv\u00eancia no s\u00edtio Terra Pura, com atividades envolvendo conversas e pr\u00e1ticas afim de trabalhar a liberta\u00e7\u00e3o do olhar e a desprograma\u00e7\u00e3o de padr\u00f5es que absorvemos de modo inconsciente. Vamos entrar em contato com a natureza das nossas percep\u00e7\u00f5es visuais, compreendendo melhor as suas origens e aprendendo a desenvolv\u00ea-las de forma mais aut\u00eantica, usando a observa\u00e7\u00e3o como forma de descondicionamento. N\u00e3o h\u00e1 pr\u00e9-requisitos para participa\u00e7\u00e3o. Cada participante deve levar uma c\u00e2mera fotogr\u00e1fica digital (compacta, semi-profissional ou profissional) para uso individual com cart\u00e3o de mem\u00f3ria e carregador de bateria.<!--more--><\/p>\n<p>PROGRAMA\u00c7\u00c3O<\/p>\n<p>12\/10\/12 (sexta-feira)<br \/>\n09h &#8211; Sa\u00edda para Gravat\u00e1 (dividiremos os carros e sairemos em grupos)<br \/>\n12h \u2013 Almo\u00e7o\/ acomoda\u00e7\u00e3o<br \/>\n14h \u2013 Apresenta\u00e7\u00e3o do grupo e do espa\u00e7o Terra Pura<br \/>\n15h \u00e0s 19h30 &#8211; Assist\u00eancia individual e\/ou em grupo sobre os elementos b\u00e1sicos da c\u00e2mera fotogr\u00e1fica (30 minutos de intervalo para o lanche)<br \/>\n19h30 &#8211; Jantar<br \/>\nLivre<\/p>\n<p>13\/10\/12 (s\u00e1bado)<br \/>\n8h \u2013 Medita\u00e7\u00e3o no templo (tranquiliza\u00e7\u00e3o)<br \/>\n8h30 &#8211; Caf\u00e9 da manh\u00e3<br \/>\n10h &#8211; In\u00edcio das atividades: proposta do curso, exposi\u00e7\u00e3o e discuss\u00e3o de ideias. Pr\u00e1ticas de sensibiliza\u00e7\u00e3o com observa\u00e7\u00e3o e cria\u00e7\u00e3o de imagens.<br \/>\n12h \u2013 Almo\u00e7o<br \/>\n14h \u2013 Pr\u00e1tica fotogr\u00e1fica orientada (atividades individuais e em grupo)<br \/>\n15h30 &#8211; Compartilhando experi\u00eancias e abrindo novas perspectivas<br \/>\n17h \u2013 Pr\u00e1tica fotogr\u00e1fica no \u201cOlho da mata\u201d (pequena trilha)<br \/>\n18h &#8211; Compartilhando experi\u00eancias e abrindo novas perspectivas<br \/>\n19h30 \u2013 Jantar<br \/>\nLivre<\/p>\n<p>14\/10\/12 (domingo)<br \/>\n8h \u2013 Medita\u00e7\u00e3o no templo (tranquiliza\u00e7\u00e3o)<br \/>\n8h30 &#8211; Caf\u00e9-da-manh\u00e3<br \/>\n9h30 \u2013 A natureza e os 5 elementos<br \/>\n10h \u2013 Pr\u00e1tica fotogr\u00e1fica orientada (atividades individuais e em grupo)\/ Encerramento<br \/>\n12h &#8211; Almo\u00e7o<br \/>\n13h &#8211; Sa\u00edda de Terra Pura rumo ao Recife (dividiremos os carros e sairemos em grupos)<br \/>\n* Algumas atividades e hor\u00e1rios poder\u00e3o sofrer pequenas altera\u00e7\u00f5es<\/p>\n<p>INVESTIMENTO<br \/>\nR$ 469 (em at\u00e9 2 vezes). O investimento inclui um pequeno material de apoio, alimenta\u00e7\u00e3o e hospedagem.<br \/>\nPagamentos em dinheiro: at\u00e9 o dia 10\/10<br \/>\nPagamentos em cheque (2x): os cheques devem ser datados com o dia do primeiro pagamento e com a 2\u00aa. data para o dia 05\/10.<\/p>\n<p>N\u00famero de vagas: 20<\/p>\n<p>INSCRI\u00c7\u00d5ES (at\u00e9 10\/10)<br \/>\n(81) 3421.1905\/ 8730.1118\/ juflombardi@gmail.com<\/p>\n<p>TERRA PURA<br \/>\nO s\u00edtio Terra Pura fica em Gravat\u00e1, numa altitude de 800m, a 90 minutos de carro do Recife (PE). Chegando em Gravat\u00e1, sobem-se mais 10 km por uma estrada de terra rumo ao povoado de S\u00e3o Severino dos Macacos.<\/p>\n<p>INFORMA\u00c7\u00d5ES EXTRAS:<br \/>\n&#8211; Estaremos a 800m de altitude, portanto \u00e9 aconselh\u00e1vel levar roupas apropriadas para o clima frio, como casacos, meias e cal\u00e7as, pois durante a noite a temperatura pode cair um pouco. Tamb\u00e9m recomenda-se levar roupa para caminhada (t\u00eanis, short\/cal\u00e7a, bon\u00e9, protetor solar, repelente) e roupas de banho, pois h\u00e1 um a\u00e7ude em Terra Pura dispon\u00edvel para os participantes. Sand\u00e1lia para uso interno e outro cal\u00e7ado para uso externo \u00e9 recomend\u00e1vel.<br \/>\n&#8211; A alimenta\u00e7\u00e3o geralmente \u00e9 saud\u00e1vel. Teremos sempre caf\u00e9-da-manh\u00e3, lanches, almo\u00e7o e jantar. Todos ter\u00e3o livre acesso \u00e0 cozinha, portanto n\u00e3o \u00e9 necess\u00e1rio levar lanches.<br \/>\n&#8211; Os inscritos ser\u00e3o notificados atrav\u00e9s de e-mail sobre uma pequena reuni\u00e3o que haver\u00e1 1 semana antes do workshop para que sejam acertados os detalhes sobre o transporte do Recife ao s\u00edtio Terra Pura. \u00c9 indispens\u00e1vel a participa\u00e7\u00e3o de todos. A reuni\u00e3o ser\u00e1 na Rua Correia de Ara\u00fajo, no. 69, Gra\u00e7as (rua da Livraria Modelo). Fone: 3421.1905<\/p>\n<p><span style=\"color: #ffffff;\">&#8211;<\/span><br \/>\n<span style=\"color: #ffffff;\"> &#8211;<\/span><br \/>\n<script type=\"text\/javascript\"><!--\ngoogle_ad_client = \"ca-pub-6774921656048980\";\n\/* banner normal *\/\ngoogle_ad_slot = \"2987505043\";\ngoogle_ad_width = 468;\ngoogle_ad_height = 60;\n\/\/-->\n<\/script><br \/>\n<script type=\"text\/javascript\"\nsrc=\"http:\/\/pagead2.googlesyndication.com\/pagead\/show_ads.js\">\n<\/script><\/p>\n","protected":false},"excerpt":{"rendered":"<p>ILUMINAR \u2013 A Fotografia como meio para o despertar &#8220;Tive outras vis\u00f5es naquela madrugada. Preparei minha m\u00e1quina de novo. Tinha um perfume de jasmim no beiral do sobrado. Fotografei o perfume. Vi uma lesma pregada na exist\u00eancia mais do que na pedra. Fotografei a exist\u00eancia dela. Vi ainda um azul-perd\u00e3o no olho de um mendigo. [&hellip;]<\/p>\n","protected":false},"author":1,"featured_media":2417,"comment_status":"open","ping_status":"open","sticky":false,"template":"","format":"standard","meta":{"om_disable_all_campaigns":false,"_monsterinsights_skip_tracking":false,"_monsterinsights_sitenote_active":false,"_monsterinsights_sitenote_note":"","_monsterinsights_sitenote_category":0,"footnotes":""},"categories":[8,214],"tags":[47],"acf":[],"publishpress_future_action":{"enabled":false,"date":"1969-12-31 21:00:00","action":"","terms":[],"taxonomy":"","browser_timezone_offset":0},"_links":{"self":[{"href":"https:\/\/portalfloresnoar.com\/floresnoar\/wp-json\/wp\/v2\/posts\/2415"}],"collection":[{"href":"https:\/\/portalfloresnoar.com\/floresnoar\/wp-json\/wp\/v2\/posts"}],"about":[{"href":"https:\/\/portalfloresnoar.com\/floresnoar\/wp-json\/wp\/v2\/types\/post"}],"author":[{"embeddable":true,"href":"https:\/\/portalfloresnoar.com\/floresnoar\/wp-json\/wp\/v2\/users\/1"}],"replies":[{"embeddable":true,"href":"https:\/\/portalfloresnoar.com\/floresnoar\/wp-json\/wp\/v2\/comments?post=2415"}],"version-history":[{"count":0,"href":"https:\/\/portalfloresnoar.com\/floresnoar\/wp-json\/wp\/v2\/posts\/2415\/revisions"}],"wp:featuredmedia":[{"embeddable":true,"href":"https:\/\/portalfloresnoar.com\/floresnoar\/wp-json\/wp\/v2\/media\/2417"}],"wp:attachment":[{"href":"https:\/\/portalfloresnoar.com\/floresnoar\/wp-json\/wp\/v2\/media?parent=2415"}],"wp:term":[{"taxonomy":"category","embeddable":true,"href":"https:\/\/portalfloresnoar.com\/floresnoar\/wp-json\/wp\/v2\/categories?post=2415"},{"taxonomy":"post_tag","embeddable":true,"href":"https:\/\/portalfloresnoar.com\/floresnoar\/wp-json\/wp\/v2\/tags?post=2415"}],"curies":[{"name":"wp","href":"https:\/\/api.w.org\/{rel}","templated":true}]}}