

{"id":24113,"date":"2016-03-21T23:19:01","date_gmt":"2016-03-22T02:19:01","guid":{"rendered":"http:\/\/portalfloresnoar.com\/floresnoar\/?p=24113"},"modified":"2022-02-22T13:38:00","modified_gmt":"2022-02-22T16:38:00","slug":"equinocio-de-outono-neste-2016","status":"publish","type":"post","link":"https:\/\/portalfloresnoar.com\/floresnoar\/equinocio-de-outono-neste-2016\/","title":{"rendered":"[CANTO DE LU] Equin\u00f3cio de Outono neste 2016"},"content":{"rendered":"<pre>Por Lu Rabelo*<\/pre>\n<p>Ontem, 20 de mar\u00e7o de 2016 (extamente \u00e0 1h30m08s), come\u00e7ou o novo ano zodiacal. Neste Equin\u00f3cio de Outono, no Hemisf\u00e9rio Sul, quando o Sol ingressa no impulsivo signo de \u00c1ries, uma nova esta\u00e7\u00e3o se inicia. Dentro e fora!<\/p>\n<p>Tenho me sentido meio zonza nos \u00faltimos tempos.<\/p>\n<p>Nosso Pa\u00eds tamb\u00e9m.<\/p>\n<p>A palavra que tem me vindo tem sido: Rearrumar.<\/p>\n<p>Comprei novas buchas e panos de ch\u00e3o.<\/p>\n<p>Mas ainda me sinto um tanto lenta. Uma canseira&#8230;uma moleza&#8230;<\/p>\n<p>Preciso fazer meu primeiro \u00f3culos, pra enxergar melhor de perto.<\/p>\n<p>Acho bom eu voltar pra Acupuntura. E me alongar diariamente. E ficar mais com os meus pais.<\/p>\n<p>O quilo de cebola e de cenoura a quase 10 reais.<\/p>\n<p>Mensalidade da escola do filho atrasada.<\/p>\n<p>30 reais na poupan\u00e7a.<\/p>\n<p>Novas arruma\u00e7\u00f5es necess\u00e1rias em todas as \u00e1reas: profissional, emocional, dentro de casa, na cidade, na Na\u00e7\u00e3o, na Terra.<\/p>\n<p>A Justi\u00e7a revelando suas injusti\u00e7as.<\/p>\n<p>Todos os Poderes corrompidos. Nenhum nem a\u00ed pra Natureza.<\/p>\n<p>Recordo um sonho que tive numa madrugada dessas:<br \/>\n<em>Duas Luas no C\u00e9u.<br \/>\nUma mais pro sudoeste e outra mais pro nordeste.<br \/>\na do nordeste explodia.<br \/>\neu ia entrar em casa pra ficar junto da fam\u00edlia e esperar pelo fim do mundo&#8230;<br \/>\nmas antes eu olhava de novo pro lado da explos\u00e3o&#8230;<br \/>\nhavia um lindo e vibrante Arco-\u00cdris!<\/em><\/p>\n<p>Hoje, depois de muitos anos, fui a um laborat\u00f3rio tirar sangue pra exames. Uns 7 tubos.<\/p>\n<p>Fiz tamb\u00e9m um teste de labirinto. Eletrodos na testa, jatos d&#8217;\u00e1gua nos ouvidos.<\/p>\n<p>Ao final dos jatos, a m\u00e9dica me pergunta sobre contas matem\u00e1ticas, nomes de livros, marcas de carro&#8230;sigo respondendo o que me vem de imediato \u00e0 mente. Ela ent\u00e3o pergunta o nome completo de uma personalidade. Respondo: Luiz In\u00e1cio Lula da Silva. Come\u00e7o a rir. Ela fica em sil\u00eancio (com cara de quem acha Moro um her\u00f3i).<\/p>\n<p>Vou saindo do consult\u00f3rio e, j\u00e1 na rua, o vendedor ambulante de caldo de cana t\u00e1 dizendo: \u201cPelo menos Lula rouba, mas faz. Pior s\u00e3o os outros que s\u00f3 roubam\u201d.<\/p>\n<p>Chego em casa, ligo a TV. Obama em Cuba. Cochilo.<\/p>\n<p>Vejo um daqueles testes tabacudos do facebook. Este \u00e9 pra saber &#8216;se eu fosse um pol\u00edtico quem eu seria&#8217;. Quis saber. Gostei da resposta: \u201cSe fosse um pol\u00edtico Lu seria o Lula\u201d. Gostei! Compartilhei! E nem gosto de roubar. Gosto mesmo \u00e9 de ser justa.<\/p>\n<p>Uma marchinha surgiu esse dias e fica tocando em minha mente: \u266a \u266b \u201cN\u00e3o vai ter golpe. Salve a democracia! N\u00e3o vai ter golpe. Queiram ou n\u00e3o queiram os tais ju\u00edzes. N\u00e3o vai ter golpe. Chora Rede Globo. N\u00e3o vai ter golpe n\u00e3o! E o que \u00e9 que vai ter? Cunha e Moro na pris\u00e3o\u201d \u266a \u266b.<\/p>\n<p>Vou ali terminar de lavar os pratos. E se der coragem vou tamb\u00e9m varrer a sala. Mas antes vou tomar um banho frio.<\/p>\n<p>Ps: Hoje a Lua e J\u00fapiter est\u00e3o juntinhos no C\u00e9u. Emo\u00e7\u00e3o expandida!<\/p>\n<p>Lembro de um poema que fiz no final de 2012 quando no C\u00e9u acontecia esta mesma conjun\u00e7\u00e3o:<\/p>\n<p><em>J\u00fapiter o grande Deus<br \/>\nHoje foi enfeiti\u00e7ado<br \/>\nE ficou, sim, aluado<br \/>\nRevirando os seus Eus<br \/>\nPois n\u00e3o \u00e9 que ele, Zeus,<br \/>\nResolveu sair \u00e0 rua<br \/>\nLuzindo sua tez nua<br \/>\nEncheu o ar de Mist\u00e9rio<br \/>\nOfertando seu Imp\u00e9rio<br \/>\nPela beleza da Lua<\/em><br \/>\n(28-29\/11\/2012)<\/p>\n<p><em>* Lu Rabelo\u00a0\u00e9\u00a0<a href=\"https:\/\/www.facebook.com\/cantadeiralu\" target=\"_blank\" rel=\"noopener\">cantadeira<\/a>,\u00a0<a href=\"https:\/\/www.instagram.com\/jardimarteterapeutico\/\" target=\"_blank\" rel=\"noopener\">arteterapeuta<\/a>, jornalista e editora do\u00a0<a href=\"http:\/\/portalfloresnoar.com\/\" target=\"_blank\" rel=\"noopener\">Portal Flores no Ar.<\/a><\/em><\/p>\n","protected":false},"excerpt":{"rendered":"<p>Por Lu Rabelo* Ontem, 20 de mar\u00e7o de 2016 (extamente \u00e0 1h30m08s), come\u00e7ou o novo ano zodiacal. Neste Equin\u00f3cio de Outono, no Hemisf\u00e9rio Sul, quando o Sol ingressa no impulsivo signo de \u00c1ries, uma nova esta\u00e7\u00e3o se inicia. Dentro e fora! Tenho me sentido meio zonza nos \u00faltimos tempos. Nosso Pa\u00eds tamb\u00e9m. A palavra que [&hellip;]<\/p>\n","protected":false},"author":1,"featured_media":24114,"comment_status":"open","ping_status":"open","sticky":false,"template":"","format":"standard","meta":{"om_disable_all_campaigns":false,"_monsterinsights_skip_tracking":false,"_monsterinsights_sitenote_active":false,"_monsterinsights_sitenote_note":"","_monsterinsights_sitenote_category":0,"footnotes":""},"categories":[227,220],"tags":[361,19,51,154],"acf":[],"publishpress_future_action":{"enabled":false,"date":"1969-12-31 21:00:00","action":"","terms":[],"taxonomy":"","browser_timezone_offset":0},"_links":{"self":[{"href":"https:\/\/portalfloresnoar.com\/floresnoar\/wp-json\/wp\/v2\/posts\/24113"}],"collection":[{"href":"https:\/\/portalfloresnoar.com\/floresnoar\/wp-json\/wp\/v2\/posts"}],"about":[{"href":"https:\/\/portalfloresnoar.com\/floresnoar\/wp-json\/wp\/v2\/types\/post"}],"author":[{"embeddable":true,"href":"https:\/\/portalfloresnoar.com\/floresnoar\/wp-json\/wp\/v2\/users\/1"}],"replies":[{"embeddable":true,"href":"https:\/\/portalfloresnoar.com\/floresnoar\/wp-json\/wp\/v2\/comments?post=24113"}],"version-history":[{"count":0,"href":"https:\/\/portalfloresnoar.com\/floresnoar\/wp-json\/wp\/v2\/posts\/24113\/revisions"}],"wp:featuredmedia":[{"embeddable":true,"href":"https:\/\/portalfloresnoar.com\/floresnoar\/wp-json\/wp\/v2\/media\/24114"}],"wp:attachment":[{"href":"https:\/\/portalfloresnoar.com\/floresnoar\/wp-json\/wp\/v2\/media?parent=24113"}],"wp:term":[{"taxonomy":"category","embeddable":true,"href":"https:\/\/portalfloresnoar.com\/floresnoar\/wp-json\/wp\/v2\/categories?post=24113"},{"taxonomy":"post_tag","embeddable":true,"href":"https:\/\/portalfloresnoar.com\/floresnoar\/wp-json\/wp\/v2\/tags?post=24113"}],"curies":[{"name":"wp","href":"https:\/\/api.w.org\/{rel}","templated":true}]}}