

{"id":24073,"date":"2016-02-17T09:46:38","date_gmt":"2016-02-17T12:46:38","guid":{"rendered":"http:\/\/portalfloresnoar.com\/floresnoar\/?p=24073"},"modified":"2016-04-06T10:59:12","modified_gmt":"2016-04-06T13:59:12","slug":"roda-de-conversa-do-amor-e-outros-demonios-com-paula-lira-a-partir-de-313","status":"publish","type":"post","link":"https:\/\/portalfloresnoar.com\/floresnoar\/roda-de-conversa-do-amor-e-outros-demonios-com-paula-lira-a-partir-de-313\/","title":{"rendered":"&#8216;Roda de Conversa: do amor e outros dem\u00f4nios&#8217;, com Paula Lira, a partir de 31\/3"},"content":{"rendered":"<p><img decoding=\"async\" loading=\"lazy\" class=\"aligncenter size-full wp-image-24074\" alt=\"Do amor e outros demonios com todos fontes definitivo\" src=\"http:\/\/portalfloresnoar.com\/floresnoar\/wp-content\/uploads\/2016\/03\/Do-amor-e-outros-demonios-com-todos-fontes-definitivo.jpg\" width=\"560\" height=\"560\" srcset=\"https:\/\/portalfloresnoar.com\/floresnoar\/wp-content\/uploads\/2016\/03\/Do-amor-e-outros-demonios-com-todos-fontes-definitivo.jpg 560w, https:\/\/portalfloresnoar.com\/floresnoar\/wp-content\/uploads\/2016\/03\/Do-amor-e-outros-demonios-com-todos-fontes-definitivo-150x150.jpg 150w, https:\/\/portalfloresnoar.com\/floresnoar\/wp-content\/uploads\/2016\/03\/Do-amor-e-outros-demonios-com-todos-fontes-definitivo-300x300.jpg 300w, https:\/\/portalfloresnoar.com\/floresnoar\/wp-content\/uploads\/2016\/03\/Do-amor-e-outros-demonios-com-todos-fontes-definitivo-100x100.jpg 100w\" sizes=\"(max-width: 560px) 100vw, 560px\" \/><\/p>\n<p>Curiosos em observar o amor sob diversas \u00f3ticas est\u00e3o convidados para primeira <strong>Roda de Conversa: do amor e outros dem\u00f4nios<\/strong> que acontecer\u00e1 no dia 31 de mar\u00e7o (quinta-feira), das 18 \u00e0s 19h, no Horizonte Desenvolvimento Humano, no Po\u00e7o da Panela. Os interessados devem confirmar presen\u00e7a, atrav\u00e9s dos telefones: 3268.6588 \/ 99504.2219 (Tim\/Whatsapp).<\/p>\n<p>&#8220;A proposta das rodas de conversa \u00e9 simples: um encontro mensal com essas pessoas que desejem conversar sobre o amor ao longo deste ano de 2016, com entrada livre. N\u00e3o ser\u00e1 obrigat\u00f3rio que participe de todos os encontros, por\u00e9m ser\u00e1 uma alegria poder contar com a presen\u00e7a de quem sentiu o chamado do tema&#8221;, explica a psic\u00f3loga Paula Lira, facilitadora do encontro.<\/p>\n<p><em>Paula Lira (CRP 02\/9660) \u00e9 psic\u00f3loga Cl\u00ednica, especialista em Cl\u00ednica Fenomenol\u00f3gica Existencial, mestra em Antropologial da Arte; supervisora e professora da pesquisa e atua\u00e7\u00e3o da cl\u00ednica com foco em Gestalt-terapia e Abordagem Centrada na Pessoa; facilitadora e formadora do profissional de sa\u00fade em Medita\u00e7\u00e3o Mindfulness, segundo os moldes do Programa Atentamente; artista, autora do livro A Grande Serpente \u2013 po\u00e9ticas da cria\u00e7\u00e3o no mangueBit.\u00a0Facilita grupos de estudos e supervis\u00e3o sobre o fazer cl\u00ednico e Mindfulness. Realiza atendimento psicoter\u00e1pico individual com adultos, adolescentes, casais e fam\u00edlias e grupo de pr\u00e1tica de Medita\u00e7\u00e3o Mindfulness, segundo os moldes do Programa Atentamente.<\/em><\/p>\n<p>SERVI\u00c7O<br \/>\n<strong>Roda de Conversa: do amor e outros dem\u00f4nios<\/strong><br \/>\n<strong>Data:<\/strong> 31 de mar\u00e7o de 2016 (quinta-feira)<br \/>\n<strong>Hora:<\/strong> 18h<br \/>\n<strong>Local:<\/strong> Horizonte Desenvolvimento Humano &#8211; Rua Joaquim Xavier, 117, Po\u00e7o da Panela, Recife\/PE.<br \/>\n<strong>Telefones:<\/strong> 3268.6588 \/ 99504.2219 (Tim\/Whatsapp).<\/p>\n<p><em>Saiba mais sobre o encontro, no texto abaixo escrito por Paula Lira:<\/em><\/p>\n<p>&#8220;Esta primeira roda, &#8216;Do amor e outros dem\u00f4nios&#8217; \u00e9 fruto de uma observa\u00e7\u00e3o destes anos de psic\u00f3loga cl\u00ednica: amor, medo, liberdade. Tenho a expectativa de que partilhar este tema e seus desdobramentos nos far\u00e1 desenvolver imagens criativas salutares, questionamentos, novas perguntas que levaremos para nossas vidas. Por\u00e9m este tema vem me acompanhando h\u00e1 algum tempo mais.<\/p>\n<p>Cresci menina interessada sobre o amor. De certo modo o borbulhar do meu cora\u00e7\u00e3o parecia viver direcionado para o encontro entre seres que queriam se unir. E por sorte, cedo, caiu em minhas m\u00e3os a hist\u00f3ria de Lilith, aquela que seria a Lua Negra. T\u00e3o lua, quanto negra, quanto bela e misteriosa. Esta tamb\u00e9m chamada serpente teria sido criada tal qual Ad\u00e3o, sem a hist\u00f3ria confusa de Eva, que dizem, nasceu da costela desse que teria sido o primeiro homem criado na face da terra. Lilith, antes de Eva, teria sido, ent\u00e3o, a primeira mulher criada &#8211; assim como Ad\u00e3o foi o primeiro homem. Ouvi tamb\u00e9m a hist\u00f3ria de que Lilith n\u00e3o se deixava dominar e assim foi como que virando dem\u00f4nio com o passar do tempo.<\/p>\n<p>A palavra dem\u00f4nio suscita um sentimento de medo e muitas vezes tamanha avers\u00e3o que percebo que \u00e9 um tabu pronunci\u00e1-la. Por\u00e9m, em especial quando este dem\u00f4nio \u00e9 Lilith, paradoxalmente, esta avers\u00e3o parece acobertar uma atra\u00e7\u00e3o por conhecer, saber mais, ultrapassar limites. Lilith personifica para mim esse sentimento. Um medo e um fasc\u00ednio expressos em uma mulher nua que tem aos seus p\u00e9s uma cobra que lhe circunda. Percebo como algo amb\u00edguo entre inocente e perigoso, ousado, desprovido de limites. &#8216;Uma mulher que \u00e9 como a pr\u00f3pria lua, t\u00e3o linda, que s\u00f3 espalha sofrimento, t\u00e3o cheia de pudor que vive nua&#8230;&#8217;, como diria Vin\u00edcius de Morais.<\/p>\n<p>Aqui chegamos para mim no que quis perguntar sobre o amor. Eu estou interessada pelo que \u00e9 amb\u00edguo no amor, percebo que isso provoca as emo\u00e7\u00f5es das pessoas. Penso que muitos sentimentos se unem em uma complexidade quando pronunciamos a palavra amor. E essa confus\u00e3o tamb\u00e9m provoca muito sofrimento. Observei algumas mulheres sofrendo confundindo amor com medo, e por isso tamb\u00e9m pensei no simbolismo do dem\u00f4nio.<\/p>\n<p>Do amor e outros dem\u00f4nios inspira amor e medo e lembra o romance de um autor muito querido na minha adolesc\u00eancia. Amo a maneira que Gabriel Garcia Marques conta hist\u00f3rias, e quis tamb\u00e9m o homenagear em sua presteza em fazer coisas bonitas.<\/p>\n<p>Esta primeira roda de conversa sobre o amor quer muito come\u00e7ar. E inicia perguntando, conversando, ouvindo o que as pessoas t\u00eam para dizer sobre este tema. Vou apresentar imagens provocadoras e depois pretendo ficar bem atenta para o que juntos vamos tecer.&#8221;<\/p>\n","protected":false},"excerpt":{"rendered":"<p>Curiosos em observar o amor sob diversas \u00f3ticas est\u00e3o convidados para primeira Roda de Conversa: do amor e outros dem\u00f4nios que acontecer\u00e1 no dia 31 de mar\u00e7o (quinta-feira), das 18 \u00e0s 19h, no Horizonte Desenvolvimento Humano, no Po\u00e7o da Panela. Os interessados devem confirmar presen\u00e7a, atrav\u00e9s dos telefones: 3268.6588 \/ 99504.2219 (Tim\/Whatsapp). &#8220;A proposta das [&hellip;]<\/p>\n","protected":false},"author":1,"featured_media":24075,"comment_status":"open","ping_status":"open","sticky":false,"template":"","format":"standard","meta":{"om_disable_all_campaigns":false,"_monsterinsights_skip_tracking":false,"_monsterinsights_sitenote_active":false,"_monsterinsights_sitenote_note":"","_monsterinsights_sitenote_category":0,"footnotes":""},"categories":[8,214],"tags":[144,238],"acf":[],"publishpress_future_action":{"enabled":false,"date":"1969-12-31 21:00:00","action":"","terms":[],"taxonomy":"","browser_timezone_offset":0},"_links":{"self":[{"href":"https:\/\/portalfloresnoar.com\/floresnoar\/wp-json\/wp\/v2\/posts\/24073"}],"collection":[{"href":"https:\/\/portalfloresnoar.com\/floresnoar\/wp-json\/wp\/v2\/posts"}],"about":[{"href":"https:\/\/portalfloresnoar.com\/floresnoar\/wp-json\/wp\/v2\/types\/post"}],"author":[{"embeddable":true,"href":"https:\/\/portalfloresnoar.com\/floresnoar\/wp-json\/wp\/v2\/users\/1"}],"replies":[{"embeddable":true,"href":"https:\/\/portalfloresnoar.com\/floresnoar\/wp-json\/wp\/v2\/comments?post=24073"}],"version-history":[{"count":0,"href":"https:\/\/portalfloresnoar.com\/floresnoar\/wp-json\/wp\/v2\/posts\/24073\/revisions"}],"wp:featuredmedia":[{"embeddable":true,"href":"https:\/\/portalfloresnoar.com\/floresnoar\/wp-json\/wp\/v2\/media\/24075"}],"wp:attachment":[{"href":"https:\/\/portalfloresnoar.com\/floresnoar\/wp-json\/wp\/v2\/media?parent=24073"}],"wp:term":[{"taxonomy":"category","embeddable":true,"href":"https:\/\/portalfloresnoar.com\/floresnoar\/wp-json\/wp\/v2\/categories?post=24073"},{"taxonomy":"post_tag","embeddable":true,"href":"https:\/\/portalfloresnoar.com\/floresnoar\/wp-json\/wp\/v2\/tags?post=24073"}],"curies":[{"name":"wp","href":"https:\/\/api.w.org\/{rel}","templated":true}]}}