

{"id":24064,"date":"2016-05-19T07:00:19","date_gmt":"2016-05-19T10:00:19","guid":{"rendered":"http:\/\/portalfloresnoar.com\/floresnoar\/?p=24064"},"modified":"2016-05-19T10:15:12","modified_gmt":"2016-05-19T13:15:12","slug":"confira-entrevista-sobre-a-pos-graduacao-em-psicologia-junguiana-que-sera-realizada-no-recife","status":"publish","type":"post","link":"https:\/\/portalfloresnoar.com\/floresnoar\/confira-entrevista-sobre-a-pos-graduacao-em-psicologia-junguiana-que-sera-realizada-no-recife\/","title":{"rendered":"CONFIRA ENTREVISTA SOBRE A P\u00d3S-GRADUA\u00c7\u00c3O EM PSICOLOGIA JUNGUIANA QUE SER\u00c1 REALIZADA NO RECIFE"},"content":{"rendered":"<p><img decoding=\"async\" loading=\"lazy\" class=\"aligncenter size-full wp-image-24065\" alt=\"terapeutas junguianas recife\" src=\"http:\/\/portalfloresnoar.com\/floresnoar\/wp-content\/uploads\/2016\/03\/terapeutas-junguianas-recife.jpg\" width=\"750\" height=\"354\" srcset=\"https:\/\/portalfloresnoar.com\/floresnoar\/wp-content\/uploads\/2016\/03\/terapeutas-junguianas-recife.jpg 750w, https:\/\/portalfloresnoar.com\/floresnoar\/wp-content\/uploads\/2016\/03\/terapeutas-junguianas-recife-300x141.jpg 300w\" sizes=\"(max-width: 750px) 100vw, 750px\" \/><\/p>\n<p><em>Recife sedia a partir de julho de 2016 a esperada\u00a0<a href=\"http:\/\/portalfloresnoar.com\/floresnoar\/pos-graduacao-em-psicologia-junguiana-com-enfoque-na-pratica-clinica-a-partir-de-julho-no-recife\/\" target=\"_blank\">P\u00f3s-gradua\u00e7\u00e3o em Psicologia Junguiana com Enfoque na Pr\u00e1tica Cl\u00ednica<\/a>. Para saber mais sobre o curso, acompanhe a entrevista realizada com as coordenadoras da P\u00f3s,\u00a0Alessandra Guimar\u00e3es ,\u00a0L\u00edvia Campello,\u00a0Manuelle Andreani e\u00a0Sayuri Matsumiya.<\/em><\/p>\n<p><strong>Como surgiu a ideia de oferecer o curso de Especializa\u00e7\u00e3o em Psicologia Junguiana com Enfoque na Pr\u00e1tica Cl\u00ednica?<\/strong><br \/>\nSurgiu a partir de um desejo nosso de contribuir de alguma maneira para uma amplia\u00e7\u00e3o no acesso ao aprofundamento da abordagem junguiana no Estado. Apesar de ser um te\u00f3rico muito importante para a hist\u00f3ria da psicologia, Jung ainda \u00e9 muito pouco visto nas universidades, mas o interesse pelo pensamento dele vem crescendo cada vez mais, em diversas \u00e1reas. N\u00f3s fizemos parte da primeira turma de Recife da Especializa\u00e7\u00e3o em Teoria e Pr\u00e1tica Junguiana que foi oferecida pela Universidade Veiga de Almeida (de 2007 a 2009), tendo se formado outra turma ap\u00f3s a conclus\u00e3o da nossa, e, desde ent\u00e3o, n\u00e3o houve mais cursos de especializa\u00e7\u00e3o nessa abordagem. Atualmente estamos fazendo uma Forma\u00e7\u00e3o de Analista Junguiano no Instituto de Psicologia Anal\u00edtica da Bahia, em Salvador.<\/p>\n<p>As pessoas interessadas na abordagem junguiana acabam buscando conhecimento atrav\u00e9s de cursos menores, ou como auto-didatas como n\u00f3s mesmas fizemos no in\u00edcio. Surgiu ent\u00e3o a proposta de parceria com o IDE (Instituto de Desenvolvimento Educacional), e resolvemos embarcar nessa jornada.<\/p>\n<p><strong>A quem se destina a especializa\u00e7\u00e3o?<\/strong><br \/>\nA profissionais graduados que atuem nas \u00e1reas de sa\u00fade e\/ou educa\u00e7\u00e3o. Nossa ideia \u00e9 oferecer um embasamento para a pr\u00e1tica profissional exercida pelo vi\u00e9s da abordagem. O curso ter\u00e1 um enfoque cl\u00ednico, trazendo temas e quest\u00f5es relacionadas \u00e0 vis\u00e3o e ao manejo do profissional no contexto em que ele atua.<\/p>\n<p><strong>Como vai funcionar o curso?<\/strong><br \/>\nSer\u00e3o oferecidos 18 m\u00f3dulos te\u00f3ricos mensais, com aulas nos s\u00e1bados e domingos, uma vez por m\u00eas. Ao final desses m\u00f3dulos haver\u00e1 a possibilidade de o(a) aluno(a) fazer um est\u00e1gio optativo durante 4 meses, numa cl\u00ednica de sa\u00fade mental que atua com base na Psicologia Anal\u00edtica. Tamb\u00e9m haver\u00e1 supervis\u00e3o cl\u00ednica ao longo do curso, com discuss\u00e3o dos casos trazidos pelos alunos. Al\u00e9m de professores do Recife, tamb\u00e9m convidaremos professores de outros estados para dar m\u00f3dulos do curso.<\/p>\n<p><strong>Como pode ser feito o processo de inscri\u00e7\u00e3o e matr\u00edcula?<\/strong><br \/>\nNo momento estamos colhendo os dados dos interessados para fecharmos a turma. O percurso que o aluno precisa fazer \u00e9 primeiro entrar em contato com o <a href=\"www.idecursos.com.br\/curso\/400\/psicologia-junguiana-com-enfoque-na-pratica-clinica\/\" target=\"_blank\">IDE<\/a> e deixar seus dados para inscri\u00e7\u00e3o. Assim que a turma for fechada, o IDE entrar\u00e1 em contato com os alunos para que efetuem a matr\u00edcula. A previs\u00e3o de in\u00edcio do curso \u00e9 julho desse ano, mas se a turma for formada antes, pode ser que haja um adiantamento nesse in\u00edcio. Os interessados podem entrar em contato com o pr\u00f3prio IDE ou conosco, caso haja alguma d\u00favida a respeito do curso.<\/p>\n<p><strong><em>Veja tamb\u00e9m:\u00a0<\/em><\/strong><span style=\"text-decoration: underline;\"><a href=\"http:\/\/portalfloresnoar.com\/floresnoar\/pos-graduacao-em-psicologia-junguiana-com-enfoque-na-pratica-clinica-a-partir-de-julho-no-recife\/\" target=\"_blank\">P\u00f3s-gradua\u00e7\u00e3o em Psicologia Junguiana com Enfoque na Pr\u00e1tica Cl\u00ednica, a partir de julho, no Recife<\/a><\/span><\/p>\n","protected":false},"excerpt":{"rendered":"<p>Recife sedia a partir de julho de 2016 a esperada\u00a0P\u00f3s-gradua\u00e7\u00e3o em Psicologia Junguiana com Enfoque na Pr\u00e1tica Cl\u00ednica. Para saber mais sobre o curso, acompanhe a entrevista realizada com as coordenadoras da P\u00f3s,\u00a0Alessandra Guimar\u00e3es ,\u00a0L\u00edvia Campello,\u00a0Manuelle Andreani e\u00a0Sayuri Matsumiya. Como surgiu a ideia de oferecer o curso de Especializa\u00e7\u00e3o em Psicologia Junguiana com Enfoque na [&hellip;]<\/p>\n","protected":false},"author":1,"featured_media":24065,"comment_status":"open","ping_status":"open","sticky":false,"template":"","format":"standard","meta":{"om_disable_all_campaigns":false,"_monsterinsights_skip_tracking":false,"_monsterinsights_sitenote_active":false,"_monsterinsights_sitenote_note":"","_monsterinsights_sitenote_category":0,"footnotes":""},"categories":[11],"tags":[167,60],"acf":[],"publishpress_future_action":{"enabled":false,"date":"1969-12-31 21:00:00","action":"","terms":[],"taxonomy":"","browser_timezone_offset":0},"_links":{"self":[{"href":"https:\/\/portalfloresnoar.com\/floresnoar\/wp-json\/wp\/v2\/posts\/24064"}],"collection":[{"href":"https:\/\/portalfloresnoar.com\/floresnoar\/wp-json\/wp\/v2\/posts"}],"about":[{"href":"https:\/\/portalfloresnoar.com\/floresnoar\/wp-json\/wp\/v2\/types\/post"}],"author":[{"embeddable":true,"href":"https:\/\/portalfloresnoar.com\/floresnoar\/wp-json\/wp\/v2\/users\/1"}],"replies":[{"embeddable":true,"href":"https:\/\/portalfloresnoar.com\/floresnoar\/wp-json\/wp\/v2\/comments?post=24064"}],"version-history":[{"count":0,"href":"https:\/\/portalfloresnoar.com\/floresnoar\/wp-json\/wp\/v2\/posts\/24064\/revisions"}],"wp:featuredmedia":[{"embeddable":true,"href":"https:\/\/portalfloresnoar.com\/floresnoar\/wp-json\/wp\/v2\/media\/24065"}],"wp:attachment":[{"href":"https:\/\/portalfloresnoar.com\/floresnoar\/wp-json\/wp\/v2\/media?parent=24064"}],"wp:term":[{"taxonomy":"category","embeddable":true,"href":"https:\/\/portalfloresnoar.com\/floresnoar\/wp-json\/wp\/v2\/categories?post=24064"},{"taxonomy":"post_tag","embeddable":true,"href":"https:\/\/portalfloresnoar.com\/floresnoar\/wp-json\/wp\/v2\/tags?post=24064"}],"curies":[{"name":"wp","href":"https:\/\/api.w.org\/{rel}","templated":true}]}}