

{"id":24028,"date":"2016-02-15T08:52:03","date_gmt":"2016-02-15T11:52:03","guid":{"rendered":"http:\/\/portalfloresnoar.com\/floresnoar\/?p=24028"},"modified":"2016-03-24T15:32:14","modified_gmt":"2016-03-24T18:32:14","slug":"encontro-leitura-de-aura-solidaria-dia-223-no-gerar","status":"publish","type":"post","link":"https:\/\/portalfloresnoar.com\/floresnoar\/encontro-leitura-de-aura-solidaria-dia-223-no-gerar\/","title":{"rendered":"Encontro de Leitura de Aura Solid\u00e1ria dia 22\/3 no Gerar"},"content":{"rendered":"<p><img decoding=\"async\" loading=\"lazy\" class=\"aligncenter size-full wp-image-24030\" alt=\"leitura de aura solid\u00e1ria\" src=\"http:\/\/portalfloresnoar.com\/floresnoar\/wp-content\/uploads\/2016\/03\/leitura-de-aura-solid\u00e1ria.jpg\" width=\"556\" height=\"787\" srcset=\"https:\/\/portalfloresnoar.com\/floresnoar\/wp-content\/uploads\/2016\/03\/leitura-de-aura-solid\u00e1ria.jpg 556w, https:\/\/portalfloresnoar.com\/floresnoar\/wp-content\/uploads\/2016\/03\/leitura-de-aura-solid\u00e1ria-211x300.jpg 211w\" sizes=\"(max-width: 556px) 100vw, 556px\" \/><\/p>\n<p>No dia 22 de mar\u00e7o 2016 (ter\u00e7a-feira), das 19h \u00e0s 22h, no Espa\u00e7o Gerar, haver\u00e1 o Encontro Leitura de Aura Solid\u00e1ria, promovido pelo Fontes de Luz com Leitores de Aura em treino.<\/p>\n<p>A Aura \u00e9 um campo energ\u00e9tico que guarda a ess\u00eancia de cada pessoa com todas as suas informa\u00e7\u00f5es, e atrav\u00e9s da leitura deste campo energ\u00e9tico \u2013 a Leitura de Aura \u2013 o estado interior \u00e9 revelado: emo\u00e7\u00f5es, pensamentos, bloqueios e potenciais.<\/p>\n<p>As Leituras de Aura s\u00e3o individuais e t\u00eam dura\u00e7\u00e3o de 30 minutos.<\/p>\n<p>Os interessados devem fazer as inscri\u00e7\u00f5es previamente atrav\u00e9s do e-mail: contato@fontesdeluz.com.br<\/p>\n<p>\u00c9 sugerida a contribui\u00e7\u00e3o de R$ 25,00.<\/p>\n<p>As vagas s\u00e3o limitadas!<\/p>\n<p>MAIS INFORMA\u00c7\u00d5ES<br \/>\nE-mail: contato@fontesdeluz.com.br<br \/>\nFone: (81) 99902.0991<br \/>\nLocal: Espa\u00e7o Gerar, Rua Jorge de Albuquerque, 103, Casa Forte, Recife-PE. Fone: (81) 3268.1749.<\/p>\n","protected":false},"excerpt":{"rendered":"<p>No dia 22 de mar\u00e7o 2016 (ter\u00e7a-feira), das 19h \u00e0s 22h, no Espa\u00e7o Gerar, haver\u00e1 o Encontro Leitura de Aura Solid\u00e1ria, promovido pelo Fontes de Luz com Leitores de Aura em treino. A Aura \u00e9 um campo energ\u00e9tico que guarda a ess\u00eancia de cada pessoa com todas as suas informa\u00e7\u00f5es, e atrav\u00e9s da leitura deste [&hellip;]<\/p>\n","protected":false},"author":1,"featured_media":24029,"comment_status":"open","ping_status":"open","sticky":false,"template":"","format":"standard","meta":{"om_disable_all_campaigns":false,"_monsterinsights_skip_tracking":false,"_monsterinsights_sitenote_active":false,"_monsterinsights_sitenote_note":"","_monsterinsights_sitenote_category":0,"footnotes":""},"categories":[8,224,214],"tags":[246],"acf":[],"publishpress_future_action":{"enabled":false,"date":"1969-12-31 21:00:00","action":"","terms":[],"taxonomy":"","browser_timezone_offset":0},"_links":{"self":[{"href":"https:\/\/portalfloresnoar.com\/floresnoar\/wp-json\/wp\/v2\/posts\/24028"}],"collection":[{"href":"https:\/\/portalfloresnoar.com\/floresnoar\/wp-json\/wp\/v2\/posts"}],"about":[{"href":"https:\/\/portalfloresnoar.com\/floresnoar\/wp-json\/wp\/v2\/types\/post"}],"author":[{"embeddable":true,"href":"https:\/\/portalfloresnoar.com\/floresnoar\/wp-json\/wp\/v2\/users\/1"}],"replies":[{"embeddable":true,"href":"https:\/\/portalfloresnoar.com\/floresnoar\/wp-json\/wp\/v2\/comments?post=24028"}],"version-history":[{"count":0,"href":"https:\/\/portalfloresnoar.com\/floresnoar\/wp-json\/wp\/v2\/posts\/24028\/revisions"}],"wp:featuredmedia":[{"embeddable":true,"href":"https:\/\/portalfloresnoar.com\/floresnoar\/wp-json\/wp\/v2\/media\/24029"}],"wp:attachment":[{"href":"https:\/\/portalfloresnoar.com\/floresnoar\/wp-json\/wp\/v2\/media?parent=24028"}],"wp:term":[{"taxonomy":"category","embeddable":true,"href":"https:\/\/portalfloresnoar.com\/floresnoar\/wp-json\/wp\/v2\/categories?post=24028"},{"taxonomy":"post_tag","embeddable":true,"href":"https:\/\/portalfloresnoar.com\/floresnoar\/wp-json\/wp\/v2\/tags?post=24028"}],"curies":[{"name":"wp","href":"https:\/\/api.w.org\/{rel}","templated":true}]}}