

{"id":24014,"date":"2016-02-11T08:03:48","date_gmt":"2016-02-11T11:03:48","guid":{"rendered":"http:\/\/portalfloresnoar.com\/floresnoar\/?p=24014"},"modified":"2016-03-24T15:41:31","modified_gmt":"2016-03-24T18:41:31","slug":"curso-forca-vital-quantica-com-a-terapeuta-ilma-cabral-de-17-a-20-de-marco-em-aldeiape","status":"publish","type":"post","link":"https:\/\/portalfloresnoar.com\/floresnoar\/curso-forca-vital-quantica-com-a-terapeuta-ilma-cabral-de-17-a-20-de-marco-em-aldeiape\/","title":{"rendered":"Curso For\u00e7a Vital Qu\u00e2ntica com a terapeuta Ilma Cabral de 17 a 20 de mar\u00e7o em Aldeia\/PE"},"content":{"rendered":"<p><img decoding=\"async\" loading=\"lazy\" class=\"aligncenter size-full wp-image-24015\" alt=\"forca vital quantica\" src=\"http:\/\/portalfloresnoar.com\/floresnoar\/wp-content\/uploads\/2016\/03\/forca-vital-quantica.jpg\" width=\"720\" height=\"960\" srcset=\"https:\/\/portalfloresnoar.com\/floresnoar\/wp-content\/uploads\/2016\/03\/forca-vital-quantica.jpg 720w, https:\/\/portalfloresnoar.com\/floresnoar\/wp-content\/uploads\/2016\/03\/forca-vital-quantica-225x300.jpg 225w\" sizes=\"(max-width: 720px) 100vw, 720px\" \/><\/p>\n<p>A fisioterapeuta, osteopata e terapeuta Qu\u00e2ntica\u00a0Ilma Cabral, do Instituto Avan\u00e7ado de Osteopatia (Inavo), realiza\u00a0de 17 a 20 de mar\u00e7o, \u00a0o Curso\u00a0For\u00e7a Vital Qu\u00e2ntica, no Espa\u00e7o Shalom, localizado em Aldeia, munic\u00edpio de Camaragibe\/PE.\u00a0O encontro tem como objetivo mostrar \u00a0a for\u00e7a energ\u00e9tica que o ser humano tem em seu interior, podendo mudar toda sua estrutura f\u00edsica e mental e se livrar de doen\u00e7as.<\/p>\n<p><strong>Conte\u00fado program\u00e1tico:<\/strong><br \/>\n&#8211; O que \u00e9 For\u00e7a Vital<br \/>\n&#8211; A cura do corpo f\u00edsico pelo emocional<br \/>\n&#8211; Doen\u00e7a &#8211; como se livrar dela<br \/>\n&#8211; A vis\u00e3o da medicina qu\u00e2ntica<br \/>\n&#8211; Como o amor pode te salvar<br \/>\n&#8211; O poder do pensamento<br \/>\n&#8211; O que pode causar o medo na sua vida<br \/>\n&#8211; Como evitar o c\u00e2ncer<br \/>\n&#8211; Como buscar sua pr\u00f3pria cura<br \/>\n&#8211; Se livre da gen\u00e9tica<br \/>\n&#8211; Aprenda a visualizar sua aura e a de outras pessoas<br \/>\n&#8211; Como potencializar sua energia<br \/>\n&#8211; Conhe\u00e7a sobre o poder da palavra<br \/>\n&#8211; Como super potencializar sua energia<\/p>\n<p>Obs: Est\u00e3o inclusos no valor a apostila e o certificado, que ser\u00e1 emitido pelo Instituto Avan\u00e7ado em Osteopatia via email, para os alunos que tiverem presen\u00e7a de 100%.<\/p>\n<p><strong>Fone\/Whatsapp: <\/strong>81-99351-5979<br \/>\n<strong>E-mail: <\/strong>luciahelena@espacoshalom.com.br<\/p>\n<p>MAIS INFORMA\u00c7\u00d5ES<br \/>\n<a href=\"http:\/\/www.espacoshalom.com.br\" target=\"_blank\">www.espacoshalom.com.br<\/a><br \/>\n<a href=\"http:\/\/www.ilmaosteopatia.wix.com\/inavo\" target=\"_blank\">www.ilmaosteopatia.wix.com\/inavo<\/a><\/p>\n","protected":false},"excerpt":{"rendered":"<p>A fisioterapeuta, osteopata e terapeuta Qu\u00e2ntica\u00a0Ilma Cabral, do Instituto Avan\u00e7ado de Osteopatia (Inavo), realiza\u00a0de 17 a 20 de mar\u00e7o, \u00a0o Curso\u00a0For\u00e7a Vital Qu\u00e2ntica, no Espa\u00e7o Shalom, localizado em Aldeia, munic\u00edpio de Camaragibe\/PE.\u00a0O encontro tem como objetivo mostrar \u00a0a for\u00e7a energ\u00e9tica que o ser humano tem em seu interior, podendo mudar toda sua estrutura f\u00edsica e [&hellip;]<\/p>\n","protected":false},"author":1,"featured_media":24017,"comment_status":"open","ping_status":"open","sticky":false,"template":"","format":"standard","meta":{"om_disable_all_campaigns":false,"_monsterinsights_skip_tracking":false,"_monsterinsights_sitenote_active":false,"_monsterinsights_sitenote_note":"","_monsterinsights_sitenote_category":0,"footnotes":""},"categories":[8,214],"tags":[25,308],"acf":[],"publishpress_future_action":{"enabled":false,"date":"1969-12-31 21:00:00","action":"","terms":[],"taxonomy":"","browser_timezone_offset":0},"_links":{"self":[{"href":"https:\/\/portalfloresnoar.com\/floresnoar\/wp-json\/wp\/v2\/posts\/24014"}],"collection":[{"href":"https:\/\/portalfloresnoar.com\/floresnoar\/wp-json\/wp\/v2\/posts"}],"about":[{"href":"https:\/\/portalfloresnoar.com\/floresnoar\/wp-json\/wp\/v2\/types\/post"}],"author":[{"embeddable":true,"href":"https:\/\/portalfloresnoar.com\/floresnoar\/wp-json\/wp\/v2\/users\/1"}],"replies":[{"embeddable":true,"href":"https:\/\/portalfloresnoar.com\/floresnoar\/wp-json\/wp\/v2\/comments?post=24014"}],"version-history":[{"count":0,"href":"https:\/\/portalfloresnoar.com\/floresnoar\/wp-json\/wp\/v2\/posts\/24014\/revisions"}],"wp:featuredmedia":[{"embeddable":true,"href":"https:\/\/portalfloresnoar.com\/floresnoar\/wp-json\/wp\/v2\/media\/24017"}],"wp:attachment":[{"href":"https:\/\/portalfloresnoar.com\/floresnoar\/wp-json\/wp\/v2\/media?parent=24014"}],"wp:term":[{"taxonomy":"category","embeddable":true,"href":"https:\/\/portalfloresnoar.com\/floresnoar\/wp-json\/wp\/v2\/categories?post=24014"},{"taxonomy":"post_tag","embeddable":true,"href":"https:\/\/portalfloresnoar.com\/floresnoar\/wp-json\/wp\/v2\/tags?post=24014"}],"curies":[{"name":"wp","href":"https:\/\/api.w.org\/{rel}","templated":true}]}}