

{"id":23969,"date":"2016-01-18T08:00:17","date_gmt":"2016-01-18T11:00:17","guid":{"rendered":"http:\/\/portalfloresnoar.com\/floresnoar\/?p=23969"},"modified":"2016-03-15T08:45:09","modified_gmt":"2016-03-15T11:45:09","slug":"lu-rabelo-apresenta-show-poetico-musical-nesta-sexta-no-vapor-comedoria-e-bar","status":"publish","type":"post","link":"https:\/\/portalfloresnoar.com\/floresnoar\/lu-rabelo-apresenta-show-poetico-musical-nesta-sexta-no-vapor-comedoria-e-bar\/","title":{"rendered":"Lu Rabelo apresenta show po\u00e9tico-musical nesta sexta no Vapor Comedoria e Bar"},"content":{"rendered":"<p style=\"text-align: center;\"><img decoding=\"async\" loading=\"lazy\" class=\"aligncenter  wp-image-23970\" alt=\"lu rabelo vapor 2\" src=\"http:\/\/portalfloresnoar.com\/floresnoar\/wp-content\/uploads\/2016\/03\/lu-rabelo-vapor-2.jpg\" width=\"638\" height=\"638\" srcset=\"https:\/\/portalfloresnoar.com\/floresnoar\/wp-content\/uploads\/2016\/03\/lu-rabelo-vapor-2.jpg 886w, https:\/\/portalfloresnoar.com\/floresnoar\/wp-content\/uploads\/2016\/03\/lu-rabelo-vapor-2-150x150.jpg 150w, https:\/\/portalfloresnoar.com\/floresnoar\/wp-content\/uploads\/2016\/03\/lu-rabelo-vapor-2-300x300.jpg 300w, https:\/\/portalfloresnoar.com\/floresnoar\/wp-content\/uploads\/2016\/03\/lu-rabelo-vapor-2-100x100.jpg 100w\" sizes=\"(max-width: 638px) 100vw, 638px\" \/><\/p>\n<p>O projeto #MaisVapor, do Vapor Comedoria e Bar, promove nesta sexta-feira (11\/3), \u00e0s 20h, pocket-show com Lu Rabelo, acompanhada dos viol\u00f5es de Ant\u00f4nio de Hollanda e Rog\u00ea Victor e da percuss\u00e3o de Felipe Weinberg. A apresenta\u00e7\u00e3o tamb\u00e9m contar\u00e1 com as participa\u00e7\u00f5es da musicista francesa Elsa, no acordeon, e da poetisa Luna Vitrolira.<\/p>\n<p>O #Mais Vapor re\u00fane apresenta\u00e7\u00f5es de artistas nas noites de sexta na casa, que tem se tornado point cultural nas noites de Santo Amaro e se firma em conceitos de economia solid\u00e1ria e sustentabilidade. O couvert \u00e9 R$ 7,00 e o Vapor fica na Rua Rocha Pitta, 108, Santo Amaro (rua paralela \u00e0 rua do Lima).<\/p>\n<p>Lu Rabelo \u00e9 poeta, declamadora, cantora e compositora e desde maio de 2014 apresenta seu trabalho po\u00e9tico-musical, cujo fio condutor se ampara nas for\u00e7as da natureza, paix\u00f5es, o tempo e o ser. \u201cEscrever, compor, declamar, cantar me tornam inteira e nua. Acesso minha alma e expresso minha ess\u00eancia. Este \u00e9 o meu caminho de cura!\u201d, declara a cantadeira.<\/p>\n<p>Guiada pela intui\u00e7\u00e3o, emo\u00e7\u00e3o, espontaneidade e experimentalismo, sua obra possui ra\u00edzes no Sert\u00e3o do Paje\u00fa, terra de seus pais. Nascida em Bras\u00edlia, a artista mora h\u00e1 mais de 30 anos no Recife, onde atuou como jornalista, arteterapeuta e educadora. A poesia entrou na sua vida na d\u00e9cada de 2000 e seu primeiro cordel &#8211; \u2018O Cordel da TV Digital\u2019 &#8211; ganhou alcance nacional por ter sido lido publicamente pelo ent\u00e3o ministro da Cultura, Gilberto Gil. Lu Rabelo tamb\u00e9m integra a premiada dupla po\u00e9tica &#8216;As Cumade&#8217;.<\/p>\n<p>Em 2010 come\u00e7aram a surgir as melodias, e muitos dos poemas de Lu Rabelo se transformaram em can\u00e7\u00f5es. E outras can\u00e7\u00f5es surgiram trazendo novos poemas. Junto com o multi-instrumentista Rog\u00ea Victor, que arranjou quase todas as m\u00fasicas da artista, nasceram blues, reggaes, xotes, sambas, baladas, ciranda, coco, maracatu, ijex\u00e1\u2026 Possui cerca de 30 can\u00e7\u00f5es pr\u00f3prias, al\u00e9m de algumas parcerias.<\/p>\n<p><strong>Evento no Facebook:<\/strong> <a href=\"https:\/\/www.facebook.com\/events\/191597794546505\/\" target=\"_blank\">https:\/\/www.facebook.com\/events\/191597794546505\/<\/a><\/p>\n<p><strong>Fanpage do Vapor Comedoria e Bar:<\/strong> <a href=\"https:\/\/www.facebook.com\/vaporcomedoria\" target=\"_blank\">https:\/\/www.facebook.com\/vaporcomedoria<\/a><\/p>\n<p><em>Foto: Luciana Ourique<br \/>\nArte do flyer: Luana Rabelo<\/em><\/p>\n","protected":false},"excerpt":{"rendered":"<p>O projeto #MaisVapor, do Vapor Comedoria e Bar, promove nesta sexta-feira (11\/3), \u00e0s 20h, pocket-show com Lu Rabelo, acompanhada dos viol\u00f5es de Ant\u00f4nio de Hollanda e Rog\u00ea Victor e da percuss\u00e3o de Felipe Weinberg. A apresenta\u00e7\u00e3o tamb\u00e9m contar\u00e1 com as participa\u00e7\u00f5es da musicista francesa Elsa, no acordeon, e da poetisa Luna Vitrolira. O #Mais Vapor [&hellip;]<\/p>\n","protected":false},"author":1,"featured_media":23971,"comment_status":"open","ping_status":"open","sticky":false,"template":"","format":"standard","meta":{"om_disable_all_campaigns":false,"_monsterinsights_skip_tracking":false,"_monsterinsights_sitenote_active":false,"_monsterinsights_sitenote_note":"","_monsterinsights_sitenote_category":0,"footnotes":""},"categories":[8,214],"tags":[125],"acf":[],"publishpress_future_action":{"enabled":false,"date":"1969-12-31 21:00:00","action":"","terms":[],"taxonomy":"","browser_timezone_offset":0},"_links":{"self":[{"href":"https:\/\/portalfloresnoar.com\/floresnoar\/wp-json\/wp\/v2\/posts\/23969"}],"collection":[{"href":"https:\/\/portalfloresnoar.com\/floresnoar\/wp-json\/wp\/v2\/posts"}],"about":[{"href":"https:\/\/portalfloresnoar.com\/floresnoar\/wp-json\/wp\/v2\/types\/post"}],"author":[{"embeddable":true,"href":"https:\/\/portalfloresnoar.com\/floresnoar\/wp-json\/wp\/v2\/users\/1"}],"replies":[{"embeddable":true,"href":"https:\/\/portalfloresnoar.com\/floresnoar\/wp-json\/wp\/v2\/comments?post=23969"}],"version-history":[{"count":0,"href":"https:\/\/portalfloresnoar.com\/floresnoar\/wp-json\/wp\/v2\/posts\/23969\/revisions"}],"wp:featuredmedia":[{"embeddable":true,"href":"https:\/\/portalfloresnoar.com\/floresnoar\/wp-json\/wp\/v2\/media\/23971"}],"wp:attachment":[{"href":"https:\/\/portalfloresnoar.com\/floresnoar\/wp-json\/wp\/v2\/media?parent=23969"}],"wp:term":[{"taxonomy":"category","embeddable":true,"href":"https:\/\/portalfloresnoar.com\/floresnoar\/wp-json\/wp\/v2\/categories?post=23969"},{"taxonomy":"post_tag","embeddable":true,"href":"https:\/\/portalfloresnoar.com\/floresnoar\/wp-json\/wp\/v2\/tags?post=23969"}],"curies":[{"name":"wp","href":"https:\/\/api.w.org\/{rel}","templated":true}]}}