

{"id":23968,"date":"2016-03-27T23:02:24","date_gmt":"2016-03-28T02:02:24","guid":{"rendered":"http:\/\/portalfloresnoar.com\/floresnoar\/?p=23968"},"modified":"2016-04-06T11:35:29","modified_gmt":"2016-04-06T14:35:29","slug":"pos-graduacao-em-psicologia-junguiana-com-enfoque-na-pratica-clinica-a-partir-de-julho-no-recife","status":"publish","type":"post","link":"https:\/\/portalfloresnoar.com\/floresnoar\/pos-graduacao-em-psicologia-junguiana-com-enfoque-na-pratica-clinica-a-partir-de-julho-no-recife\/","title":{"rendered":"P\u00f3s-gradua\u00e7\u00e3o em Psicologia Junguiana com Enfoque na Pr\u00e1tica Cl\u00ednica, a partir de julho, no Recife"},"content":{"rendered":"<p>Em julho de 2016 tem in\u00edcio no Recife a P\u00f3s-gradua\u00e7\u00e3o em Psicologia Junguiana com Enfoque na Pr\u00e1tica Cl\u00ednica, voltada a profissionais graduados que atuem nas \u00e1reas de Sa\u00fade e\/ou Educa\u00e7\u00e3o. As aulas ser\u00e3o realizadas durante um final de semana por m\u00eas, iniciando nos dias 30 e 31 de julho, na sede do Instituto de Desenvolvimento Educacional (IDE-Recife). A realiza\u00e7\u00e3o do curso no Recife \u00e9 uma parceria entre o Lumen Novum e o IDE.<\/p>\n<p>O curso tem como objetivo possibilitar conhecimento te\u00f3rico e pr\u00e1tico da Psicologia Junguiana, com enfoque na pr\u00e1tica cl\u00ednica, para viabilizar a atua\u00e7\u00e3o profissional de acordo com tal abordagem, nas \u00e1reas de sa\u00fade e\/ou educa\u00e7\u00e3o, de maneira qualificada.<\/p>\n<p><strong>Grade do Curso<\/strong><br \/>\nA Constru\u00e7\u00e3o da Psicologia Junguiana<br \/>\nIntrodu\u00e7\u00e3o \u00e0 Psicologia Cl\u00ednica<br \/>\nFundamentos de Psicologia Anal\u00edtica I<br \/>\nFundamentos de Psicologia Anal\u00edtica Ii<br \/>\nCl\u00ednica Junguiana<br \/>\nSonhos na Cl\u00ednica Junguiana<br \/>\nMitologia e Contos de Fadas<br \/>\nPsicopatologia<br \/>\nPsicologia e Alquimia<br \/>\nPsicologia e Religi\u00e3o<br \/>\nMetodologia Cient\u00edfica<br \/>\nSupervis\u00e3o Cl\u00ednica<br \/>\nEst\u00e1gio Supervisionado Opcional<\/p>\n<p><strong>Coordena\u00e7\u00e3o:<\/strong><br \/>\nAlessandra Maria Guimar\u00e3es Campos da Silva<br \/>\nL\u00edvia Pessoa Campello<br \/>\nManuelle Andreani<br \/>\nSayuri Matsumiya Alves Arruda<\/p>\n<p><strong>Investimento:<\/strong> Matr\u00edcula R$ 190,00 + 22 de R$ 360,00 *<br \/>\n* valor j\u00e1 com 10% de desconto para pagamento at\u00e9 o vencimento. Ap\u00f3s o vencimento o valor ser\u00e1 R$ 400,00.<br \/>\n<strong>Carga hor\u00e1ria:<\/strong> 410 horas<br \/>\n<strong>Dura\u00e7\u00e3o:<\/strong> 21 meses<br \/>\n<strong>In\u00edcio previsto:<\/strong> 30 e 31 de julho de 2016.<\/p>\n<p><strong>Mais informa\u00e7\u00f5es e inscri\u00e7\u00f5es:<\/strong><br \/>\n(81) 988631178 (J\u00e9ssica)\/ 3465-0002 | 0800 081 3256<br \/>\n<a href=\"http:\/\/www.idecursos.com.br\/curso\/400\/psicologia-junguiana-com-enfoque-na-pratica-clinica\/\" target=\"_blank\" rel=\"noreferrer\">www.idecursos.com.br\/curso\/<wbr \/>400\/psicologia-junguiana-com-<wbr \/>enfoque-na-pratica-clinica\/<\/a><\/p>\n","protected":false},"excerpt":{"rendered":"<p>Em julho de 2016 tem in\u00edcio no Recife a P\u00f3s-gradua\u00e7\u00e3o em Psicologia Junguiana com Enfoque na Pr\u00e1tica Cl\u00ednica, voltada a profissionais graduados que atuem nas \u00e1reas de Sa\u00fade e\/ou Educa\u00e7\u00e3o. As aulas ser\u00e3o realizadas durante um final de semana por m\u00eas, iniciando nos dias 30 e 31 de julho, na sede do Instituto de Desenvolvimento [&hellip;]<\/p>\n","protected":false},"author":1,"featured_media":23976,"comment_status":"open","ping_status":"open","sticky":false,"template":"","format":"standard","meta":{"om_disable_all_campaigns":false,"_monsterinsights_skip_tracking":false,"_monsterinsights_sitenote_active":false,"_monsterinsights_sitenote_note":"","_monsterinsights_sitenote_category":0,"footnotes":""},"categories":[8,224,214],"tags":[167,60],"acf":[],"publishpress_future_action":{"enabled":false,"date":"1969-12-31 21:00:00","action":"","terms":[],"taxonomy":"","browser_timezone_offset":0},"_links":{"self":[{"href":"https:\/\/portalfloresnoar.com\/floresnoar\/wp-json\/wp\/v2\/posts\/23968"}],"collection":[{"href":"https:\/\/portalfloresnoar.com\/floresnoar\/wp-json\/wp\/v2\/posts"}],"about":[{"href":"https:\/\/portalfloresnoar.com\/floresnoar\/wp-json\/wp\/v2\/types\/post"}],"author":[{"embeddable":true,"href":"https:\/\/portalfloresnoar.com\/floresnoar\/wp-json\/wp\/v2\/users\/1"}],"replies":[{"embeddable":true,"href":"https:\/\/portalfloresnoar.com\/floresnoar\/wp-json\/wp\/v2\/comments?post=23968"}],"version-history":[{"count":0,"href":"https:\/\/portalfloresnoar.com\/floresnoar\/wp-json\/wp\/v2\/posts\/23968\/revisions"}],"wp:featuredmedia":[{"embeddable":true,"href":"https:\/\/portalfloresnoar.com\/floresnoar\/wp-json\/wp\/v2\/media\/23976"}],"wp:attachment":[{"href":"https:\/\/portalfloresnoar.com\/floresnoar\/wp-json\/wp\/v2\/media?parent=23968"}],"wp:term":[{"taxonomy":"category","embeddable":true,"href":"https:\/\/portalfloresnoar.com\/floresnoar\/wp-json\/wp\/v2\/categories?post=23968"},{"taxonomy":"post_tag","embeddable":true,"href":"https:\/\/portalfloresnoar.com\/floresnoar\/wp-json\/wp\/v2\/tags?post=23968"}],"curies":[{"name":"wp","href":"https:\/\/api.w.org\/{rel}","templated":true}]}}