

{"id":23965,"date":"2016-03-01T07:30:10","date_gmt":"2016-03-01T10:30:10","guid":{"rendered":"http:\/\/portalfloresnoar.com\/floresnoar\/?p=23965"},"modified":"2016-03-09T07:58:12","modified_gmt":"2016-03-09T10:58:12","slug":"palestra-gratuita-autodeterminacao-lucida-dia-103-com-ricardo-magalhaes","status":"publish","type":"post","link":"https:\/\/portalfloresnoar.com\/floresnoar\/palestra-gratuita-autodeterminacao-lucida-dia-103-com-ricardo-magalhaes\/","title":{"rendered":"Palestra gratuita &#8216;Autodetermina\u00e7\u00e3o L\u00facida&#8217; dia 10\/3 com Ricardo Magalh\u00e3es"},"content":{"rendered":"<p style=\"text-align: center;\"><img decoding=\"async\" loading=\"lazy\" class=\"aligncenter  wp-image-23966\" alt=\"Banner\" src=\"http:\/\/portalfloresnoar.com\/floresnoar\/wp-content\/uploads\/2016\/03\/Banner.jpg\" width=\"653\" height=\"486\" srcset=\"https:\/\/portalfloresnoar.com\/floresnoar\/wp-content\/uploads\/2016\/03\/Banner.jpg 816w, https:\/\/portalfloresnoar.com\/floresnoar\/wp-content\/uploads\/2016\/03\/Banner-300x223.jpg 300w, https:\/\/portalfloresnoar.com\/floresnoar\/wp-content\/uploads\/2016\/03\/Banner-160x120.jpg 160w\" sizes=\"(max-width: 653px) 100vw, 653px\" \/><\/p>\n<p>O que voc\u00ea sente quando olha a sua jornada e percebe que em alguns momentos, faltou lucidez nas tomadas de decis\u00f5es? Ou ent\u00e3o quando voc\u00ea gasta muita energia nas atividades mas nota que os resultados n\u00e3o foram como se esperava, nem convergentes com seus objetivos priorit\u00e1rios? A palestra &#8216;Autodetermina\u00e7\u00e3o L\u00facida&#8217; abordar\u00e1 quest\u00f5es como estas, e destacar\u00e1 alguns elementos\u00a0importantes para uma vida com sentido.<\/p>\n<p><span style=\"line-height: 1.71429; letter-spacing: 0em;\">Palestrante: Ricardo Magalh\u00e3es &#8211;<\/span>Graduado em Ci\u00eancias Cont\u00e1beis, Analista de Sistemas, Especialista em Gest\u00e3o de\u00a0Pessoas; consultor de Empresas; Brasileiro, Natural Recife, PE, Volunt\u00e1rio da\u00a0Conscienciologia desde 2011; docente e palestrante da Conscienciologia desde 2013;\u00a0co-autor (verbet\u00f3grafo) da Enciclop\u00e9dia da Conscienciologia desde 2014.<\/p>\n<p><strong>Inscri\u00e7\u00f5es gratuitas:\u00a0<\/strong><a href=\"http:\/\/www.123contactform.com\/form-1715397\/Inscricao-Palestra-Gratuita\" target=\"_blank\">http:\/\/www.123contactform.com\/form-1715397\/Inscricao-Palestra-Gratuita<\/a><\/p>\n<p><strong>Data:<\/strong> 10\/03\/2016<br \/>\n<strong>Hora:<\/strong> das 20h at\u00e9 21h<br \/>\n<strong>Evento no Face:<\/strong>\u00a0<a href=\"https:\/\/www.facebook.com\/events\/1643474972583317\/\" target=\"_blank\">https:\/\/www.facebook.com\/events\/1643474972583317\/<\/a><\/p>\n<p><strong>Site:<\/strong> <a href=\"http:\/\/intercampi.org\/agenda\/pg-autodeterminacao-lucida\/\" target=\"_blank\">http:\/\/intercampi.org\/agenda\/pg-autodeterminacao-lucida\/<\/a><\/p>\n<p><strong>Local da palestra:<\/strong>\u00a0INTERCAMPI &#8211; Associa\u00e7\u00e3o Internacional dos Campi de Pesquisa da\u00a0Conscienciologia &#8211; Avenida Engenheiro Domingos Ferreira &#8211; Boa Viagem, Recife &#8211; PE,\u00a0Brasil.<\/p>\n","protected":false},"excerpt":{"rendered":"<p>O que voc\u00ea sente quando olha a sua jornada e percebe que em alguns momentos, faltou lucidez nas tomadas de decis\u00f5es? Ou ent\u00e3o quando voc\u00ea gasta muita energia nas atividades mas nota que os resultados n\u00e3o foram como se esperava, nem convergentes com seus objetivos priorit\u00e1rios? A palestra &#8216;Autodetermina\u00e7\u00e3o L\u00facida&#8217; abordar\u00e1 quest\u00f5es como estas, e [&hellip;]<\/p>\n","protected":false},"author":1,"featured_media":23966,"comment_status":"open","ping_status":"open","sticky":false,"template":"","format":"standard","meta":{"om_disable_all_campaigns":false,"_monsterinsights_skip_tracking":false,"_monsterinsights_sitenote_active":false,"_monsterinsights_sitenote_note":"","_monsterinsights_sitenote_category":0,"footnotes":""},"categories":[8,214],"tags":[295,305],"acf":[],"publishpress_future_action":{"enabled":false,"date":"1969-12-31 21:00:00","action":"","terms":[],"taxonomy":"","browser_timezone_offset":0},"_links":{"self":[{"href":"https:\/\/portalfloresnoar.com\/floresnoar\/wp-json\/wp\/v2\/posts\/23965"}],"collection":[{"href":"https:\/\/portalfloresnoar.com\/floresnoar\/wp-json\/wp\/v2\/posts"}],"about":[{"href":"https:\/\/portalfloresnoar.com\/floresnoar\/wp-json\/wp\/v2\/types\/post"}],"author":[{"embeddable":true,"href":"https:\/\/portalfloresnoar.com\/floresnoar\/wp-json\/wp\/v2\/users\/1"}],"replies":[{"embeddable":true,"href":"https:\/\/portalfloresnoar.com\/floresnoar\/wp-json\/wp\/v2\/comments?post=23965"}],"version-history":[{"count":0,"href":"https:\/\/portalfloresnoar.com\/floresnoar\/wp-json\/wp\/v2\/posts\/23965\/revisions"}],"wp:featuredmedia":[{"embeddable":true,"href":"https:\/\/portalfloresnoar.com\/floresnoar\/wp-json\/wp\/v2\/media\/23966"}],"wp:attachment":[{"href":"https:\/\/portalfloresnoar.com\/floresnoar\/wp-json\/wp\/v2\/media?parent=23965"}],"wp:term":[{"taxonomy":"category","embeddable":true,"href":"https:\/\/portalfloresnoar.com\/floresnoar\/wp-json\/wp\/v2\/categories?post=23965"},{"taxonomy":"post_tag","embeddable":true,"href":"https:\/\/portalfloresnoar.com\/floresnoar\/wp-json\/wp\/v2\/tags?post=23965"}],"curies":[{"name":"wp","href":"https:\/\/api.w.org\/{rel}","templated":true}]}}