

{"id":23925,"date":"2016-01-13T09:48:52","date_gmt":"2016-01-13T12:48:52","guid":{"rendered":"http:\/\/portalfloresnoar.com\/floresnoar\/?p=23925"},"modified":"2016-03-06T11:19:39","modified_gmt":"2016-03-06T14:19:39","slug":"grupo-totem-realiza-demonstracao-publica-no-proximo-sabado-em-olinda","status":"publish","type":"post","link":"https:\/\/portalfloresnoar.com\/floresnoar\/grupo-totem-realiza-demonstracao-publica-no-proximo-sabado-em-olinda\/","title":{"rendered":"Grupo Totem realiza demonstra\u00e7\u00e3o p\u00fablica dia 5\/3 em Olinda"},"content":{"rendered":"<figure id=\"attachment_23926\" aria-describedby=\"caption-attachment-23926\" style=\"width: 660px\" class=\"wp-caption aligncenter\"><img decoding=\"async\" loading=\"lazy\" class=\" wp-image-23926   \" alt=\"Rito Ancestral Corpo Contempor\u00e2neo_ Foto Fernando Figueir\u00f4a (1)\" src=\"http:\/\/portalfloresnoar.com\/floresnoar\/wp-content\/uploads\/2016\/03\/Rito-Ancestral-Corpo-Contempor\u00e2neo_-Foto-Fernando-Figueir\u00f4a-1.jpg\" width=\"660\" height=\"440\" srcset=\"https:\/\/portalfloresnoar.com\/floresnoar\/wp-content\/uploads\/2016\/03\/Rito-Ancestral-Corpo-Contempor\u00e2neo_-Foto-Fernando-Figueir\u00f4a-1.jpg 916w, https:\/\/portalfloresnoar.com\/floresnoar\/wp-content\/uploads\/2016\/03\/Rito-Ancestral-Corpo-Contempor\u00e2neo_-Foto-Fernando-Figueir\u00f4a-1-300x200.jpg 300w\" sizes=\"(max-width: 660px) 100vw, 660px\" \/><figcaption id=\"caption-attachment-23926\" class=\"wp-caption-text\">Foto: Fernando Figueir\u00f4a\/ Divulga\u00e7\u00e3o<\/figcaption><\/figure>\n<p>Depois de realizar a primeira demonstra\u00e7\u00e3o p\u00fablica da\u00a0<b>pesquisa &#8220;Rito Ancestral Corpo Contempor\u00e2neo&#8221;<\/b>, o\u00a0<b>Grupo Totem<\/b>\u00a0entra em nova fase do processo. Ap\u00f3s visitar os povos Xucuru [Pesqueira] e Kapinaw\u00e1 [Bu\u00edque], \u00e9 chegado o momento de realizar a segunda apresenta\u00e7\u00e3o da pesquisa, ainda em fase de working progress c\u00eanico.<\/p>\n<p>A segunda demonstra\u00e7\u00e3o, que trar\u00e1 desdobramentos das viv\u00eancias junto aos dois \u00faltimos povos ind\u00edgenas visitados, acontece no\u00a0<b>s\u00e1bado (05\/03)<\/b>, \u00e0s\u00a0<b>19h, no Centro de Cultura Luiz Freire, em Olinda<\/b>. &#8220;Vamos fazer um verdadeiro laborat\u00f3rio aberto e pr\u00e1tico, para que as pessoas entendam como n\u00f3s trabalhamos. Queremos um formato mas dialogal do que a outra, que foi mais apresenta\u00e7\u00e3o&#8221;, explica a integrante do Totem, Ta\u00edna Ver\u00edssimo.<\/p>\n<p>Para tornar este segundo momento mais dial\u00f3gico com o p\u00fablico, o grupo propor\u00e1 conversas e falas que exponham o que tem sido gestado no encontros. A ideia \u00e9 que a n\u00f3ite do s\u00e1bado seja compartimentada em dois momentos, um de di\u00e1logo e outro de pr\u00e1tica, integrando o p\u00fablico presente. &#8220;Queremos apresentar melhor o nosso processo de cria\u00e7\u00e3o interna a partir das viv\u00eancias externas. Haver\u00e1 momentos advindos de nossa experi\u00eancia com a for\u00e7a da juremas sagrada e outras bebidas m\u00e1gicas que estamos usando nos laborat\u00f3rios&#8221;, complementa Ta\u00edna.<\/p>\n<p><b>PRIMEIRA DEMONSTRA\u00c7\u00c3o P\u00daBLICA<\/b><br \/>\nEm car\u00e1ter de apresenta\u00e7\u00e3o p\u00fablica, a viv\u00eancia aconteceu no dia 30 de novembro de 2015, dentro da programa\u00e7\u00e3o da XVI Mostra de Artes C\u00eanicas A Porta Aberta da Escola Municipal de Arte Jo\u00e3o Pernambuco, no bairro da V\u00e1rzea. O grupo trouxe as experimenta\u00e7\u00f5es e os movimentos resultantes de laborat\u00f3rios realizados ap\u00f3s a visita ao povo Pankararu, localizado no munic\u00edpio de Tacaratu, no Sert\u00e3o Pernambucano.<\/p>\n<p>O PROJETO<br \/>\nA pesquisa &#8220;Rito Ancestral Corpo Contempor\u00e2neo&#8221;, que conta com incentivo do FUNCULTURA, iniciou no segundo semestre de 2015 e segue at\u00e9 o in\u00edcio de 2016. Para vivenciar experi\u00eancias ritual\u00edsticas, o Grupo TOTEM visitou tr\u00eas povos ind\u00edgenas pernambucanos, os PanKararu, os Xucuru e os Kapinaw\u00e1, onde realizaram interc\u00e2mbios culturais, perpassados por trocas rituais, perform\u00e1ticas e espirituais. Resultantes do processo, est\u00e3o previstas duas demonstra\u00e7\u00f5es p\u00fablicas e uma performance final fruto de toda a investiga\u00e7\u00e3o corporal-expressiva-ritual.<\/p>\n<p>O PROCESSO<br \/>\nEm agosto de 2015, o grupo fez uma visita ao Povo Pankararu, no munic\u00edpio de Tacaratu. O primeiro ritual vivenciado com os ind\u00edgenas foi o &#8216;Menino do Rancho&#8217;. Atrav\u00e9s dessa resid\u00eancia, foi poss\u00edvel perceber o corpo em ritual. Em um ato \u00fanico encontram-se a dan\u00e7a, a performance, o teatro, o ritual, em gestos, postura, olhar e canto, uma po\u00e9tica ritual em total conson\u00e2ncia com a tradi\u00e7\u00e3o ind\u00edgena.<\/p>\n<p>Em janeiro de 2016, o Totem foi \u00e0 Pesqueira para vivenciar o ritual de Dia de Reis do povo Xucuru, que representa a abertura do ano para eles. Al\u00e9m de buscar a ess\u00eancia corp\u00f3reo-c\u00eanica presente nas manifesta\u00e7\u00f5es desses \u00edndios, o grupo conheceu de perto a hist\u00f3ria de luta e resist\u00eancia dos Xucurus, junto ao epis\u00f3dio que marcou a morte do cacique Xic\u00e3o. Tamb\u00e9m ficou percept\u00edvel a batalha deles por pol\u00edticas p\u00fablicas e pela demarca\u00e7\u00e3o das terras na qual vivem atualmente.<\/p>\n<p>A visita aos Kapinaw\u00e1s, localizado perto do munic\u00edpio de Bu\u00edque, revelou um tor\u00e9 e uma sambada de coco bastante peculiares a esse povo. L\u00e1, o grupo visitou a furna sagrada e percebeu a forte liga\u00e7\u00e3o que esses ind\u00edgenas possuem junto aos encantados.<\/p>\n<p>Atrav\u00e9s dessa imers\u00e3o, o grupo voltou \u00e0s ra\u00edzes do teatro, que se conecta com o ritual, segundo o pensamento do dramaturgo Antonin Artaud. &#8220;Acreditamos na transforma\u00e7\u00e3o do humano atrav\u00e9s da arte e do teatro. No Totem, h\u00e1 uma experi\u00eancia sensitiva e subjetiva, trabalhamos muito com os simbolismos&#8221;, conta Ta\u00edna Ver\u00edssimo.<\/p>\n<p>Al\u00e9m das visitas aos povos ind\u00edgenas pernambucanos, o grupo realizou estudos de performance e antropologia, a partir de autores como Richard Schechner e Cassiano Sydow Quilici, e laborat\u00f3rios vivenciais, nos quais cada membro buscou s\u00edmbolos de poder a partir das indument\u00e1rias, pinturas corporais, gestos, movimentos e v\u00ednculo espiritual pertencentes ao ritual destes \u00edndios. Os laborat\u00f3rios ritual\u00edsticos contaram com t\u00e9cnicas de relaxamento, respira\u00e7\u00e3o, intera\u00e7\u00e3o com os sentidos, experi\u00eancias corporais com os elementos da natureza (\u00e1gua, terra, ar e \u00e1gua) e pintura corporal.<\/p>\n<p>Tendo o teatro de Antonin Artaud, esp\u00e9cie de guia espiritual, e nesta pesquisa, a performer americana \u00a0Meredith Monk, entre as principais refer\u00eancias, o Totem tamb\u00e9m realiza um potente trabalho de corpo e voz com o bailarino e performer Conrado Falbo.<\/p>\n<p><b>O que?<\/b>\u00a02\u00aa Demonstra\u00e7\u00e3o da pesquisa &#8220;Rito Ancestral Corpo Contempor\u00e2neo&#8221;<br \/>\n<b>Quando?<\/b>\u00a0S\u00e1bado (05\/03), \u00e0s 19h<br \/>\n<b>Onde?<\/b>\u00a0Centro de Cultura Luiz Freire [Rua 27 de Janeiro, 181, Carmo, Olinda]<br \/>\n<b>Entrada livre<\/b><\/p>\n<p><strong>Blog:<\/strong>\u00a0<a href=\"http:\/\/grupototemrecife.blogspot.com.br\/\" target=\"_blank\">http:\/\/grupototemrecife.<wbr \/>blogspot.com.br\/<\/a><br \/>\n<strong>Facebook:<\/strong> <a href=\"https:\/\/www.facebook.com\/Grupo-Totem-1420683144912474\" target=\"_blank\">Grupo Totem\u00a0<\/a><\/p>\n","protected":false},"excerpt":{"rendered":"<p>Depois de realizar a primeira demonstra\u00e7\u00e3o p\u00fablica da\u00a0pesquisa &#8220;Rito Ancestral Corpo Contempor\u00e2neo&#8221;, o\u00a0Grupo Totem\u00a0entra em nova fase do processo. Ap\u00f3s visitar os povos Xucuru [Pesqueira] e Kapinaw\u00e1 [Bu\u00edque], \u00e9 chegado o momento de realizar a segunda apresenta\u00e7\u00e3o da pesquisa, ainda em fase de working progress c\u00eanico. A segunda demonstra\u00e7\u00e3o, que trar\u00e1 desdobramentos das viv\u00eancias junto [&hellip;]<\/p>\n","protected":false},"author":1,"featured_media":23927,"comment_status":"open","ping_status":"open","sticky":false,"template":"","format":"standard","meta":{"om_disable_all_campaigns":false,"_monsterinsights_skip_tracking":false,"_monsterinsights_sitenote_active":false,"_monsterinsights_sitenote_note":"","_monsterinsights_sitenote_category":0,"footnotes":""},"categories":[8,214],"tags":[42,59],"acf":[],"publishpress_future_action":{"enabled":false,"date":"1969-12-31 21:00:00","action":"","terms":[],"taxonomy":"","browser_timezone_offset":0},"_links":{"self":[{"href":"https:\/\/portalfloresnoar.com\/floresnoar\/wp-json\/wp\/v2\/posts\/23925"}],"collection":[{"href":"https:\/\/portalfloresnoar.com\/floresnoar\/wp-json\/wp\/v2\/posts"}],"about":[{"href":"https:\/\/portalfloresnoar.com\/floresnoar\/wp-json\/wp\/v2\/types\/post"}],"author":[{"embeddable":true,"href":"https:\/\/portalfloresnoar.com\/floresnoar\/wp-json\/wp\/v2\/users\/1"}],"replies":[{"embeddable":true,"href":"https:\/\/portalfloresnoar.com\/floresnoar\/wp-json\/wp\/v2\/comments?post=23925"}],"version-history":[{"count":0,"href":"https:\/\/portalfloresnoar.com\/floresnoar\/wp-json\/wp\/v2\/posts\/23925\/revisions"}],"wp:featuredmedia":[{"embeddable":true,"href":"https:\/\/portalfloresnoar.com\/floresnoar\/wp-json\/wp\/v2\/media\/23927"}],"wp:attachment":[{"href":"https:\/\/portalfloresnoar.com\/floresnoar\/wp-json\/wp\/v2\/media?parent=23925"}],"wp:term":[{"taxonomy":"category","embeddable":true,"href":"https:\/\/portalfloresnoar.com\/floresnoar\/wp-json\/wp\/v2\/categories?post=23925"},{"taxonomy":"post_tag","embeddable":true,"href":"https:\/\/portalfloresnoar.com\/floresnoar\/wp-json\/wp\/v2\/tags?post=23925"}],"curies":[{"name":"wp","href":"https:\/\/api.w.org\/{rel}","templated":true}]}}