

{"id":23896,"date":"2016-03-13T23:00:28","date_gmt":"2016-03-14T02:00:28","guid":{"rendered":"http:\/\/portalfloresnoar.com\/floresnoar\/?p=23896"},"modified":"2016-03-30T14:02:27","modified_gmt":"2016-03-30T17:02:27","slug":"7a-jornada-pernambucana-de-saude-e-espiritualidade-de-26-a-285-no-imip","status":"publish","type":"post","link":"https:\/\/portalfloresnoar.com\/floresnoar\/7a-jornada-pernambucana-de-saude-e-espiritualidade-de-26-a-285-no-imip\/","title":{"rendered":"7\u00aa Jornada Pernambucana de Sa\u00fade e Espiritualidade de 26 a 28\/5 no IMIP"},"content":{"rendered":"<p><img decoding=\"async\" loading=\"lazy\" class=\"aligncenter size-full wp-image-23897\" alt=\"ARTE 2\" src=\"http:\/\/portalfloresnoar.com\/floresnoar\/wp-content\/uploads\/2016\/03\/ARTE-2.jpg\" width=\"730\" height=\"1032\" srcset=\"https:\/\/portalfloresnoar.com\/floresnoar\/wp-content\/uploads\/2016\/03\/ARTE-2.jpg 730w, https:\/\/portalfloresnoar.com\/floresnoar\/wp-content\/uploads\/2016\/03\/ARTE-2-212x300.jpg 212w, https:\/\/portalfloresnoar.com\/floresnoar\/wp-content\/uploads\/2016\/03\/ARTE-2-724x1024.jpg 724w\" sizes=\"(max-width: 730px) 100vw, 730px\" \/><br \/>\nEm sua s\u00e9tima edi\u00e7\u00e3o, a Jornada Pernambucana de Sa\u00fade e Espiritualidade se engrandee com a energia da juventude e abra\u00e7a a d\u00e9cima edi\u00e7\u00e3o do CONDAME, o Congresso Nacional do Departamento Acad\u00eamico da Associa\u00e7\u00e3o M\u00e9dico-Esp\u00edrita do Brasil. O evento conta com a presen\u00e7a de mais de dez\u00a0palestrantes de todo o Brasil e configura-se como um dos maiores eventos de fomento do paradigma m\u00e9dico-esp\u00edrita do pa\u00eds.<\/p>\n<p>O evento ser\u00e1 realizado entre os dias 26 e 28 de maio, no Hospital Pedro II &#8211; IMIP, Recife (PE).<br \/>\nDia 26\/05, das 18h \u00e0s 21h;<br \/>\nDia 27\/05, das 13h \u00e0s 18h;<br \/>\nDia 28\/05, das 8h \u00e0s 17h.<\/p>\n<p><strong>Inscri\u00e7\u00f5es Online<\/strong><br \/>\nhttp:\/\/ame-epe.blogspot.com.br\/2016\/01\/vii-jornada-pernambucana-de-saude-e.html<\/p>\n<p><strong>Inscri\u00e7\u00f5es presenciais:<\/strong><br \/>\nFedera\u00e7\u00e3o Esp\u00edrita Pernambucana | Espinheiro<br \/>\nGrupo Esp\u00edrita Francisco de Assis | Piedade<br \/>\nBanca Esp\u00edrita do Recife | Pra\u00e7a do Di\u00e1rio, Centro<\/p>\n<p><strong>Investimento<\/strong><br \/>\nEstudantes de Gradua\u00e7\u00e3o: R$ 40,00<br \/>\nP\u00fablico em Geral: R$ 50,00<\/p>\n<p><strong>Programa\u00e7\u00e3o<\/strong><br \/>\n<img decoding=\"async\" loading=\"lazy\" class=\"aligncenter size-full wp-image-23898\" alt=\"programa\u00e7\u00e3o jornada sa\u00fade e espiritualidade\" src=\"http:\/\/portalfloresnoar.com\/floresnoar\/wp-content\/uploads\/2016\/03\/programa\u00e7\u00e3o-jornada-sa\u00fade-e-espiritualidade.jpg\" width=\"730\" height=\"1984\" srcset=\"https:\/\/portalfloresnoar.com\/floresnoar\/wp-content\/uploads\/2016\/03\/programa\u00e7\u00e3o-jornada-sa\u00fade-e-espiritualidade.jpg 730w, https:\/\/portalfloresnoar.com\/floresnoar\/wp-content\/uploads\/2016\/03\/programa\u00e7\u00e3o-jornada-sa\u00fade-e-espiritualidade-110x300.jpg 110w\" sizes=\"(max-width: 730px) 100vw, 730px\" \/><\/p>\n","protected":false},"excerpt":{"rendered":"<p>Em sua s\u00e9tima edi\u00e7\u00e3o, a Jornada Pernambucana de Sa\u00fade e Espiritualidade se engrandee com a energia da juventude e abra\u00e7a a d\u00e9cima edi\u00e7\u00e3o do CONDAME, o Congresso Nacional do Departamento Acad\u00eamico da Associa\u00e7\u00e3o M\u00e9dico-Esp\u00edrita do Brasil. O evento conta com a presen\u00e7a de mais de dez\u00a0palestrantes de todo o Brasil e configura-se como um dos [&hellip;]<\/p>\n","protected":false},"author":1,"featured_media":23899,"comment_status":"open","ping_status":"open","sticky":false,"template":"","format":"standard","meta":{"om_disable_all_campaigns":false,"_monsterinsights_skip_tracking":false,"_monsterinsights_sitenote_active":false,"_monsterinsights_sitenote_note":"","_monsterinsights_sitenote_category":0,"footnotes":""},"categories":[8,214],"tags":[33,295,27],"acf":[],"publishpress_future_action":{"enabled":false,"date":"1969-12-31 21:00:00","action":"","terms":[],"taxonomy":"","browser_timezone_offset":0},"_links":{"self":[{"href":"https:\/\/portalfloresnoar.com\/floresnoar\/wp-json\/wp\/v2\/posts\/23896"}],"collection":[{"href":"https:\/\/portalfloresnoar.com\/floresnoar\/wp-json\/wp\/v2\/posts"}],"about":[{"href":"https:\/\/portalfloresnoar.com\/floresnoar\/wp-json\/wp\/v2\/types\/post"}],"author":[{"embeddable":true,"href":"https:\/\/portalfloresnoar.com\/floresnoar\/wp-json\/wp\/v2\/users\/1"}],"replies":[{"embeddable":true,"href":"https:\/\/portalfloresnoar.com\/floresnoar\/wp-json\/wp\/v2\/comments?post=23896"}],"version-history":[{"count":0,"href":"https:\/\/portalfloresnoar.com\/floresnoar\/wp-json\/wp\/v2\/posts\/23896\/revisions"}],"wp:featuredmedia":[{"embeddable":true,"href":"https:\/\/portalfloresnoar.com\/floresnoar\/wp-json\/wp\/v2\/media\/23899"}],"wp:attachment":[{"href":"https:\/\/portalfloresnoar.com\/floresnoar\/wp-json\/wp\/v2\/media?parent=23896"}],"wp:term":[{"taxonomy":"category","embeddable":true,"href":"https:\/\/portalfloresnoar.com\/floresnoar\/wp-json\/wp\/v2\/categories?post=23896"},{"taxonomy":"post_tag","embeddable":true,"href":"https:\/\/portalfloresnoar.com\/floresnoar\/wp-json\/wp\/v2\/tags?post=23896"}],"curies":[{"name":"wp","href":"https:\/\/api.w.org\/{rel}","templated":true}]}}