

{"id":23869,"date":"2016-12-17T02:47:09","date_gmt":"2016-12-17T05:47:09","guid":{"rendered":"http:\/\/portalfloresnoar.com\/floresnoar\/?p=23869"},"modified":"2016-12-17T10:58:55","modified_gmt":"2016-12-17T13:58:55","slug":"perguntais-me-como-me-tornei-louco-aconteceu-assim","status":"publish","type":"post","link":"https:\/\/portalfloresnoar.com\/floresnoar\/perguntais-me-como-me-tornei-louco-aconteceu-assim\/","title":{"rendered":"&#8216;Perguntais-me como me tornei louco. Aconteceu assim&#8230;&#8217;"},"content":{"rendered":"<pre>Por Khalil Gibran<\/pre>\n<p>Perguntais-me como me tornei louco. Aconteceu assim:<\/p>\n<p>Um dia, muito tempo antes de muitos deuses terem nascido, despertei de um sono profundo e notei que todas as minhas m\u00e1scaras tinham sido roubadas \u2013 as sete m\u00e1scaras que eu havia confeccionado e usado em sete vidas \u2013 e corri sem m\u00e1scara pelas ruas cheias de gente gritando: \u201cLadr\u00f5es, ladr\u00f5es, malditos ladr\u00f5es!\u201d<\/p>\n<p>Homens e mulheres riram de mim e alguns correram para casa, com medo de mim.<\/p>\n<p>E quando cheguei \u00e0 pra\u00e7a do mercado, um garoto trepado no telhado de uma casa gritou: \u201c\u00c9 um louco!\u201d Olhei para cima, para v\u00ea-lo. O sol beijou pela primeira vez minha face nua.<\/p>\n<p>Pela primeira vez, o sol beijava minha face nua, e minha alma inflamou-se de amor pelo sol, e n\u00e3o desejei mais minhas m\u00e1scaras. E, como num transe, gritei: \u201cBenditos, benditos os ladr\u00f5es que roubaram minhas m\u00e1scaras!\u201d<br \/>\nAssim me tornei louco.<\/p>\n<p>E encontrei tanto liberdade como seguran\u00e7a em minha loucura: a liberdade da solid\u00e3o e a seguran\u00e7a de n\u00e3o ser compreendido, pois aquele que nos compreende escraviza alguma coisa em n\u00f3s.<\/p>\n","protected":false},"excerpt":{"rendered":"<p>Por Khalil Gibran Perguntais-me como me tornei louco. Aconteceu assim: Um dia, muito tempo antes de muitos deuses terem nascido, despertei de um sono profundo e notei que todas as minhas m\u00e1scaras tinham sido roubadas \u2013 as sete m\u00e1scaras que eu havia confeccionado e usado em sete vidas \u2013 e corri sem m\u00e1scara pelas ruas [&hellip;]<\/p>\n","protected":false},"author":1,"featured_media":23870,"comment_status":"open","ping_status":"open","sticky":false,"template":"","format":"standard","meta":{"om_disable_all_campaigns":false,"_monsterinsights_skip_tracking":false,"_monsterinsights_sitenote_active":false,"_monsterinsights_sitenote_note":"","_monsterinsights_sitenote_category":0,"footnotes":""},"categories":[13],"tags":[58],"acf":[],"publishpress_future_action":{"enabled":false,"date":"1969-12-31 21:00:00","action":"","terms":[],"taxonomy":"","browser_timezone_offset":0},"_links":{"self":[{"href":"https:\/\/portalfloresnoar.com\/floresnoar\/wp-json\/wp\/v2\/posts\/23869"}],"collection":[{"href":"https:\/\/portalfloresnoar.com\/floresnoar\/wp-json\/wp\/v2\/posts"}],"about":[{"href":"https:\/\/portalfloresnoar.com\/floresnoar\/wp-json\/wp\/v2\/types\/post"}],"author":[{"embeddable":true,"href":"https:\/\/portalfloresnoar.com\/floresnoar\/wp-json\/wp\/v2\/users\/1"}],"replies":[{"embeddable":true,"href":"https:\/\/portalfloresnoar.com\/floresnoar\/wp-json\/wp\/v2\/comments?post=23869"}],"version-history":[{"count":0,"href":"https:\/\/portalfloresnoar.com\/floresnoar\/wp-json\/wp\/v2\/posts\/23869\/revisions"}],"wp:featuredmedia":[{"embeddable":true,"href":"https:\/\/portalfloresnoar.com\/floresnoar\/wp-json\/wp\/v2\/media\/23870"}],"wp:attachment":[{"href":"https:\/\/portalfloresnoar.com\/floresnoar\/wp-json\/wp\/v2\/media?parent=23869"}],"wp:term":[{"taxonomy":"category","embeddable":true,"href":"https:\/\/portalfloresnoar.com\/floresnoar\/wp-json\/wp\/v2\/categories?post=23869"},{"taxonomy":"post_tag","embeddable":true,"href":"https:\/\/portalfloresnoar.com\/floresnoar\/wp-json\/wp\/v2\/tags?post=23869"}],"curies":[{"name":"wp","href":"https:\/\/api.w.org\/{rel}","templated":true}]}}