

{"id":23856,"date":"2018-05-14T07:00:42","date_gmt":"2018-05-14T10:00:42","guid":{"rendered":"http:\/\/portalfloresnoar.com\/floresnoar\/?p=23856"},"modified":"2018-05-14T09:36:10","modified_gmt":"2018-05-14T12:36:10","slug":"saiba-mais-sobre-a-terapia-do-casulo-nesta-entrevista-com-marcio-porto-jalal","status":"publish","type":"post","link":"https:\/\/portalfloresnoar.com\/floresnoar\/saiba-mais-sobre-a-terapia-do-casulo-nesta-entrevista-com-marcio-porto-jalal\/","title":{"rendered":"[ENTREVISTA] M\u00e1rcio Porto Jalal fala sobre a Terapia do Casulo"},"content":{"rendered":"<p>&nbsp;<\/p>\n<pre>Por Lu Rabelo, com a colabora\u00e7\u00e3o de M\u00e1rcia Barbosa<\/pre>\n<p><em>Nesta entrevista, M\u00e1cio Porto Jalal \u00a0nos conta sobre <em>a Terapia do Casulo.<\/em>\u00a0Ele recebeu a inspira\u00e7\u00e3o deste trabalho h\u00e1 cerca de 20 anos e o vem propagando, possibilitando um mergulho no autoconhecimento e na expans\u00e3o da consci\u00eancia. <a href=\"https:\/\/portalfloresnoar.com\/floresnoar\/agenda-pe-terapia-do-casulo-com-marcio-porto-jalal-de-15-a-27-de-maio-no-divina-fonte\/\" target=\"_blank\" rel=\"noopener\"><strong>De 15 a 27 de maio de 2018, Jalal estar\u00e1 realizando a Terapia do Casulo no Divina Fone, em Ch\u00e3 Grande.<\/strong><\/a><\/em><\/p>\n<p><em><img decoding=\"async\" loading=\"lazy\" class=\"alignleft\" src=\"http:\/\/portalfloresnoar.com\/floresnoar\/wp-content\/uploads\/2016\/02\/Terapia-do-Casulo-Jalal-8.jpg\" alt=\"Terapia do Casulo Jalal (8)\" width=\"286\" height=\"402\" \/><strong>Como e quando voc\u00ea conheceu a Terapia do Casulo?<\/strong> <\/em><br \/>\nO Casulo nasceu ap\u00f3s uma conversa com um amigo h\u00e1 uns 20 anos. Veio como uma inspira\u00e7\u00e3o e foi acontecendo. Experimentei inicialmente em mim. Senti os benef\u00edcios e vi que era poss\u00edvel compartilhar com outras pessoas. No in\u00edcio n\u00e3o havia um nome, depois de um certo tempo este nome chegou: \u201cCasulo\u201d.<\/p>\n<p><strong><em>Qual o impacto que a Terapia do Casulo causou em voc\u00ea como pessoa e tamb\u00e9m como terapeuta?<\/em><\/strong><br \/>\nA experi\u00eancia me trouxe a consci\u00eancia do Tudo e do Todo. Me mostrou que eu n\u00e3o estou separado, fa\u00e7o parte da teia da vida. Foi um grande encontro comigo mesmo. Da\u00ed pensei: se o Casulo \u00e9 isso, se foi bom para mim, eu quero compartilhar. E o tempo vem dizendo que o Casulo \u00e9 bom, pelas experi\u00eancias que as pessoas relatam. Eu s\u00f3 tenho a agradecer! N\u00e3o me autodenomino um terapeuta, mas facilitador do processo.<\/p>\n<p><em><strong>H\u00e1 quanto tempo voc\u00ea vem trabalhando com a Terapia do Casulo e quais s\u00e3o os benef\u00edcios para quem vivencia?<\/strong><\/em><br \/>\nO casulo \u00e9 diferente para cada pessoa, cada um conta a sua experi\u00eancia de uma forma diferente. Porque o Casulo \u00e9 vivo, \u00e9 algo que pulsa, pode acordar coisas que est\u00e3o l\u00e1 dentro e esta pessoa nem imagina que existe, algo que esqueceu, a qual foi colocada para dentro h\u00e1 algum tempo atr\u00e1s de um relacionamento ou da fam\u00edlia. \u00c0s vezes a pessoa vem carregando algo e neste momento aquilo se acorda, vem \u00e0 tona. A pr\u00f3pria pessoa se permite e eu estarei l\u00e1 facilitando o processo. Isso pode acontecer como uma cura, uma transforma\u00e7\u00e3o, uma mudan\u00e7a, depende de cada um.<\/p>\n<p>Eu n\u00e3o fico mistificando as coisas, apenas vejo como algo natural. \u00c9 t\u00e3o natural quanto fazer uma faxina em casa e sentir-se bem, como quando voc\u00ea est\u00e1 com o corpo emocional ou mental emba\u00e7ado, a\u00ed faz uma medita\u00e7\u00e3o e se sente bem. O Casulo \u00e9 uma ferramenta para que voc\u00ea possa se sentir bem. O Casulo \u00e9 bom para tudo!<\/p>\n<figure id=\"attachment_23859\" aria-describedby=\"caption-attachment-23859\" style=\"width: 289px\" class=\"wp-caption alignright\"><img decoding=\"async\" loading=\"lazy\" class=\" wp-image-23859 \" src=\"http:\/\/portalfloresnoar.com\/floresnoar\/wp-content\/uploads\/2016\/02\/O-C\u00e1lice_M\u00e1rcio-Porto-Jalal.jpg\" alt=\"O C\u00e1lice_M\u00e1rcio Porto Jalal\" width=\"289\" height=\"403\" srcset=\"https:\/\/portalfloresnoar.com\/floresnoar\/wp-content\/uploads\/2016\/02\/O-C\u00e1lice_M\u00e1rcio-Porto-Jalal.jpg 688w, https:\/\/portalfloresnoar.com\/floresnoar\/wp-content\/uploads\/2016\/02\/O-C\u00e1lice_M\u00e1rcio-Porto-Jalal-215x300.jpg 215w\" sizes=\"(max-width: 289px) 100vw, 289px\" \/><figcaption id=\"caption-attachment-23859\" class=\"wp-caption-text\">O C\u00e1lice, por M\u00e1rcio Porto Jalal<\/figcaption><\/figure>\n<p style=\"text-align: left;\"><em><strong>Como voc\u00ea define a Terapia do Casulo?<\/strong><\/em><br \/>\nUm sopro de vida, um sopro de alegria, um encontro consigo mesmo! O Casulo \u00e9 um abra\u00e7o amoroso, carinhoso, \u00e9 um aconchego, \u00e9 se ver, olhar para dentro, um alinhamento&#8230; N\u00e3o h\u00e1 nada do al\u00e9m. Quando ocorre o alinhamento, no estado meditativo, a pessoa p\u00e1ra e tudo acontece. \u00c9 muito pessoal. E o processo varia, pois ocorre de forma diferente de pessoa para pessoa.<\/p>\n<p>Se eu disser que o Casulo \u00e9 &#8216;isso ou aquilo&#8217; eu estou enquadrando, limitando algo que vai al\u00e9m de uma defini\u00e7\u00e3o ou t\u00e9cnica. Como disse antes, o Casulo \u00e9 algo vivo, algo org\u00e2nico, s\u00f3 no momento que ele toma uma forma. Ele consegue colocar a pessoa no estado de medita\u00e7\u00e3o. T\u00eam pessoas que demoram mais, outras menos, para acontecer o alinhamento, para fazer a pessoa parar. O Casulo mostra o aqui e agora , mostra qual a energia que est\u00e1 no seu corpo. Ele vai fazer uma faxina, vai fazer uma limpeza para voc\u00ea poder, por exemplo, executar melhor sua profiss\u00e3o.<\/p>\n<p>\u00c9 muito simples, natural, lhe traz pra o que voc\u00ea \u00e9, no seu natural, um estado onde voc\u00ea se gosta, se ama. H\u00e1 um alinhamento com os seus corpos f\u00edsico, emocional, espiritual&#8230;.. terra e c\u00e9u. A beleza e a alegria desabrocham.O Casulo basicamente trabalha isso: seu alinhamento, seu voltar para casa, para o seu natural, \u00e9 um abra\u00e7o que voc\u00ea volta a dar em si mesmo. A pessoa se v\u00ea como \u00e9. O corpo volta a brilhar, fica vivo, acordado.<\/p>\n<p><em><strong><em><img decoding=\"async\" loading=\"lazy\" class=\"alignleft\" src=\"http:\/\/portalfloresnoar.com\/floresnoar\/wp-content\/uploads\/2016\/02\/Terapia-do-Casulo-Jalal-9.jpg\" alt=\"Terapia do Casulo Jalal (9)\" width=\"384\" height=\"287\" \/><\/em>Como \u00e9 realizada?<\/strong><\/em><br \/>\nUtilizamos um ch\u00e1 feito com ervas e plantas que a pr\u00f3pria pessoa escolhe, aquelas que ela mais goste, que tenha se identificado. Pode ser folhas de laranja, manga, goiaba, as quais tenha intimidade, as plantas do cora\u00e7\u00e3o. Eu colho algumas tamb\u00e9m e acrescento ervas e outras sementes. Todas elas v\u00e3o para um caldeir\u00e3o. O ch\u00e1 junto com as folhas ir\u00e3o ficar sobre a barriga por um determinado per\u00edodo. A pessoa ficar\u00e1 envolvida por cobertores e o auxilio de um len\u00e7ol t\u00e9rmico, o qual dar\u00e1 uma sensa\u00e7\u00e3o t\u00e9rmica agrad\u00e1vel. O tempo \u00e9 em torno de 1h a 1h30, variando de pessoa pra pessoa, porque cada uma \u00e9 diferente, tem seu pr\u00f3prio tempo. Durante este per\u00edodo utilizo m\u00fasicas ou mesmo o sil\u00eancio e utilizo tamb\u00e9m cheiros estimulando os sentidos.<br \/>\n.<br \/>\nPode-se perguntar por que \u00e0s vezes uso m\u00fasica e outra vezes n\u00e3o. Porque \u00e9 assim que o Casulo se apresenta para eu fazer. Eu s\u00f3 respeito aquilo ali, eu estou s\u00f3 para escutar e eu deixo as coisas acontecerem. Ent\u00e3o n\u00e3o \u00e9 um trabalho que ser\u00e1 feito da mesma forma com um e com o outro. N\u00e3o h\u00e1 uma t\u00e9cnica presa, fechada, est\u00e1 em movimento. Ele que se apresenta. Ele abre o caminho e as coisas v\u00e3o acontecendo.<\/p>\n<p><strong><em>Por que s\u00e3o realizadas tr\u00eas, ou sete sess\u00f5es consecutivas?<\/em><\/strong><br \/>\nForam estes os n\u00fameros que recebi como orienta\u00e7\u00e3o. Quando a pessoa j\u00e1 fez tr\u00eas dias de casulo e quer ir mais fundo na terapia, tem algo que ficou para traz e quer ir al\u00e9m, ent\u00e3o faz sete dias, \u00e9 uma decis\u00e3o pessoal.<\/p>\n<p><strong><em>Qual a import\u00e2ncia das ervas na Terapia do Casulo?<\/em><\/strong><br \/>\nAs ervas s\u00e3o importantes em toda a nossa vida, s\u00e3o elas que trazem a liga\u00e7\u00e3o mais profunda com a natureza, o cheiro&#8230; trazem essa volta. Esse mundo vegetal tem muita coisa pra falar pra gente, todo mundo gosta das plantas, da flor, das folhas, sementes, o seu cheiro. A rezadeira usa ervas , folhas&#8230; a magia das plantas que se revela e faz esta ponte para a gente entrar para dentro deste mundo misterioso das ervas.<\/p>\n<figure id=\"attachment_23862\" aria-describedby=\"caption-attachment-23862\" style=\"width: 301px\" class=\"wp-caption alignleft\"><img decoding=\"async\" loading=\"lazy\" class=\" wp-image-23862 \" src=\"http:\/\/portalfloresnoar.com\/floresnoar\/wp-content\/uploads\/2016\/02\/olho_jalal.jpg\" alt=\"Pintura de M\u00e1rcio Porto Jalal\" width=\"301\" height=\"403\" srcset=\"https:\/\/portalfloresnoar.com\/floresnoar\/wp-content\/uploads\/2016\/02\/olho_jalal.jpg 717w, https:\/\/portalfloresnoar.com\/floresnoar\/wp-content\/uploads\/2016\/02\/olho_jalal-224x300.jpg 224w\" sizes=\"(max-width: 301px) 100vw, 301px\" \/><figcaption id=\"caption-attachment-23862\" class=\"wp-caption-text\">Pintura de M\u00e1rcio Porto Jalal<\/figcaption><\/figure>\n<p><strong><em>Recentemente pesquisando sobre o Casulo achei um site com algumas lindas imagens criadas por voc\u00ea. Fala um pouco sobre essa arte!<\/em><\/strong><br \/>\nS\u00e3o quadros que eu pintei numa \u00e9poca, foi algo que recebi, assim como o Casulo. As imagens chegaram e depois consegui passar para a tela. Estas telas representam um pouco a minha caminhada, um pouco das coisas que eu sentia e via, as quais consegui pintar. Tem o C\u00e1lice, Jesus, Vela e outras mais&#8230; h\u00e1 v\u00e1rias imagens. Elas t\u00eam tudo a ver com meu trabalho, com o Casulo, com o que est\u00e1 dentro da minha caminhada. Estas imagens passam algo bom, as pessoas se sentem bem com elas.<br \/>\n<em><br \/>\n<strong>Como \u00e9 a forma\u00e7\u00e3o para as pessoas interessadas em trabalhar com a Terapia do Casulo?<\/strong><\/em><br \/>\nPara a pessoa que quer trabalhar com o Casulo h\u00e1 uma inicia\u00e7\u00e3o. Mas antes ela dever\u00e1 ter passado pelo processo de 3 e de 7 dias. A inicia\u00e7\u00e3o consiste em 21 dias: tr\u00eas dias de sil\u00eancio, tr\u00eas dias de olhos vendados e tr\u00eas dias em jejum. Os dias seguintes a pessoa passa a comer uma alimenta\u00e7\u00e3o natural e crua. \u00c9 um verdadeiro mergulho.<\/p>\n<p>MAIS INFORMA\u00c7\u00d5ES<br \/>\n<strong>E-mail:<\/strong> casulojalal@hotmail.com<br \/>\n<strong>Facebook:\u00a0<\/strong><a href=\"https:\/\/www.facebook.com\/profile.php?id=100000386104697&amp;fref=ts\" target=\"_blank\" rel=\"noopener\">https:\/\/www.facebook.com\/profile.php?id=100000386104697&amp;fref=ts<\/a><\/p>\n<p><em>VEJA TAMB\u00c9M:\u00a0<\/em><\/p>\n<h4><a href=\"https:\/\/portalfloresnoar.com\/floresnoar\/agenda-pe-terapia-do-casulo-com-marcio-porto-jalal-de-15-a-27-de-maio-no-divina-fonte\/\">Terapia do Casulo com M\u00e1rcio Porto (Jalal) de 15 a 27 de maio no Divina Fonte<\/a><\/h4>\n","protected":false},"excerpt":{"rendered":"<p>&nbsp; Por Lu Rabelo, com a colabora\u00e7\u00e3o de M\u00e1rcia Barbosa Nesta entrevista, M\u00e1cio Porto Jalal \u00a0nos conta sobre a Terapia do Casulo.\u00a0Ele recebeu a inspira\u00e7\u00e3o deste trabalho h\u00e1 cerca de 20 anos e o vem propagando, possibilitando um mergulho no autoconhecimento e na expans\u00e3o da consci\u00eancia. De 15 a 27 de maio de 2018, Jalal [&hellip;]<\/p>\n","protected":false},"author":1,"featured_media":24144,"comment_status":"open","ping_status":"open","sticky":false,"template":"","format":"standard","meta":{"om_disable_all_campaigns":false,"_monsterinsights_skip_tracking":false,"_monsterinsights_sitenote_active":false,"_monsterinsights_sitenote_note":"","_monsterinsights_sitenote_category":0,"footnotes":""},"categories":[224,11],"tags":[484,75,487,127,85],"acf":[],"publishpress_future_action":{"enabled":false,"date":"1969-12-31 21:00:00","action":"","terms":[],"taxonomy":"","browser_timezone_offset":0},"_links":{"self":[{"href":"https:\/\/portalfloresnoar.com\/floresnoar\/wp-json\/wp\/v2\/posts\/23856"}],"collection":[{"href":"https:\/\/portalfloresnoar.com\/floresnoar\/wp-json\/wp\/v2\/posts"}],"about":[{"href":"https:\/\/portalfloresnoar.com\/floresnoar\/wp-json\/wp\/v2\/types\/post"}],"author":[{"embeddable":true,"href":"https:\/\/portalfloresnoar.com\/floresnoar\/wp-json\/wp\/v2\/users\/1"}],"replies":[{"embeddable":true,"href":"https:\/\/portalfloresnoar.com\/floresnoar\/wp-json\/wp\/v2\/comments?post=23856"}],"version-history":[{"count":0,"href":"https:\/\/portalfloresnoar.com\/floresnoar\/wp-json\/wp\/v2\/posts\/23856\/revisions"}],"wp:featuredmedia":[{"embeddable":true,"href":"https:\/\/portalfloresnoar.com\/floresnoar\/wp-json\/wp\/v2\/media\/24144"}],"wp:attachment":[{"href":"https:\/\/portalfloresnoar.com\/floresnoar\/wp-json\/wp\/v2\/media?parent=23856"}],"wp:term":[{"taxonomy":"category","embeddable":true,"href":"https:\/\/portalfloresnoar.com\/floresnoar\/wp-json\/wp\/v2\/categories?post=23856"},{"taxonomy":"post_tag","embeddable":true,"href":"https:\/\/portalfloresnoar.com\/floresnoar\/wp-json\/wp\/v2\/tags?post=23856"}],"curies":[{"name":"wp","href":"https:\/\/api.w.org\/{rel}","templated":true}]}}