

{"id":23824,"date":"2016-03-02T07:13:26","date_gmt":"2016-03-02T10:13:26","guid":{"rendered":"http:\/\/portalfloresnoar.com\/floresnoar\/?p=23824"},"modified":"2016-03-02T13:09:32","modified_gmt":"2016-03-02T16:09:32","slug":"coletivo-poeiesis-realiza-o-evento-aulas-de-marco-com-encontros-gratuitos-de-biodanca","status":"publish","type":"post","link":"https:\/\/portalfloresnoar.com\/floresnoar\/coletivo-poeiesis-realiza-o-evento-aulas-de-marco-com-encontros-gratuitos-de-biodanca\/","title":{"rendered":"Coletivo Autopoiesis realiza o evento &#8216;Aulas de Mar\u00e7o&#8217;, com encontros gratuitos de Biodan\u00e7a"},"content":{"rendered":"<p><img decoding=\"async\" loading=\"lazy\" class=\"aligncenter size-full wp-image-23825\" alt=\"biodan\u00e7a no recife\" src=\"http:\/\/portalfloresnoar.com\/floresnoar\/wp-content\/uploads\/2016\/02\/biodan\u00e7a-no-recife.jpg\" width=\"720\" height=\"512\" srcset=\"https:\/\/portalfloresnoar.com\/floresnoar\/wp-content\/uploads\/2016\/02\/biodan\u00e7a-no-recife.jpg 720w, https:\/\/portalfloresnoar.com\/floresnoar\/wp-content\/uploads\/2016\/02\/biodan\u00e7a-no-recife-300x213.jpg 300w\" sizes=\"(max-width: 720px) 100vw, 720px\" \/><\/p>\n<p>Interessados em conhecer a Biodan\u00e7a t\u00eam uma \u00f3tima oportunidade de 14 a 18 de mar\u00e7o quando acontecer\u00e1 o evento gratuito\u00a0\u201cAulas de Mar\u00e7o\u201d, promovido pelo\u00a0Coletivo Autopoiesis. As aulas ser\u00e3o \u00e0s 19h no Museu Afro Brasil Rolando Toro, no Bairro do Recife.<\/p>\n<p><span style=\"line-height: 1.71429; letter-spacing: 0em;\">O Coletivo Autopoiesis \u00e9 um grupo de facilitadores que realiza grupos regulares de Biodan\u00e7a uma vez por semana, com op\u00e7\u00f5es de segunda a sexta, \u00e0s 19h, no Museu de Artes Afro Brasil Rolando Toro.<\/span><\/p>\n<p><span style=\"line-height: 1.71429; letter-spacing: 0em;\"><strong>P\u00e1gina no Facebook:<\/strong>\u00a0<\/span><a href=\"https:\/\/www.facebook.com\/Biodanza-_-Coletivo-Autopoiesis-_-RecifeBrasil-798935840122023\/\" target=\"_blank\">https:\/\/www.facebook.com\/Biodanza-_-Coletivo-Autopoiesis-_-RecifeBrasil-798935840122023\/<\/a><\/p>\n<p>&nbsp;<\/p>\n","protected":false},"excerpt":{"rendered":"<p>Interessados em conhecer a Biodan\u00e7a t\u00eam uma \u00f3tima oportunidade de 14 a 18 de mar\u00e7o quando acontecer\u00e1 o evento gratuito\u00a0\u201cAulas de Mar\u00e7o\u201d, promovido pelo\u00a0Coletivo Autopoiesis. As aulas ser\u00e3o \u00e0s 19h no Museu Afro Brasil Rolando Toro, no Bairro do Recife. O Coletivo Autopoiesis \u00e9 um grupo de facilitadores que realiza grupos regulares de Biodan\u00e7a uma [&hellip;]<\/p>\n","protected":false},"author":1,"featured_media":23825,"comment_status":"open","ping_status":"open","sticky":false,"template":"","format":"standard","meta":{"om_disable_all_campaigns":false,"_monsterinsights_skip_tracking":false,"_monsterinsights_sitenote_active":false,"_monsterinsights_sitenote_note":"","_monsterinsights_sitenote_category":0,"footnotes":""},"categories":[8,224,214],"tags":[66],"acf":[],"publishpress_future_action":{"enabled":false,"date":"1969-12-31 21:00:00","action":"","terms":[],"taxonomy":"","browser_timezone_offset":0},"_links":{"self":[{"href":"https:\/\/portalfloresnoar.com\/floresnoar\/wp-json\/wp\/v2\/posts\/23824"}],"collection":[{"href":"https:\/\/portalfloresnoar.com\/floresnoar\/wp-json\/wp\/v2\/posts"}],"about":[{"href":"https:\/\/portalfloresnoar.com\/floresnoar\/wp-json\/wp\/v2\/types\/post"}],"author":[{"embeddable":true,"href":"https:\/\/portalfloresnoar.com\/floresnoar\/wp-json\/wp\/v2\/users\/1"}],"replies":[{"embeddable":true,"href":"https:\/\/portalfloresnoar.com\/floresnoar\/wp-json\/wp\/v2\/comments?post=23824"}],"version-history":[{"count":0,"href":"https:\/\/portalfloresnoar.com\/floresnoar\/wp-json\/wp\/v2\/posts\/23824\/revisions"}],"wp:featuredmedia":[{"embeddable":true,"href":"https:\/\/portalfloresnoar.com\/floresnoar\/wp-json\/wp\/v2\/media\/23825"}],"wp:attachment":[{"href":"https:\/\/portalfloresnoar.com\/floresnoar\/wp-json\/wp\/v2\/media?parent=23824"}],"wp:term":[{"taxonomy":"category","embeddable":true,"href":"https:\/\/portalfloresnoar.com\/floresnoar\/wp-json\/wp\/v2\/categories?post=23824"},{"taxonomy":"post_tag","embeddable":true,"href":"https:\/\/portalfloresnoar.com\/floresnoar\/wp-json\/wp\/v2\/tags?post=23824"}],"curies":[{"name":"wp","href":"https:\/\/api.w.org\/{rel}","templated":true}]}}