

{"id":23819,"date":"2016-02-23T12:45:00","date_gmt":"2016-02-23T15:45:00","guid":{"rendered":"http:\/\/portalfloresnoar.com\/floresnoar\/?p=23819"},"modified":"2016-02-23T12:46:25","modified_gmt":"2016-02-23T15:46:25","slug":"libertas-promove-curso-de-especializacao-em-familia","status":"publish","type":"post","link":"https:\/\/portalfloresnoar.com\/floresnoar\/libertas-promove-curso-de-especializacao-em-familia\/","title":{"rendered":"Libertas promove &#8216;Curso de Especializa\u00e7\u00e3o em Fam\u00edlia&#8217;"},"content":{"rendered":"<p><img decoding=\"async\" loading=\"lazy\" class=\"aligncenter size-full wp-image-23820\" alt=\"Curso FAM\u00cdLIA 2016\" src=\"http:\/\/portalfloresnoar.com\/floresnoar\/wp-content\/uploads\/2016\/02\/Curso-FAM\u00cdLIA-2016.jpg\" width=\"622\" height=\"924\" srcset=\"https:\/\/portalfloresnoar.com\/floresnoar\/wp-content\/uploads\/2016\/02\/Curso-FAM\u00cdLIA-2016.jpg 622w, https:\/\/portalfloresnoar.com\/floresnoar\/wp-content\/uploads\/2016\/02\/Curso-FAM\u00cdLIA-2016-201x300.jpg 201w\" sizes=\"(max-width: 622px) 100vw, 622px\" \/><\/p>\n<p>Est\u00e3o abertas as inscri\u00e7\u00f5es para o<strong>\u00a0Curso de Especializa\u00e7\u00e3o em Fam\u00edlia, com abordagem psicocorporal e sist\u00eamica<\/strong>. As aulas s\u00e3o mensais (uma sexta e s\u00e1bado do m\u00eas) e t\u00eam in\u00edcio no dia 8 de abril de 2016. A carga hor\u00e1ria total \u00e9 de 410 horas, com dura\u00e7\u00e3o de\u00a022 meses.<\/p>\n<p>O curso tem como objetivo capacitar o profissional, em n\u00edvel te\u00f3rico\/pr\u00e1tico, para a compreens\u00e3o da din\u00e2mica familiar, bem como desenvolver habilidades para o atendimento cl\u00ednico, objetivando a forma\u00e7\u00e3o de Terapeutas de Casal e Fam\u00edlia.<\/p>\n<p>O p\u00fablico-alvo s\u00e3o profissionais de n\u00edvel superior das \u00e1reas de Sa\u00fade, Educa\u00e7\u00e3o e Ci\u00eancias Humanas.<\/p>\n<p><strong>Mais informa\u00e7\u00f5es:<\/strong><br \/>\nFones: (81) 3268.3311\/ 3268.3596\/ 3441.7462\/ 9 9962.0289\/ 9 9721.2021<br \/>\nE-mail: libertas@libertas.com.br<\/p>\n","protected":false},"excerpt":{"rendered":"<p>Est\u00e3o abertas as inscri\u00e7\u00f5es para o\u00a0Curso de Especializa\u00e7\u00e3o em Fam\u00edlia, com abordagem psicocorporal e sist\u00eamica. As aulas s\u00e3o mensais (uma sexta e s\u00e1bado do m\u00eas) e t\u00eam in\u00edcio no dia 8 de abril de 2016. A carga hor\u00e1ria total \u00e9 de 410 horas, com dura\u00e7\u00e3o de\u00a022 meses. O curso tem como objetivo capacitar o profissional, [&hellip;]<\/p>\n","protected":false},"author":1,"featured_media":23821,"comment_status":"open","ping_status":"open","sticky":false,"template":"","format":"standard","meta":{"om_disable_all_campaigns":false,"_monsterinsights_skip_tracking":false,"_monsterinsights_sitenote_active":false,"_monsterinsights_sitenote_note":"","_monsterinsights_sitenote_category":0,"footnotes":""},"categories":[8,224,214],"tags":[167,138],"acf":[],"publishpress_future_action":{"enabled":false,"date":"1969-12-31 21:00:00","action":"","terms":[],"taxonomy":"","browser_timezone_offset":0},"_links":{"self":[{"href":"https:\/\/portalfloresnoar.com\/floresnoar\/wp-json\/wp\/v2\/posts\/23819"}],"collection":[{"href":"https:\/\/portalfloresnoar.com\/floresnoar\/wp-json\/wp\/v2\/posts"}],"about":[{"href":"https:\/\/portalfloresnoar.com\/floresnoar\/wp-json\/wp\/v2\/types\/post"}],"author":[{"embeddable":true,"href":"https:\/\/portalfloresnoar.com\/floresnoar\/wp-json\/wp\/v2\/users\/1"}],"replies":[{"embeddable":true,"href":"https:\/\/portalfloresnoar.com\/floresnoar\/wp-json\/wp\/v2\/comments?post=23819"}],"version-history":[{"count":0,"href":"https:\/\/portalfloresnoar.com\/floresnoar\/wp-json\/wp\/v2\/posts\/23819\/revisions"}],"wp:featuredmedia":[{"embeddable":true,"href":"https:\/\/portalfloresnoar.com\/floresnoar\/wp-json\/wp\/v2\/media\/23821"}],"wp:attachment":[{"href":"https:\/\/portalfloresnoar.com\/floresnoar\/wp-json\/wp\/v2\/media?parent=23819"}],"wp:term":[{"taxonomy":"category","embeddable":true,"href":"https:\/\/portalfloresnoar.com\/floresnoar\/wp-json\/wp\/v2\/categories?post=23819"},{"taxonomy":"post_tag","embeddable":true,"href":"https:\/\/portalfloresnoar.com\/floresnoar\/wp-json\/wp\/v2\/tags?post=23819"}],"curies":[{"name":"wp","href":"https:\/\/api.w.org\/{rel}","templated":true}]}}