

{"id":23815,"date":"2016-01-13T10:01:11","date_gmt":"2016-01-13T13:01:11","guid":{"rendered":"http:\/\/portalfloresnoar.com\/floresnoar\/?p=23815"},"modified":"2016-02-27T11:42:37","modified_gmt":"2016-02-27T14:42:37","slug":"palestra-gratuita-com-o-tema-necessidades-evolutivas-dia-252","status":"publish","type":"post","link":"https:\/\/portalfloresnoar.com\/floresnoar\/palestra-gratuita-com-o-tema-necessidades-evolutivas-dia-252\/","title":{"rendered":"Palestra gratuita com o tema &#8216;Necessidades Evolutivas&#8217; dia 25\/2"},"content":{"rendered":"<p><img decoding=\"async\" loading=\"lazy\" class=\"aligncenter size-full wp-image-23817\" alt=\"necessidades evolutivas\" src=\"http:\/\/portalfloresnoar.com\/floresnoar\/wp-content\/uploads\/2016\/02\/necessidades-evolutivas.jpg\" width=\"653\" height=\"487\" srcset=\"https:\/\/portalfloresnoar.com\/floresnoar\/wp-content\/uploads\/2016\/02\/necessidades-evolutivas.jpg 653w, https:\/\/portalfloresnoar.com\/floresnoar\/wp-content\/uploads\/2016\/02\/necessidades-evolutivas-300x223.jpg 300w, https:\/\/portalfloresnoar.com\/floresnoar\/wp-content\/uploads\/2016\/02\/necessidades-evolutivas-160x120.jpg 160w\" sizes=\"(max-width: 653px) 100vw, 653px\" \/><\/p>\n<p>&#8216;Necessidades Evolutivas&#8217;\u00a0\u00e9 tema de palestra gratuita a ser ministrada por Ricardo Magalh\u00e3es no dia\u00a025 de fevereiro, \u00e0s 20h, no\u00a0Intercampi Recife, em Boa Viagem. A entrada \u00e9 gratuita!<\/p>\n<p>&#8220;Abraham Maslow renomado psic\u00f3logo propositor da teoria da Hierarquia de necessidades reconheceu posteriormente a exist\u00eancia de outras necessidades fundamentais ao ser humano. A estas, a Conscienciologia chama de Necessidades de Evolutivas. Sua identifica\u00e7\u00e3o permite estabelecer a\u00e7\u00f5es l\u00facidas, priorit\u00e1rias e convergentes com nosso prop\u00f3sito de vida, gerando uma convic\u00e7\u00e3o \u00edntima de \u201crumo certo\u201d e motiva\u00e7\u00e3o di\u00e1ria pela vida&#8221;, explica Ricardo Magalh\u00e3es.<\/p>\n<p>Na palestra, o tema ser\u00e1 ampliado e ser\u00e3o abordados os seguintes t\u00f3picos:<br \/>\n&#8211; A diferen\u00e7a entre Vontade, Desejo e Necessidade.<br \/>\n&#8211; T\u00e9cnicas que auxiliam o levantamento das reais necessidades evolutivas<br \/>\n&#8211; Exemplos de necessidades evolutivas<\/p>\n<p>Professor: Ricardo Magalh\u00e3es &#8211; Graduado em Ci\u00eancias Cont\u00e1beis, Analista de Sistemas, Especialista em Gest\u00e3o de Pessoas ; Consultor de Empresas;\u00a0Brasileiro, Natural Recife, PE, Volunt\u00e1rio da Conscienciologia<br \/>\ndesde 2011; docente e palestrante da Conscienciologia desde 2013..<\/p>\n<p><strong>Dia:<\/strong> 25\/02\/2016<br \/>\n<strong>Hora:<\/strong> 20h \u00e0s 21h<br \/>\n<strong>Local:<\/strong> Sala do Intercampi &#8211;\u00a0Av. Domingos Ferreira, n\u00ba 2215 , sala 305, Boa Viagem, Recife\/PE<br \/>\n<strong>Contatos<\/strong>: contato.recife@intercampi.org \u2013 (81) 3463 4979<br \/>\n<b><\/b><\/p>\n<p><b>Mais informa\u00e7\u00f5es:<br \/>\n<\/b><a href=\" http:\/\/intercampi.org\/agenda\/pg-necessidades-evolutivas\/\" target=\"_blank\">http:\/\/intercampi.org\/agenda\/pg-necessidades-evolutivas\/<\/a><\/p>\n","protected":false},"excerpt":{"rendered":"<p>&#8216;Necessidades Evolutivas&#8217;\u00a0\u00e9 tema de palestra gratuita a ser ministrada por Ricardo Magalh\u00e3es no dia\u00a025 de fevereiro, \u00e0s 20h, no\u00a0Intercampi Recife, em Boa Viagem. A entrada \u00e9 gratuita! &#8220;Abraham Maslow renomado psic\u00f3logo propositor da teoria da Hierarquia de necessidades reconheceu posteriormente a exist\u00eancia de outras necessidades fundamentais ao ser humano. A estas, a Conscienciologia chama de [&hellip;]<\/p>\n","protected":false},"author":1,"featured_media":23816,"comment_status":"open","ping_status":"open","sticky":false,"template":"","format":"standard","meta":{"om_disable_all_campaigns":false,"_monsterinsights_skip_tracking":false,"_monsterinsights_sitenote_active":false,"_monsterinsights_sitenote_note":"","_monsterinsights_sitenote_category":0,"footnotes":""},"categories":[8,214],"tags":[119],"acf":[],"publishpress_future_action":{"enabled":false,"date":"1969-12-31 21:00:00","action":"","terms":[],"taxonomy":"","browser_timezone_offset":0},"_links":{"self":[{"href":"https:\/\/portalfloresnoar.com\/floresnoar\/wp-json\/wp\/v2\/posts\/23815"}],"collection":[{"href":"https:\/\/portalfloresnoar.com\/floresnoar\/wp-json\/wp\/v2\/posts"}],"about":[{"href":"https:\/\/portalfloresnoar.com\/floresnoar\/wp-json\/wp\/v2\/types\/post"}],"author":[{"embeddable":true,"href":"https:\/\/portalfloresnoar.com\/floresnoar\/wp-json\/wp\/v2\/users\/1"}],"replies":[{"embeddable":true,"href":"https:\/\/portalfloresnoar.com\/floresnoar\/wp-json\/wp\/v2\/comments?post=23815"}],"version-history":[{"count":0,"href":"https:\/\/portalfloresnoar.com\/floresnoar\/wp-json\/wp\/v2\/posts\/23815\/revisions"}],"wp:featuredmedia":[{"embeddable":true,"href":"https:\/\/portalfloresnoar.com\/floresnoar\/wp-json\/wp\/v2\/media\/23816"}],"wp:attachment":[{"href":"https:\/\/portalfloresnoar.com\/floresnoar\/wp-json\/wp\/v2\/media?parent=23815"}],"wp:term":[{"taxonomy":"category","embeddable":true,"href":"https:\/\/portalfloresnoar.com\/floresnoar\/wp-json\/wp\/v2\/categories?post=23815"},{"taxonomy":"post_tag","embeddable":true,"href":"https:\/\/portalfloresnoar.com\/floresnoar\/wp-json\/wp\/v2\/tags?post=23815"}],"curies":[{"name":"wp","href":"https:\/\/api.w.org\/{rel}","templated":true}]}}