

{"id":23698,"date":"2016-01-13T11:46:58","date_gmt":"2016-01-13T14:46:58","guid":{"rendered":"http:\/\/portalfloresnoar.com\/floresnoar\/?p=23698"},"modified":"2016-02-27T11:39:05","modified_gmt":"2016-02-27T14:39:05","slug":"curso-de-meditacao-das-rosas-com-felipe-lapa-dias-26-e-272-no-recife","status":"publish","type":"post","link":"https:\/\/portalfloresnoar.com\/floresnoar\/curso-de-meditacao-das-rosas-com-felipe-lapa-dias-26-e-272-no-recife\/","title":{"rendered":"Curso de Medita\u00e7\u00e3o das Rosas com Felipe Lapa dias 26 e 27\/2 no Recife"},"content":{"rendered":"<p><img decoding=\"async\" loading=\"lazy\" class=\"aligncenter size-full wp-image-23699\" alt=\"curso medita\u00e7\u00e3o das rosas\" src=\"http:\/\/portalfloresnoar.com\/floresnoar\/wp-content\/uploads\/2016\/02\/curso-medita\u00e7\u00e3o-das-rosas.jpg\" width=\"750\" height=\"398\" srcset=\"https:\/\/portalfloresnoar.com\/floresnoar\/wp-content\/uploads\/2016\/02\/curso-medita\u00e7\u00e3o-das-rosas.jpg 750w, https:\/\/portalfloresnoar.com\/floresnoar\/wp-content\/uploads\/2016\/02\/curso-medita\u00e7\u00e3o-das-rosas-300x159.jpg 300w\" sizes=\"(max-width: 750px) 100vw, 750px\" \/><\/p>\n<p>Nos dias 26 e 27 de fevereiro de 2016, o terapeuta Felipe Lapa facilita no Espa\u00e7o Gerar, no Recife, o Curso de Medita\u00e7\u00e3o das Rosas.\u00a0A Medita\u00e7\u00e3o das Rosas \u00e9 uma medita\u00e7\u00e3o ativa de visualiza\u00e7\u00f5es simples.\u00c9 uma ferramenta muito poderosa que existe para a limpeza energ\u00e9tica e prote\u00e7\u00e3o da aura.<\/p>\n<p>&#8220;Existem muitos tipos de energias na nossa aura: de outras pessoas, traumas, situa\u00e7\u00f5es, formas de pensamentos etc. A maior parte delas n\u00e3o nos pertence, pois ao entrarmos em contato com elas em nosso dia-a-dia sem termos consci\u00eancia da prote\u00e7\u00e3o de nossa aura, absorvemos tudo como uma esponja, nos identificamos com elas e acreditamos que s\u00e3o nossas&#8221;, declara Felipe Lapa.<\/p>\n<p>&#8220;A prote\u00e7\u00e3o energ\u00e9tica nos d\u00e1 a chave para vivermos com nossas pr\u00f3prias energias e, desta forma, manifestarmos em nossas vidas aquilo que verdadeiramente somos, ou seja, pura luz. Ao utilizar a Medita\u00e7\u00e3o das Rosas todos os dias, voc\u00ea ir\u00e1 perceber mudan\u00e7as significativas. Sentir\u00e1 mais leveza, muito mais energia para suas responsabilidades di\u00e1rias, sentir\u00e1 mais amor e compaix\u00e3o pelas pessoas, ter\u00e1 neutralidade, clareza, entre muitas outras coisas. Ao proteger a sua Aura, n\u00e3o mais cair\u00e1 em armadilhas emocionais e pensamentos negativos que tomam seu tempo, sua energia e n\u00e3o te levam \u00e0 evolu\u00e7\u00e3o. Com a limpeza, abrir\u00e1 espa\u00e7o para energias de coragem, aceita\u00e7\u00e3o, alegria, liberdade. Passar\u00e1 a ter for\u00e7a para materializar seus sonhos, sua miss\u00e3o e vivenci\u00e1-los com felicidade, paz interior e autorrealiza\u00e7\u00e3o!&#8221;<\/p>\n<p><strong>Data:<\/strong><br \/>\nDia 26\/2 (sexta), das 19h \u00e0s 22h<br \/>\nDia 27\/2 (s\u00e1bado) das 9h \u00e0s 18h<\/p>\n<p><strong>Local:<\/strong> GERAR &#8211; Arteterapia e Bem-Estar: Rua Jorge de Albuquerque, 103, Casa Forte, Recife\/PE<\/p>\n<p><strong>Investimento:<\/strong><br \/>\n\u00c0 Vista: R$ 250,00<br \/>\nou em 3x de R$ 90,00 (cheque ou cart\u00e3o)<br \/>\n<strong><br \/>\nEvento no Facebook: <\/strong><a href=\"https:\/\/www.facebook.com\/events\/1549039608743434\/\" target=\"_blank\">https:\/\/www.facebook.com\/events\/1549039608743434\/<\/a><\/p>\n<p><strong>Mais informa\u00e7\u00f5es\/Inscri\u00e7\u00f5es: <\/strong><br \/>\ncontato@fontesdeluz.com.br<br \/>\n(81) 9-8131.2129<\/p>\n","protected":false},"excerpt":{"rendered":"<p>Nos dias 26 e 27 de fevereiro de 2016, o terapeuta Felipe Lapa facilita no Espa\u00e7o Gerar, no Recife, o Curso de Medita\u00e7\u00e3o das Rosas.\u00a0A Medita\u00e7\u00e3o das Rosas \u00e9 uma medita\u00e7\u00e3o ativa de visualiza\u00e7\u00f5es simples.\u00c9 uma ferramenta muito poderosa que existe para a limpeza energ\u00e9tica e prote\u00e7\u00e3o da aura. &#8220;Existem muitos tipos de energias na [&hellip;]<\/p>\n","protected":false},"author":1,"featured_media":23699,"comment_status":"open","ping_status":"open","sticky":false,"template":"","format":"standard","meta":{"om_disable_all_campaigns":false,"_monsterinsights_skip_tracking":false,"_monsterinsights_sitenote_active":false,"_monsterinsights_sitenote_note":"","_monsterinsights_sitenote_category":0,"footnotes":""},"categories":[8,214],"tags":[246],"acf":[],"publishpress_future_action":{"enabled":false,"date":"1969-12-31 21:00:00","action":"","terms":[],"taxonomy":"","browser_timezone_offset":0},"_links":{"self":[{"href":"https:\/\/portalfloresnoar.com\/floresnoar\/wp-json\/wp\/v2\/posts\/23698"}],"collection":[{"href":"https:\/\/portalfloresnoar.com\/floresnoar\/wp-json\/wp\/v2\/posts"}],"about":[{"href":"https:\/\/portalfloresnoar.com\/floresnoar\/wp-json\/wp\/v2\/types\/post"}],"author":[{"embeddable":true,"href":"https:\/\/portalfloresnoar.com\/floresnoar\/wp-json\/wp\/v2\/users\/1"}],"replies":[{"embeddable":true,"href":"https:\/\/portalfloresnoar.com\/floresnoar\/wp-json\/wp\/v2\/comments?post=23698"}],"version-history":[{"count":0,"href":"https:\/\/portalfloresnoar.com\/floresnoar\/wp-json\/wp\/v2\/posts\/23698\/revisions"}],"wp:featuredmedia":[{"embeddable":true,"href":"https:\/\/portalfloresnoar.com\/floresnoar\/wp-json\/wp\/v2\/media\/23699"}],"wp:attachment":[{"href":"https:\/\/portalfloresnoar.com\/floresnoar\/wp-json\/wp\/v2\/media?parent=23698"}],"wp:term":[{"taxonomy":"category","embeddable":true,"href":"https:\/\/portalfloresnoar.com\/floresnoar\/wp-json\/wp\/v2\/categories?post=23698"},{"taxonomy":"post_tag","embeddable":true,"href":"https:\/\/portalfloresnoar.com\/floresnoar\/wp-json\/wp\/v2\/tags?post=23698"}],"curies":[{"name":"wp","href":"https:\/\/api.w.org\/{rel}","templated":true}]}}