

{"id":23661,"date":"2016-09-01T10:45:02","date_gmt":"2016-09-01T13:45:02","guid":{"rendered":"http:\/\/portalfloresnoar.com\/floresnoar\/?p=23661"},"modified":"2016-12-15T11:32:55","modified_gmt":"2016-12-15T14:32:55","slug":"gerar-disponibiliza-salas-para-sub-locacao","status":"publish","type":"post","link":"https:\/\/portalfloresnoar.com\/floresnoar\/gerar-disponibiliza-salas-para-sub-locacao\/","title":{"rendered":"Espa\u00e7o Gerar disponibiliza salas para sub-loca\u00e7\u00e3o"},"content":{"rendered":"<p style=\"text-align: left;\"><img decoding=\"async\" loading=\"lazy\" class=\"wp-image-23663 alignleft\" alt=\"espa\u00e7o gerar\" src=\"http:\/\/portalfloresnoar.com\/floresnoar\/wp-content\/uploads\/2016\/02\/espa\u00e7o-gerar.jpg\" width=\"246\" height=\"327\" srcset=\"https:\/\/portalfloresnoar.com\/floresnoar\/wp-content\/uploads\/2016\/02\/espa\u00e7o-gerar.jpg 730w, https:\/\/portalfloresnoar.com\/floresnoar\/wp-content\/uploads\/2016\/02\/espa\u00e7o-gerar-225x300.jpg 225w\" sizes=\"(max-width: 246px) 100vw, 246px\" \/>O Espa\u00e7o Gerar, em Casa Forte, oferece salas para sub-loca\u00e7\u00e3o por turno, voltadas a terapeutas de diversas \u00e1reas que desejem um espa\u00e7o com infra-estrutura adequada e servi\u00e7os de secretaria e divulga\u00e7\u00e3o.<\/p>\n<p>O valor do turno \u00e9 de R$ 300,00. J\u00e1 o sal\u00e3o, com capacidade para grupo custa R$ 35,00 a hora (durante a semana, at\u00e9 meio-dia do s\u00e1bado). S\u00e1bado (ap\u00f3s meio-dia) e domingo \u00e9 R$ 45 a hora.<\/p>\n<p>Os interessados devem entrar em contato pelo telefone: (81) 3268.1749<\/p>\n<p><strong><strong><\/strong>GERAR ARTETERAPIA E BEM-ESTAR<br \/>\nEndere\u00e7o:<\/strong> Rua Jorge de Albuquerque, 103, Casa Forte, Recife-PE<br \/>\n<strong>Telefone:<\/strong> (81) 3268-1749<br \/>\n<strong>Blog:<\/strong><a href=\" http:\/\/www.gerararteterapiaebemestar.com\/\" target=\"_blank\"> http:\/\/www.gerararteterapiaebemestar.com\/<\/a><\/p>\n<p>&nbsp;<\/p>\n<p>&nbsp;<\/p>\n<p><em>Confira abaixo mais fotos do Gerar:<\/em><\/p>\n<p style=\"text-align: center;\"><img decoding=\"async\" loading=\"lazy\" class=\"aligncenter  wp-image-10394\" alt=\"4\" src=\"http:\/\/portalfloresnoar.com\/floresnoar\/wp-content\/uploads\/2013\/07\/4.jpg\" width=\"435\" height=\"581\" \/><\/p>\n<p style=\"text-align: center;\"><img decoding=\"async\" loading=\"lazy\" class=\"aligncenter  wp-image-10395\" alt=\"5\" src=\"http:\/\/portalfloresnoar.com\/floresnoar\/wp-content\/uploads\/2013\/07\/5.jpg\" width=\"598\" height=\"448\" \/><\/p>\n<p style=\"text-align: center;\"><img decoding=\"async\" loading=\"lazy\" class=\"aligncenter  wp-image-10396\" alt=\"6\" src=\"http:\/\/portalfloresnoar.com\/floresnoar\/wp-content\/uploads\/2013\/07\/6.jpg\" width=\"598\" height=\"448\" \/><\/p>\n<p style=\"text-align: center;\"><img decoding=\"async\" loading=\"lazy\" class=\"aligncenter  wp-image-10393\" alt=\"3\" src=\"http:\/\/portalfloresnoar.com\/floresnoar\/wp-content\/uploads\/2013\/07\/3.jpg\" width=\"581\" height=\"436\" \/><\/p>\n<p style=\"text-align: center;\"><img decoding=\"async\" loading=\"lazy\" class=\"aligncenter  wp-image-10392\" alt=\"2\" src=\"http:\/\/portalfloresnoar.com\/floresnoar\/wp-content\/uploads\/2013\/07\/2.jpg\" width=\"588\" height=\"442\" \/><\/p>\n<p>&nbsp;<\/p>\n","protected":false},"excerpt":{"rendered":"<p>O Espa\u00e7o Gerar, em Casa Forte, oferece salas para sub-loca\u00e7\u00e3o por turno, voltadas a terapeutas de diversas \u00e1reas que desejem um espa\u00e7o com infra-estrutura adequada e servi\u00e7os de secretaria e divulga\u00e7\u00e3o. O valor do turno \u00e9 de R$ 300,00. J\u00e1 o sal\u00e3o, com capacidade para grupo custa R$ 35,00 a hora (durante a semana, at\u00e9 [&hellip;]<\/p>\n","protected":false},"author":1,"featured_media":23662,"comment_status":"open","ping_status":"open","sticky":false,"template":"","format":"standard","meta":{"om_disable_all_campaigns":false,"_monsterinsights_skip_tracking":false,"_monsterinsights_sitenote_active":false,"_monsterinsights_sitenote_note":"","_monsterinsights_sitenote_category":0,"footnotes":""},"categories":[8,214],"tags":[243,127],"acf":[],"publishpress_future_action":{"enabled":false,"date":"1969-12-31 21:00:00","action":"","terms":[],"taxonomy":"","browser_timezone_offset":0},"_links":{"self":[{"href":"https:\/\/portalfloresnoar.com\/floresnoar\/wp-json\/wp\/v2\/posts\/23661"}],"collection":[{"href":"https:\/\/portalfloresnoar.com\/floresnoar\/wp-json\/wp\/v2\/posts"}],"about":[{"href":"https:\/\/portalfloresnoar.com\/floresnoar\/wp-json\/wp\/v2\/types\/post"}],"author":[{"embeddable":true,"href":"https:\/\/portalfloresnoar.com\/floresnoar\/wp-json\/wp\/v2\/users\/1"}],"replies":[{"embeddable":true,"href":"https:\/\/portalfloresnoar.com\/floresnoar\/wp-json\/wp\/v2\/comments?post=23661"}],"version-history":[{"count":0,"href":"https:\/\/portalfloresnoar.com\/floresnoar\/wp-json\/wp\/v2\/posts\/23661\/revisions"}],"wp:featuredmedia":[{"embeddable":true,"href":"https:\/\/portalfloresnoar.com\/floresnoar\/wp-json\/wp\/v2\/media\/23662"}],"wp:attachment":[{"href":"https:\/\/portalfloresnoar.com\/floresnoar\/wp-json\/wp\/v2\/media?parent=23661"}],"wp:term":[{"taxonomy":"category","embeddable":true,"href":"https:\/\/portalfloresnoar.com\/floresnoar\/wp-json\/wp\/v2\/categories?post=23661"},{"taxonomy":"post_tag","embeddable":true,"href":"https:\/\/portalfloresnoar.com\/floresnoar\/wp-json\/wp\/v2\/tags?post=23661"}],"curies":[{"name":"wp","href":"https:\/\/api.w.org\/{rel}","templated":true}]}}